{"id":24781,"date":"2026-05-26T12:26:00","date_gmt":"2026-05-26T10:26:00","guid":{"rendered":"https:\/\/magazinetest.atomic4dev.net\/?p=24781"},"modified":"2026-05-26T12:26:03","modified_gmt":"2026-05-26T10:26:03","slug":"080-barcelona-fashion","status":"publish","type":"post","link":"https:\/\/magazinetest.atomic4dev.net\/es\/080-barcelona-fashion\/","title":{"rendered":"080 Barcelona Fashion 2026: fechas clave y d\u00f3nde alquilar un espacio para eventos, showroom o activaci\u00f3n de marca"},"content":{"rendered":"\n<p class=\"wp-block-paragraph\">Si est\u00e1s buscando las fechas de <strong>080 Barcelona Fashion 2026<\/strong>, la referencia oficial m\u00e1s importante es la 37.\u00aa edici\u00f3n, celebrada del <strong>14 al 17 de abril de 2026<\/strong> en Barcelona. Esta edici\u00f3n tuvo lugar en el entorno de <strong>Port Vell y Marina Vela<\/strong>, con una programaci\u00f3n centrada en desfiles, talento emergente, marcas consolidadas y proyecci\u00f3n internacional.&nbsp;<\/p>\n\n\n\n<p class=\"wp-block-paragraph\">Pero para una marca, saber las fechas es solo el primer paso.<\/p>\n\n\n\n<p class=\"wp-block-paragraph\">La verdadera pregunta suele ser otra: <strong>qu\u00e9 tipo de espacio necesitas en Barcelona durante 080 Barcelona Fashion<\/strong>. Algunas marcas lo buscan como alquiler de espacio para evento, otras como showroom temporal, otras como espacio para activaci\u00f3n de marca, y solo una parte lo identifica directamente como pop-up store.<\/p>\n\n\n\n<p class=\"wp-block-paragraph\">Precisamente por eso, si quieres aprovechar bien el contexto de la 080, conviene pensar Barcelona desde una l\u00f3gica m\u00e1s amplia: <strong>espacio + formato + objetivo comercial<\/strong>. Esa lectura encaja especialmente bien con la forma en que Go\u2014PopUp presenta su oferta en Barcelona, combinando <strong>pop-up stores en Barcelona<\/strong>, <strong>event venues<\/strong>, showrooms, espacios para lanzamientos, activaciones de marca y localizaciones creativas para proyectos temporales.<\/p>\n\n\n<div class=\"wp-block-image\">\n<figure class=\"aligncenter size-full\"><a href=\"http:\/\/magazinetest.atomic4dev.net\/wp-content\/uploads\/2026\/05\/c59710a0bcd83bfe3402beda3d8f0166.jpg\"><img loading=\"lazy\" decoding=\"async\" width=\"736\" height=\"552\" src=\"http:\/\/magazinetest.atomic4dev.net\/wp-content\/uploads\/2026\/05\/c59710a0bcd83bfe3402beda3d8f0166.jpg\" alt=\"\" class=\"wp-image-24986\" srcset=\"https:\/\/magazinetest.atomic4dev.net\/wp-content\/uploads\/2026\/05\/c59710a0bcd83bfe3402beda3d8f0166.jpg 736w, https:\/\/magazinetest.atomic4dev.net\/wp-content\/uploads\/2026\/05\/c59710a0bcd83bfe3402beda3d8f0166-300x225.jpg 300w, https:\/\/magazinetest.atomic4dev.net\/wp-content\/uploads\/2026\/05\/c59710a0bcd83bfe3402beda3d8f0166-24x18.jpg 24w, https:\/\/magazinetest.atomic4dev.net\/wp-content\/uploads\/2026\/05\/c59710a0bcd83bfe3402beda3d8f0166-36x27.jpg 36w, https:\/\/magazinetest.atomic4dev.net\/wp-content\/uploads\/2026\/05\/c59710a0bcd83bfe3402beda3d8f0166-48x36.jpg 48w\" sizes=\"auto, (max-width: 736px) 100vw, 736px\" \/><\/a><\/figure>\n<\/div>\n\n\n<h2 class=\"wp-block-heading\"><strong>Fechas de 080 Barcelona Fashion 2026 de un vistazo<\/strong><\/h2>\n\n\n\n<p class=\"wp-block-paragraph\">Estas son las fechas oficiales que deber\u00edas usar como referencia:<\/p>\n\n\n\n<ul class=\"wp-block-list\">\n<li><strong>080 Barcelona Fashion 2026, 37.\u00aa edici\u00f3n:<\/strong> del martes <strong>14 al viernes 17 de abril de 2026<\/strong><\/li>\n\n\n\n<li><strong>Ubicaci\u00f3n principal:<\/strong> Port Vell \/ Marina Vela, Barcelona<\/li>\n\n\n\n<li><strong>Formato:<\/strong> 26 desfiles con marcas consolidadas, empresas internacionales y talentos emergentes&nbsp;<\/li>\n<\/ul>\n\n\n\n<p class=\"wp-block-paragraph\">Este punto es importante porque muchas b\u00fasquedas sobre fashion weeks mezclan calendarios antiguos, ubicaciones anteriores o ediciones ya celebradas en otros espacios de la ciudad. En 2026, la referencia confirmada para la 080 pasa por esta ventana de abril y por su traslado al frente mar\u00edtimo de Barcelona.<\/p>\n\n\n\n<p class=\"wp-block-paragraph\">Tambi\u00e9n conviene recordar que 080 Barcelona Fashion no funciona igual que las grandes fashion weeks internacionales con varias semanas globales claramente separadas por temporada. Aqu\u00ed la oportunidad para las marcas est\u00e1 mucho m\u00e1s ligada al contexto local, al calendario oficial de la plataforma y a la capacidad de activar Barcelona en torno a ese momento.<\/p>\n\n\n\n<h2 class=\"wp-block-heading\"><strong>Por qu\u00e9 080 Barcelona Fashion importa a las marcas m\u00e1s all\u00e1 del calendario<\/strong><\/h2>\n\n\n\n<p class=\"wp-block-paragraph\">Barcelona no se entiende igual que Par\u00eds, Londres o Mil\u00e1n.<\/p>\n\n\n\n<p class=\"wp-block-paragraph\">En la 080, el valor no est\u00e1 solo en el calendario de desfiles. Est\u00e1 en la combinaci\u00f3n de <strong>moda, dise\u00f1o, creatividad, ciudad, talento emergente, sostenibilidad, cultura mediterr\u00e1nea y activaci\u00f3n de marca<\/strong>. La propia plataforma define 080 Barcelona Fashion como un proyecto que impulsa la transformaci\u00f3n del sector de la moda en Catalu\u00f1a a trav\u00e9s de la innovaci\u00f3n y la creatividad, adem\u00e1s de promover valores como sostenibilidad, circularidad y diversidad.<\/p>\n\n\n\n<p class=\"wp-block-paragraph\">Para muchas marcas, 080 Barcelona Fashion no es solo una semana de pasarela. Es una oportunidad para:<\/p>\n\n\n\n<ul class=\"wp-block-list\">\n<li>Testar mercado en Barcelona<\/li>\n\n\n\n<li>Organizar reuniones con prensa, buyers o partners<\/li>\n\n\n\n<li>Lanzar una colecci\u00f3n o c\u00e1psula<\/li>\n\n\n\n<li>Activar una marca en un entorno culturalmente relevante<\/li>\n\n\n\n<li>Cenerar contenido, PR y comunidad<\/li>\n\n\n\n<li>Conectar con p\u00fablicos interesados en moda, dise\u00f1o, lifestyle y creatividad<\/li>\n\n\n\n<li>Crear una presencia f\u00edsica temporal durante una semana de alta conversaci\u00f3n sectorial<\/li>\n<\/ul>\n\n\n\n<p class=\"wp-block-paragraph\">Y aqu\u00ed hay un punto estrat\u00e9gico importante para Go\u2014PopUp: muchas de estas acciones no empiezan buscando \u201cpop-up store\u201d, sino algo m\u00e1s amplio como <strong>alquiler de espacio en Barcelona<\/strong>, <strong>event venue<\/strong>, <strong>showroom de moda<\/strong>, <strong>lanzamiento de producto<\/strong> o <strong>activaci\u00f3n de marca<\/strong>.<\/p>\n\n\n\n<p class=\"wp-block-paragraph\">De hecho, la propia b\u00fasqueda de espacios de Go\u2014PopUp para Barcelona contempla categor\u00edas como <strong>Pop Up Venta, Evento corporativo, Showroom de moda, Lanzamiento de producto, Desfile de moda, Exposici\u00f3n arte, Rodaje\/Fotos y Activaci\u00f3n de marca<\/strong>.&nbsp;<\/p>\n\n\n\n<p class=\"wp-block-paragraph\">En 080 Barcelona Fashion, la pregunta no es solo \u201ccu\u00e1ndo sucede\u201d, sino \u201cqu\u00e9 tipo de espacio necesita tu marca para aprovechar bien el momento\u201d.<\/p>\n\n\n\n<p class=\"wp-block-paragraph\">No se trata solo de fechas, sino del formato y el espacio adecuado.<\/p>\n\n\n\n<p class=\"wp-block-paragraph\">[Visual suggestion: image of Barcelona during 080 Barcelona Fashion, Port Vell or a fashion activation in an urban space.]<\/p>\n\n\n<div class=\"wp-block-image\">\n<figure class=\"aligncenter size-full\"><a href=\"http:\/\/magazinetest.atomic4dev.net\/wp-content\/uploads\/2026\/05\/9c823af3ab88055527792947c30e5038.jpg\"><img loading=\"lazy\" decoding=\"async\" width=\"980\" height=\"653\" src=\"http:\/\/magazinetest.atomic4dev.net\/wp-content\/uploads\/2026\/05\/9c823af3ab88055527792947c30e5038.jpg\" alt=\"\" class=\"wp-image-24994\" srcset=\"https:\/\/magazinetest.atomic4dev.net\/wp-content\/uploads\/2026\/05\/9c823af3ab88055527792947c30e5038.jpg 980w, https:\/\/magazinetest.atomic4dev.net\/wp-content\/uploads\/2026\/05\/9c823af3ab88055527792947c30e5038-300x200.jpg 300w, https:\/\/magazinetest.atomic4dev.net\/wp-content\/uploads\/2026\/05\/9c823af3ab88055527792947c30e5038-768x512.jpg 768w, https:\/\/magazinetest.atomic4dev.net\/wp-content\/uploads\/2026\/05\/9c823af3ab88055527792947c30e5038-24x16.jpg 24w, https:\/\/magazinetest.atomic4dev.net\/wp-content\/uploads\/2026\/05\/9c823af3ab88055527792947c30e5038-36x24.jpg 36w, https:\/\/magazinetest.atomic4dev.net\/wp-content\/uploads\/2026\/05\/9c823af3ab88055527792947c30e5038-48x32.jpg 48w\" sizes=\"auto, (max-width: 980px) 100vw, 980px\" \/><\/a><\/figure>\n<\/div>\n\n\n<h2 class=\"wp-block-heading\"><strong>Qu\u00e9 edici\u00f3n o momento de 080 Barcelona Fashion 2026 le conviene m\u00e1s a tu marca<\/strong><\/h2>\n\n\n\n<p class=\"wp-block-paragraph\">A diferencia de otras fashion weeks europeas, en 2026 la referencia oficial confirmada para la 080 se concentra en la edici\u00f3n de abril. Eso obliga a las marcas a pensar de forma m\u00e1s precisa: no se trata de escoger entre muchas ventanas, sino de decidir <strong>c\u00f3mo aprovechar una ventana especialmente concentrada<\/strong>. <\/p>\n\n\n\n<h3 class=\"wp-block-heading\"><strong>Abril 2026: una ventana para industria, visibilidad y activaciones en ciudad<\/strong><\/h3>\n\n\n\n<p class=\"wp-block-paragraph\">La edici\u00f3n celebrada del 14 al 17 de abril de 2026 tuvo un peso claro como momento de visibilidad para Barcelona. El traslado a Port Vell reforz\u00f3 una lectura m\u00e1s abierta, mar\u00edtima e internacional de la pasarela, con una programaci\u00f3n de 26 desfiles y una mezcla de marcas consolidadas, empresas internacionales y talento emergente.&nbsp;<\/p>\n\n\n\n<p class=\"wp-block-paragraph\">Suele tener sentido para marcas que quieren:<\/p>\n\n\n\n<ul class=\"wp-block-list\">\n<li>Alquilar un showroom temporal<\/li>\n\n\n\n<li>Organizar una presentaci\u00f3n privada<\/li>\n\n\n\n<li>Celebrar un evento con prensa o invitados<\/li>\n\n\n\n<li>Crear una activaci\u00f3n experiencial<\/li>\n\n\n\n<li>Lanzar producto en Barcelona<\/li>\n\n\n\n<li>Organizar una pop-up store vinculada a moda, lifestyle o dise\u00f1o<\/li>\n\n\n\n<li>Producir contenido durante una semana de conversaci\u00f3n sectorial<\/li>\n<\/ul>\n\n\n\n<p class=\"wp-block-paragraph\">Si tu marca necesita combinar <strong>visibilidad, relaciones profesionales y presencia f\u00edsica en Barcelona<\/strong>, la 080 puede ser una ventana muy eficiente.<\/p>\n\n\n\n<h3 class=\"wp-block-heading\"><strong>Despu\u00e9s de la edici\u00f3n: una oportunidad para activar el aprendizaje<\/strong><\/h3>\n\n\n\n<p class=\"wp-block-paragraph\">Aunque la edici\u00f3n de abril ya haya pasado, el valor estrat\u00e9gico no desaparece. Para muchas marcas, 080 Barcelona Fashion 2026 sirve tambi\u00e9n como referencia para planificar futuras activaciones en Barcelona: qu\u00e9 zonas funcionan, qu\u00e9 formatos tienen sentido, qu\u00e9 tipo de p\u00fablico se mueve alrededor del evento y qu\u00e9 nivel de anticipaci\u00f3n exige una ejecuci\u00f3n bien planteada.<\/p>\n\n\n\n<p class=\"wp-block-paragraph\">En este sentido, el calendario no deber\u00eda leerse solo como una fecha cerrada, sino como una se\u00f1al de planificaci\u00f3n para futuras ediciones y momentos de moda en la ciudad.<\/p>\n\n\n\n<h2 class=\"wp-block-heading\"><strong>Por qu\u00e9 Barcelona no puede plantearse igual que Par\u00eds o Londres<\/strong><\/h2>\n\n\n\n<p class=\"wp-block-paragraph\">Aqu\u00ed est\u00e1 una de las claves del art\u00edculo.<\/p>\n\n\n\n<p class=\"wp-block-paragraph\">En el caso de <a href=\"https:\/\/magazinetest.atomic4dev.net\/es\/paris-fashion-week\/\">Par\u00eds,<\/a> el calendario permite trabajar grandes momentos internacionales repartidos a lo largo del a\u00f1o. En <a href=\"https:\/\/magazinetest.atomic4dev.net\/es\/london-fashion-week\/\">Londres<\/a>, el foco se concentra especialmente en sus ediciones principales de febrero y septiembre. En Barcelona, en cambio, la l\u00f3gica es diferente.<\/p>\n\n\n\n<p class=\"wp-block-paragraph\">La 080 no compite por escala con Par\u00eds o Londres. Compite por <strong>contexto, identidad, proximidad, creatividad y conexi\u00f3n con una ciudad especialmente fuerte en dise\u00f1o, retail, turismo, cultura y lifestyle<\/strong>.<\/p>\n\n\n\n<p class=\"wp-block-paragraph\">Eso implica varias cosas para una marca:<\/p>\n\n\n\n<ul class=\"wp-block-list\">\n<li>La planificaci\u00f3n debe estar muy ligada al calendario oficial de la 080<\/li>\n\n\n\n<li>El espacio elegido pesa mucho en la percepci\u00f3n de marca<\/li>\n\n\n\n<li>Barcelona permite formatos m\u00e1s h\u00edbridos entre evento, showroom, retail y experiencia<\/li>\n\n\n\n<li>El componente local y urbano puede ser tan importante como el componente puramente sectorial<\/li>\n\n\n\n<li>La activaci\u00f3n no tiene por qu\u00e9 estar dentro del calendario oficial para beneficiarse del momento<\/li>\n<\/ul>\n\n\n\n<p class=\"wp-block-paragraph\">Dicho de otra forma: Barcelona exige precisi\u00f3n, pero tambi\u00e9n flexibilidad. No basta con \u201cestar\u201d durante la 080. Hay que decidir <strong>c\u00f3mo vas a estar, en qu\u00e9 barrio, con qu\u00e9 formato y para qu\u00e9 objetivo comercial<\/strong>.<\/p>\n\n\n<div class=\"wp-block-image\">\n<figure class=\"aligncenter size-large\"><a href=\"http:\/\/magazinetest.atomic4dev.net\/wp-content\/uploads\/2026\/05\/8c04760ef39b42233b8aef7cea7aa63a.jpg\"><img loading=\"lazy\" decoding=\"async\" width=\"683\" height=\"1024\" src=\"http:\/\/magazinetest.atomic4dev.net\/wp-content\/uploads\/2026\/05\/8c04760ef39b42233b8aef7cea7aa63a-683x1024.jpg\" alt=\"\" class=\"wp-image-24989\" srcset=\"https:\/\/magazinetest.atomic4dev.net\/wp-content\/uploads\/2026\/05\/8c04760ef39b42233b8aef7cea7aa63a-683x1024.jpg 683w, https:\/\/magazinetest.atomic4dev.net\/wp-content\/uploads\/2026\/05\/8c04760ef39b42233b8aef7cea7aa63a-200x300.jpg 200w, https:\/\/magazinetest.atomic4dev.net\/wp-content\/uploads\/2026\/05\/8c04760ef39b42233b8aef7cea7aa63a-768x1152.jpg 768w, https:\/\/magazinetest.atomic4dev.net\/wp-content\/uploads\/2026\/05\/8c04760ef39b42233b8aef7cea7aa63a-16x24.jpg 16w, https:\/\/magazinetest.atomic4dev.net\/wp-content\/uploads\/2026\/05\/8c04760ef39b42233b8aef7cea7aa63a-24x36.jpg 24w, https:\/\/magazinetest.atomic4dev.net\/wp-content\/uploads\/2026\/05\/8c04760ef39b42233b8aef7cea7aa63a-32x48.jpg 32w, https:\/\/magazinetest.atomic4dev.net\/wp-content\/uploads\/2026\/05\/8c04760ef39b42233b8aef7cea7aa63a.jpg 1000w\" sizes=\"auto, (max-width: 683px) 100vw, 683px\" \/><\/a><\/figure>\n<\/div>\n\n\n<h2 class=\"wp-block-heading\"><strong>D\u00f3nde alquilar un espacio para un evento en Barcelona durante 080 Barcelona Fashion<\/strong><\/h2>\n\n\n\n<p class=\"wp-block-paragraph\">Go\u2014PopUp ya trabaja Barcelona como una ciudad clave dentro de su oferta, con una selecci\u00f3n de <strong>pop-up stores<\/strong>, espacios para eventos, venues industriales, galer\u00edas, rooftops y espacios premium en zonas estrat\u00e9gicas de la ciudad.&nbsp;<\/p>\n\n\n\n<p class=\"wp-block-paragraph\">En una semana como 080 Barcelona Fashion, la elecci\u00f3n del barrio no es un detalle operativo. Es parte del posicionamiento.<\/p>\n\n\n\n<h3 class=\"wp-block-heading\"><\/h3>\n\n\n\n<figure class=\"wp-block-table\"><table class=\"has-fixed-layout\"><tbody><tr><td><strong>Zona de Barcelona<\/strong><\/td><td><strong>Mejor para<\/strong><\/td><td><strong>Formatos recomendados<\/strong><\/td><td><strong>Lectura de marca<\/strong><\/td><\/tr><tr><td><strong>Eixample y Passeig de Gr\u00e0cia<\/strong><\/td><td>Visibilidad, premium retail y presencia urbana<\/td><td>Pop-up store, lanzamiento de producto, evento de marca<\/td><td>C\u00e9ntrica, aspiracional, comercial y premium<\/td><\/tr><tr><td><strong>El Born y Ciutat Vella<\/strong><\/td><td>Moda, dise\u00f1o, creatividad y experiencia urbana<\/td><td>Pop-up con narrativa, showroom creativo, presentaci\u00f3n con prensa<\/td><td>Boutique, cultural, tur\u00edstica y creativa<\/td><\/tr><tr><td><strong>Poblenou y zonas creativas<\/strong><\/td><td>Activaciones culturales, industriales o experimentales<\/td><td>Evento h\u00edbrido, activaci\u00f3n de contenido, fashion tech, shooting<\/td><td>Experimental, contempor\u00e1nea, community-led<\/td><\/tr><tr><td><strong>Port Vell, Barceloneta y frente mar\u00edtimo<\/strong><\/td><td>Conectar con el contexto 080 Barcelona Fashion 2026<\/td><td>Activaci\u00f3n premium, evento con invitados, aftershow, lanzamiento visual<\/td><td>Mediterr\u00e1nea, internacional, lifestyle y experiencial<\/td><\/tr><tr><td><strong>Gr\u00e0cia, Sant Gervasi y espacios privados<\/strong><\/td><td>Showrooms, citas privadas y presentaciones controladas<\/td><td>Showroom temporal, appointments, presentaci\u00f3n privada, reuniones con buyers<\/td><td>Selectiva, privada, premium y profesional<\/td><\/tr><\/tbody><\/table><\/figure>\n\n\n\n<h2 class=\"wp-block-heading\"><strong>Qu\u00e9 formato conviene m\u00e1s: pop-up store, showroom o espacio para evento<\/strong><\/h2>\n\n\n\n<p class=\"wp-block-paragraph\">Uno de los errores m\u00e1s comunes es pensar que durante una fashion week todo pasa por una pop-up store tradicional.<\/p>\n\n\n\n<p class=\"wp-block-paragraph\">No es as\u00ed.<\/p>\n\n\n\n<p class=\"wp-block-paragraph\">Go\u2014PopUp ya articula Barcelona desde una l\u00f3gica mucho m\u00e1s amplia: pop-up stores, espacios para eventos, brand activations, showrooms, lanzamientos, rodajes, exposiciones y formatos h\u00edbridos.&nbsp;<\/p>\n\n\n\n<p class=\"wp-block-paragraph\">Eso permite adaptar el proyecto a c\u00f3mo lo formula cada marca, no a una \u00fanica etiqueta.<\/p>\n\n\n\n<h3 class=\"wp-block-heading\"><strong>Pop-up store<\/strong><\/h3>\n\n\n\n<p class=\"wp-block-paragraph\">Tiene sentido si quieres:<\/p>\n\n\n\n<ul class=\"wp-block-list\">\n<li>Vender<\/li>\n\n\n\n<li>Testar demanda<\/li>\n\n\n\n<li>Generar visibilidad en calle<\/li>\n\n\n\n<li>Crear una presencia comercial temporal<\/li>\n\n\n\n<li>Validar Barcelona como mercado<\/li>\n\n\n\n<li>Conectar con p\u00fablico final durante la semana de moda<\/li>\n<\/ul>\n\n\n\n<p class=\"wp-block-paragraph\">Una pop-up store funciona especialmente bien cuando la marca tiene producto listo para mostrar, vender o probar, y cuando la ubicaci\u00f3n aporta tr\u00e1fico, escaparate o contexto de marca.<\/p>\n\n\n\n<h3 class=\"wp-block-heading\"><strong>Showroom<\/strong><\/h3>\n\n\n\n<p class=\"wp-block-paragraph\">Encaja mejor si buscas:<\/p>\n\n\n\n<ul class=\"wp-block-list\">\n<li>Buyer meetings<\/li>\n\n\n\n<li>Prensa<\/li>\n\n\n\n<li>Appointments<\/li>\n\n\n\n<li>Presentaci\u00f3n de colecci\u00f3n<\/li>\n\n\n\n<li>Entorno m\u00e1s controlado<\/li>\n\n\n\n<li>Menos dependencia de tr\u00e1fico peatonal<\/li>\n\n\n\n<li>Experiencia m\u00e1s privada o premium<\/li>\n<\/ul>\n\n\n\n<p class=\"wp-block-paragraph\">El showroom suele ser la opci\u00f3n m\u00e1s eficiente para marcas que no quieren necesariamente vender al p\u00fablico, sino <strong>crear conversaciones cualificadas<\/strong> durante la 080.<\/p>\n\n\n\n<h3 class=\"wp-block-heading\"><strong>Espacio para evento o activaci\u00f3n de marca<\/strong><\/h3>\n\n\n\n<p class=\"wp-block-paragraph\">Es la mejor opci\u00f3n cuando el objetivo principal es:<\/p>\n\n\n\n<ul class=\"wp-block-list\">\n<li>Notoriedad<\/li>\n\n\n\n<li>Experiencia de marca<\/li>\n\n\n\n<li>Contenido<\/li>\n\n\n\n<li>PR<\/li>\n\n\n\n<li>Comunidad<\/li>\n\n\n\n<li>Lanzamiento con invitados<\/li>\n\n\n\n<li>Formato h\u00edbrido entre evento, moda, cultura y lifestyle<\/li>\n<\/ul>\n\n\n\n<p class=\"wp-block-paragraph\">Este tercer bloque es clave para Go\u2014PopUp, porque conecta mucho mejor con c\u00f3mo muchas marcas formulan la necesidad real: no \u201cquiero una pop-up store\u201d, sino <strong>\u201cnecesito alquilar un espacio en Barcelona para una activaci\u00f3n durante 080 Barcelona Fashion\u201d<\/strong>.<\/p>\n\n\n\n<p class=\"wp-block-paragraph\">Una activaci\u00f3n durante la 080 no tiene por qu\u00e9 parecer una tienda. Puede ser un showroom, una experiencia, una cena privada, una presentaci\u00f3n, un shooting, una exposici\u00f3n o un evento con comunidad.<\/p>\n\n\n\n<p class=\"wp-block-paragraph\">[<strong>INFOGRAFIA DE QUAL FORMATO CONVIENE M\u00c1S PARA LA 080 BARCELONA]<\/strong><\/p>\n\n\n\n<h2 class=\"wp-block-heading\"><strong>Cu\u00e1ndo deber\u00eda empezar una marca a buscar espacio para un evento durante 080 Barcelona Fashion<\/strong><\/h2>\n\n\n\n<p class=\"wp-block-paragraph\">La respuesta corta es: antes de lo que parece razonable.<\/p>\n\n\n\n<p class=\"wp-block-paragraph\">La competencia por buenos espacios en Barcelona no depende solo de la semana de la 080. Tambi\u00e9n coincide con una ciudad que tiene alta demanda durante todo el a\u00f1o por eventos corporativos, turismo, ferias, producci\u00f3n audiovisual, retail temporal y activaciones de marca.<\/p>\n\n\n\n<p class=\"wp-block-paragraph\">El punto importante no es solo reservar pronto, sino llegar a tiempo para poder decidir con criterio:<\/p>\n\n\n\n<ul class=\"wp-block-list\">\n<li>Barrio<\/li>\n\n\n\n<li>Tipo de venue<\/li>\n\n\n\n<li>Formato<\/li>\n\n\n\n<li>Aforo<\/li>\n\n\n\n<li>Permisos<\/li>\n\n\n\n<li>Producci\u00f3n<\/li>\n\n\n\n<li>Montaje<\/li>\n\n\n\n<li>Visibilidad<\/li>\n\n\n\n<li>Condiciones t\u00e9cnicas<\/li>\n\n\n\n<li>Log\u00edstica<\/li>\n\n\n\n<li>Margen de negociaci\u00f3n<\/li>\n<\/ul>\n\n\n\n<p class=\"wp-block-paragraph\">Si una marca quiere estar bien posicionada para una futura edici\u00f3n de 080 Barcelona Fashion, conviene no empezar la b\u00fasqueda en la recta final. En proyectos sencillos puede bastar con una ventana de planificaci\u00f3n razonable, pero si la activaci\u00f3n requiere dise\u00f1o, producci\u00f3n, montaje, invitados, PR o scouting m\u00e1s fino, la anticipaci\u00f3n importa mucho m\u00e1s.<\/p>\n\n\n\n<p class=\"wp-block-paragraph\">Por eso, m\u00e1s que buscar tarde una soluci\u00f3n improvisada, suele tener m\u00e1s sentido empezar por explorar:<\/p>\n\n\n\n<ul class=\"wp-block-list\">\n<li><strong>Pop-up stores en Barcelona<\/strong><\/li>\n\n\n\n<li><strong>Event venues en Barcelona<\/strong><\/li>\n\n\n\n<li><strong>Espacios para showrooms<\/strong><\/li>\n\n\n\n<li><strong>Venues para activaciones de marca<\/strong><\/li>\n\n\n\n<li>O incluso una b\u00fasqueda m\u00e1s abierto para de <strong>espacios en Barcelona<\/strong><\/li>\n<\/ul>\n\n\n\n<h2 class=\"wp-block-heading\"><strong>Qu\u00e9 influye en el coste de una activaci\u00f3n, showroom o espacio de evento durante 080 Barcelona Fashion<\/strong><\/h2>\n\n\n\n<p class=\"wp-block-paragraph\">No existe un precio \u00fanico, y plantearlo as\u00ed suele llevar a malas decisiones.<\/p>\n\n\n\n<p class=\"wp-block-paragraph\">El coste real depende de:<\/p>\n\n\n\n<ul class=\"wp-block-list\">\n<li>La zona<\/li>\n\n\n\n<li>La duraci\u00f3n<\/li>\n\n\n\n<li>El tipo de espacio<\/li>\n\n\n\n<li>La superficie<\/li>\n\n\n\n<li>Si el proyecto es retail, showroom o evento<\/li>\n\n\n\n<li>El nivel de producci\u00f3n<\/li>\n\n\n\n<li>Las necesidades t\u00e9cnicas<\/li>\n\n\n\n<li>Si hay montaje o desmontaje<\/li>\n\n\n\n<li>Si se necesita mobiliario, iluminaci\u00f3n, sonido o catering<\/li>\n\n\n\n<li>Staff, log\u00edstica y operaci\u00f3n local<\/li>\n\n\n\n<li>Si hace falta apoyo para ejecutar el proyecto de extremo a extremo<\/li>\n<\/ul>\n\n\n\n<p class=\"wp-block-paragraph\">Go\u2014PopUp muestra en Barcelona una variedad amplia de espacios, con opciones que van desde venues peque\u00f1os o creativos hasta espacios premium, industriales o c\u00e9ntricos, algunos con precios diarios publicados y otros bajo petici\u00f3n.<\/p>\n\n\n\n<p class=\"wp-block-paragraph\">Por eso, para muchas marcas, la pregunta correcta no es \u201ccu\u00e1nto cuesta un pop-up en Barcelona\u201d, sino <strong>qu\u00e9 tipo de espacio tiene sentido seg\u00fan mi objetivo y qu\u00e9 formato maximiza el retorno durante la 080<\/strong>.<\/p>\n\n\n<div class=\"wp-block-image\">\n<figure class=\"aligncenter size-full\"><a href=\"http:\/\/magazinetest.atomic4dev.net\/wp-content\/uploads\/2026\/05\/4e5b60e9c9a4384076622116c17111ec.jpg\"><img loading=\"lazy\" decoding=\"async\" width=\"736\" height=\"736\" src=\"http:\/\/magazinetest.atomic4dev.net\/wp-content\/uploads\/2026\/05\/4e5b60e9c9a4384076622116c17111ec.jpg\" alt=\"\" class=\"wp-image-24990\" srcset=\"https:\/\/magazinetest.atomic4dev.net\/wp-content\/uploads\/2026\/05\/4e5b60e9c9a4384076622116c17111ec.jpg 736w, https:\/\/magazinetest.atomic4dev.net\/wp-content\/uploads\/2026\/05\/4e5b60e9c9a4384076622116c17111ec-300x300.jpg 300w, https:\/\/magazinetest.atomic4dev.net\/wp-content\/uploads\/2026\/05\/4e5b60e9c9a4384076622116c17111ec-150x150.jpg 150w, https:\/\/magazinetest.atomic4dev.net\/wp-content\/uploads\/2026\/05\/4e5b60e9c9a4384076622116c17111ec-650x650.jpg 650w, https:\/\/magazinetest.atomic4dev.net\/wp-content\/uploads\/2026\/05\/4e5b60e9c9a4384076622116c17111ec-24x24.jpg 24w, https:\/\/magazinetest.atomic4dev.net\/wp-content\/uploads\/2026\/05\/4e5b60e9c9a4384076622116c17111ec-36x36.jpg 36w, https:\/\/magazinetest.atomic4dev.net\/wp-content\/uploads\/2026\/05\/4e5b60e9c9a4384076622116c17111ec-48x48.jpg 48w\" sizes=\"auto, (max-width: 736px) 100vw, 736px\" \/><\/a><\/figure>\n<\/div>\n\n\n<h2 class=\"wp-block-heading\"><strong>Qu\u00e9 deber\u00edan planificar las marcas con antelaci\u00f3n<\/strong><\/h2>\n\n\n\n<p class=\"wp-block-paragraph\">Si una marca quiere aprovechar 080 Barcelona Fashion con una l\u00f3gica de negocio, estas son las decisiones que conviene cerrar pronto:<\/p>\n\n\n\n<ul class=\"wp-block-list\">\n<li>Si el objetivo principal es visibilidad, reuniones, ventas o activaci\u00f3n<\/li>\n\n\n\n<li>Si encaja mejor un showroom, una pop-up store o un espacio para evento<\/li>\n\n\n\n<li>Qu\u00e9 zona de Barcelona se alinea mejor con el p\u00fablico y el formato<\/li>\n\n\n\n<li>Qu\u00e9 relaci\u00f3n quiere tener la marca con el contexto de la 080<\/li>\n\n\n\n<li>Si necesita tr\u00e1fico abierto, invitados privados o ambos<\/li>\n\n\n\n<li>Qu\u00e9 parte del proyecto necesita soporte local<\/li>\n\n\n\n<li>Qu\u00e9 timing de producci\u00f3n requiere la activaci\u00f3n<\/li>\n\n\n\n<li>Qu\u00e9 materiales, contenido o PR deben prepararse antes del evento<\/li>\n\n\n\n<li>C\u00f3mo se medir\u00e1 el retorno de la acci\u00f3n<\/li>\n<\/ul>\n\n\n\n<p class=\"wp-block-paragraph\">Barcelona no premia solo la presencia. Premia la precisi\u00f3n.<\/p>\n\n\n\n<h2 class=\"wp-block-heading\"><strong>Explora espacios en Barcelona para 080 Barcelona Fashion<\/strong><\/h2>\n\n\n\n<p class=\"wp-block-paragraph\">La fecha oficial de referencia para 080 Barcelona Fashion 2026 ya est\u00e1 clara: <strong>14\u201317 de abril de 2026<\/strong>, con la 37.\u00aa edici\u00f3n celebrada en Port Vell \/ Marina Vela.&nbsp;<\/p>\n\n\n\n<p class=\"wp-block-paragraph\">La siguiente decisi\u00f3n ya no es solo cu\u00e1ndo sucede 080 Barcelona Fashion, sino <strong>qu\u00e9 tipo de espacio necesita tu marca para estar en Barcelona con sentido comercial<\/strong>.<\/p>\n\n\n\n<p class=\"wp-block-paragraph\">Si est\u00e1s valorando una presencia f\u00edsica durante la 080 o quieres preparar futuras ediciones, puedes empezar por explorar:<\/p>\n\n\n\n<div class=\"wp-block-buttons is-content-justification-center is-layout-flex wp-container-core-buttons-is-layout-fe48e5de wp-block-buttons-is-layout-flex\">\n<div class=\"wp-block-button\"><a class=\"wp-block-button__link wp-element-button\" href=\"https:\/\/app.gopopup.com\/es\/search\/barcelona\/\" rel=\"noopener\">Pop-up stores en Barcelona<\/a><\/div>\n\n\n\n<div class=\"wp-block-button\"><a class=\"wp-block-button__link wp-element-button\" href=\"https:\/\/app.gopopup.com\/es\/collection\/espacios-para-eventos-barcelona\" rel=\"noopener\">Espacios para eventos en Barcelona<\/a><\/div>\n<\/div>\n\n\n\n<p class=\"wp-block-paragraph\">Go\u2014PopUp permite buscar espacios para distintos formatos, desde pop-up venta hasta evento corporativo, showroom de moda, lanzamiento de producto, desfile, exposici\u00f3n, rodaje o activaci\u00f3n de marca.<\/p>\n\n\n\n<p class=\"wp-block-paragraph\">Si quieres ver c\u00f3mo Go\u2014PopUp est\u00e1 planteando otras fashion weeks europeas, tambi\u00e9n puede servir como referencia el post sobre <strong>London Fashion Week 2026<\/strong> o el contenido sobre <strong>Paris Fashion Week 2026<\/strong>.<\/p>\n\n\n\n<h2 class=\"wp-block-heading\"><strong>Links externos destacados y fuentes oficiales<\/strong><\/h2>\n\n\n\n<p class=\"wp-block-paragraph\">Para validar fechas, calendario y contexto general de 080 Barcelona Fashion 2026, estas son las referencias externas m\u00e1s s\u00f3lidas para consultar la informaci\u00f3n m\u00e1s oficial:<\/p>\n\n\n\n<ul class=\"wp-block-list\">\n<li><a href=\"https:\/\/080barcelonafashion.cat\/es_ES\/pressnotes\/\" rel=\"noopener\"><strong>080 Barcelona Fashion \u2013 Notas de prensa oficiales:<\/strong> referencia principal para consultar la 37.\u00aa edici\u00f3n, sus fechas, ubicaci\u00f3n y programaci\u00f3n.<\/a><\/li>\n\n\n\n<li><a href=\"https:\/\/080barcelonafashion.cat\/es_ES\/\" rel=\"noopener\"><strong>080 Barcelona Fashion \u2013 Web oficial:<\/strong> fuente institucional sobre la plataforma, su misi\u00f3n y sus ejes de innovaci\u00f3n, sostenibilidad, circularidad y diversidad.<\/a><\/li>\n<\/ul>\n\n\n\n<ul class=\"wp-block-list\">\n<li><a href=\"https:\/\/elpais.com\/espana\/catalunya\/2026-03-25\/la-080-barcelona-fashion-encara-su-edicion-mas-ambiciosa-frente-al-mar-con-un-presupuesto-de-28-millones.html\" rel=\"noopener\"><strong>El Pa\u00eds \u2013 Cobertura de la edici\u00f3n 2026:<\/strong> fuente period\u00edstica \u00fatil para contexto sobre el traslado al frente mar\u00edtimo, presupuesto y ambici\u00f3n de la edici\u00f3n.<\/a><\/li>\n<\/ul>\n","protected":false},"excerpt":{"rendered":"<p>Si est\u00e1s buscando las fechas de 080 Barcelona Fashion 2026, la referencia oficial m\u00e1s importante es la 37.\u00aa edici\u00f3n, celebrada del 14 al 17 de abril de 2026 en Barcelona. Esta edici\u00f3n tuvo lugar en el entorno de Port Vell y Marina Vela, con una programaci\u00f3n centrada en desfiles, talento emergente, marcas consolidadas y proyecci\u00f3n internacional.&nbsp; Pero para una marca, saber las fechas es solo el primer paso. La verdadera pregunta suele ser otra: qu\u00e9 tipo de espacio necesitas en Barcelona durante 080 Barcelona Fashion. Algunas marcas lo buscan como alquiler de espacio para evento, otras como showroom temporal, otras [&hellip;]<\/p>\n","protected":false},"author":23,"featured_media":24985,"comment_status":"open","ping_status":"open","sticky":false,"template":"","format":"standard","meta":{"footnotes":""},"categories":[],"tags":[],"class_list":["post-24781","post","type-post","status-publish","format-standard","has-post-thumbnail","hentry"],"_links":{"self":[{"href":"https:\/\/magazinetest.atomic4dev.net\/es\/wp-json\/wp\/v2\/posts\/24781","targetHints":{"allow":["GET"]}}],"collection":[{"href":"https:\/\/magazinetest.atomic4dev.net\/es\/wp-json\/wp\/v2\/posts"}],"about":[{"href":"https:\/\/magazinetest.atomic4dev.net\/es\/wp-json\/wp\/v2\/types\/post"}],"author":[{"embeddable":true,"href":"https:\/\/magazinetest.atomic4dev.net\/es\/wp-json\/wp\/v2\/users\/23"}],"replies":[{"embeddable":true,"href":"https:\/\/magazinetest.atomic4dev.net\/es\/wp-json\/wp\/v2\/comments?post=24781"}],"version-history":[{"count":9,"href":"https:\/\/magazinetest.atomic4dev.net\/es\/wp-json\/wp\/v2\/posts\/24781\/revisions"}],"predecessor-version":[{"id":24995,"href":"https:\/\/magazinetest.atomic4dev.net\/es\/wp-json\/wp\/v2\/posts\/24781\/revisions\/24995"}],"wp:featuredmedia":[{"embeddable":true,"href":"https:\/\/magazinetest.atomic4dev.net\/es\/wp-json\/wp\/v2\/media\/24985"}],"wp:attachment":[{"href":"https:\/\/magazinetest.atomic4dev.net\/es\/wp-json\/wp\/v2\/media?parent=24781"}],"wp:term":[{"taxonomy":"category","embeddable":true,"href":"https:\/\/magazinetest.atomic4dev.net\/es\/wp-json\/wp\/v2\/categories?post=24781"},{"taxonomy":"post_tag","embeddable":true,"href":"https:\/\/magazinetest.atomic4dev.net\/es\/wp-json\/wp\/v2\/tags?post=24781"}],"curies":[{"name":"wp","href":"https:\/\/api.w.org\/{rel}","templated":true}]}}