{"id":24695,"date":"2026-05-04T09:32:04","date_gmt":"2026-05-04T07:32:04","guid":{"rendered":"https:\/\/magazinetest.atomic4dev.net\/?p=24695"},"modified":"2026-06-29T13:53:26","modified_gmt":"2026-06-29T11:53:26","slug":"madrid-fashion-week","status":"publish","type":"post","link":"https:\/\/magazinetest.atomic4dev.net\/es\/madrid-fashion-week\/","title":{"rendered":"Fashion Week Madrid 2026: fechas clave y d\u00f3nde alquilar un espacio para eventos, showroom o activaci\u00f3n de marca"},"content":{"rendered":"\n<p class=\"wp-block-paragraph\">Si est\u00e1s buscando las fechas de la Mercedes-Benz Fashion Week Madrid 2026, hay dos momentos clave que deber\u00edas tener en cuenta: una edici\u00f3n principal en febrero y otra en septiembre de 2026, siguiendo el calendario habitual de la pasarela madrile\u00f1a.<\/p>\n\n\n\n<p class=\"wp-block-paragraph\">Pero para una marca, saber las fechas es solo el primer paso.<\/p>\n\n\n\n<p class=\"wp-block-paragraph\">La verdadera pregunta suele ser otra: <strong>qu\u00e9 tipo de espacio necesitas en Madrid durante Fashion Week<\/strong>. Algunas marcas lo buscan como alquiler de espacio para eventos, otras como showroom temporal, otras como venue para brand activation, y solo una parte lo identifica directamente como pop-up store.<\/p>\n\n\n\n<p class=\"wp-block-paragraph\">Por eso, si quieres aprovechar bien esta semana, conviene pensar Madrid desde una l\u00f3gica m\u00e1s amplia:<br><strong>espacio + formato + objetivo comercial.<\/strong><\/p>\n\n\n<div class=\"wp-block-image\">\n<figure class=\"aligncenter size-large\"><a href=\"http:\/\/magazinetest.atomic4dev.net\/wp-content\/uploads\/2026\/05\/Gemini_Generated_Image_q536utq536utq536-1.jpeg\"><img loading=\"lazy\" decoding=\"async\" width=\"1024\" height=\"896\" src=\"http:\/\/magazinetest.atomic4dev.net\/wp-content\/uploads\/2026\/05\/Gemini_Generated_Image_q536utq536utq536-1-1024x896.jpeg\" alt=\"\" class=\"wp-image-24919\" srcset=\"https:\/\/magazinetest.atomic4dev.net\/wp-content\/uploads\/2026\/05\/Gemini_Generated_Image_q536utq536utq536-1-1024x896.jpeg 1024w, https:\/\/magazinetest.atomic4dev.net\/wp-content\/uploads\/2026\/05\/Gemini_Generated_Image_q536utq536utq536-1-300x263.jpeg 300w, https:\/\/magazinetest.atomic4dev.net\/wp-content\/uploads\/2026\/05\/Gemini_Generated_Image_q536utq536utq536-1-768x672.jpeg 768w, https:\/\/magazinetest.atomic4dev.net\/wp-content\/uploads\/2026\/05\/Gemini_Generated_Image_q536utq536utq536-1-1536x1344.jpeg 1536w, https:\/\/magazinetest.atomic4dev.net\/wp-content\/uploads\/2026\/05\/Gemini_Generated_Image_q536utq536utq536-1-24x21.jpeg 24w, https:\/\/magazinetest.atomic4dev.net\/wp-content\/uploads\/2026\/05\/Gemini_Generated_Image_q536utq536utq536-1-36x32.jpeg 36w, https:\/\/magazinetest.atomic4dev.net\/wp-content\/uploads\/2026\/05\/Gemini_Generated_Image_q536utq536utq536-1-48x42.jpeg 48w\" sizes=\"auto, (max-width: 1024px) 100vw, 1024px\" \/><\/a><\/figure>\n<\/div>\n\n\n<h2 class=\"wp-block-heading\"><strong>Fechas de  Fashion Week Madrid 2026 de un vistazo<\/strong><\/h2>\n\n\n\n<p class=\"wp-block-paragraph\">Estas son las ventanas habituales que deber\u00edas usar como referencia:<\/p>\n\n\n\n<ul class=\"wp-block-list\">\n<li><strong>Fashion Week Madrid febrero 2026:<\/strong> previsiblemente entre finales de febrero y primeros d\u00edas de marzo<\/li>\n\n\n\n<li><strong>Fashion Week Madrid septiembre 2026:<\/strong> previsiblemente a mediados de septiembre<\/li>\n<\/ul>\n\n\n\n<p class=\"wp-block-paragraph\">Este punto es importante porque muchas b\u00fasquedas sobre fashion weeks mezclan fechas antiguas o no confirmadas. En Madrid, el calendario suele mantenerse estable, pero conviene validar cada edici\u00f3n con fuentes oficiales como IFEMA Madrid.<\/p>\n\n\n\n<h2 class=\"wp-block-heading\"><strong>Por qu\u00e9 Madrid Fashion Week importa a las marcas m\u00e1s all\u00e1 del calendario<\/strong><\/h2>\n\n\n\n<p class=\"wp-block-paragraph\">Madrid no funciona igual que Par\u00eds o Londres.<\/p>\n\n\n\n<p class=\"wp-block-paragraph\">Mientras que otras capitales concentran una fuerte presi\u00f3n internacional, <strong>Madrid combina industria, mercado local y una creciente proyecci\u00f3n internacional<\/strong>, lo que la convierte en un entorno muy interesante para marcas que quieren:<\/p>\n\n\n\n<ul class=\"wp-block-list\">\n<li><strong>testar mercado en Espa\u00f1a<\/strong><\/li>\n\n\n\n<li>ganar visibilidad en el sur de Europa<\/li>\n\n\n\n<li>conectar con prensa, buyers e influencers<\/li>\n\n\n\n<li>lanzar producto<\/li>\n\n\n\n<li>crear una activaci\u00f3n con retorno en contenido, PR y comunidad<\/li>\n<\/ul>\n\n\n\n<p class=\"wp-block-paragraph\">\u201cEn Madrid Fashion Week, no se trata solo de estar presente, sino de elegir el formato adecuado para cumplir el objetivo comercial.\u201d<\/p>\n\n\n\n<p class=\"wp-block-paragraph\">Aqu\u00ed hay una oportunidad estrat\u00e9gica clara: muchas marcas no empiezan buscando \u201cpop-up store\u201d, sino algo m\u00e1s amplio como <strong>alquiler de espacio en Madrid, showroom temporal o venue para evento<\/strong>.<\/p>\n\n\n\n<h2 class=\"wp-block-heading\"><strong>Qu\u00e9 edici\u00f3n de Madrid Fashion Week 2026 le conviene m\u00e1s a tu marca<\/strong><\/h2>\n\n\n\n<p class=\"wp-block-paragraph\">No todas las marcas necesitan lo mismo. Y no todas las ediciones funcionan igual.<\/p>\n\n\n\n<h3 class=\"wp-block-heading\"><strong>Febrero 2026: m\u00e1s orientado a industria, showroom y reuniones<\/strong><\/h3>\n\n\n\n<p class=\"wp-block-paragraph\">La edici\u00f3n de febrero suele estar m\u00e1s alineada con el calendario profesional del sector.<\/p>\n\n\n\n<p class=\"wp-block-paragraph\">Suele tener sentido para marcas que quieren:<\/p>\n\n\n\n<ul class=\"wp-block-list\">\n<li>alquilar un <strong>showroom temporal en Madrid<\/strong><\/li>\n\n\n\n<li>organizar reuniones con buyers<\/li>\n\n\n\n<li>trabajar con prensa<\/li>\n\n\n\n<li>hacer presentaciones privadas<\/li>\n<\/ul>\n\n\n\n<p class=\"wp-block-paragraph\">Si tu objetivo es un negocio cualificado, <strong>febrero suele ser la ventana m\u00e1s eficiente<\/strong>.<\/p>\n\n\n\n<h3 class=\"wp-block-heading\"><strong>Septiembre 2026: mejor para visibilidad, lanzamientos y activaciones<\/strong><\/h3>\n\n\n\n<p class=\"wp-block-paragraph\">La edici\u00f3n de septiembre tiene un perfil m\u00e1s abierto y medi\u00e1tico.<\/p>\n\n\n\n<p class=\"wp-block-paragraph\">Aqu\u00ed suelen encajar mejor:<\/p>\n\n\n\n<ul class=\"wp-block-list\">\n<li><strong>brand activations<\/strong><\/li>\n\n\n\n<li>pop-up stores abiertas al p\u00fablico<\/li>\n\n\n\n<li>lanzamientos de producto<\/li>\n\n\n\n<li>eventos h\u00edbridos entre retail, PR y experiencia<\/li>\n<\/ul>\n\n\n\n<p class=\"wp-block-paragraph\">Si buscas impacto y visibilidad, <strong>septiembre es el momento m\u00e1s potente<\/strong>.<\/p>\n\n\n\n<h2 class=\"wp-block-heading\"><strong>D\u00f3nde alquilar un espacio en Madrid durante Fashion Week<\/strong><\/h2>\n\n\n\n<p class=\"wp-block-paragraph\">Madrid ofrece m\u00faltiples zonas con perfiles muy distintos. Elegir bien el barrio es clave.<\/p>\n\n\n<div class=\"wp-block-image\">\n<figure class=\"aligncenter size-full\"><a href=\"http:\/\/magazinetest.atomic4dev.net\/wp-content\/uploads\/2026\/05\/82f6c26e9429346c87fc38bfd607212f.jpg\"><img loading=\"lazy\" decoding=\"async\" width=\"683\" height=\"1024\" src=\"http:\/\/magazinetest.atomic4dev.net\/wp-content\/uploads\/2026\/05\/82f6c26e9429346c87fc38bfd607212f.jpg\" alt=\"\" class=\"wp-image-24980\" srcset=\"https:\/\/magazinetest.atomic4dev.net\/wp-content\/uploads\/2026\/05\/82f6c26e9429346c87fc38bfd607212f.jpg 683w, https:\/\/magazinetest.atomic4dev.net\/wp-content\/uploads\/2026\/05\/82f6c26e9429346c87fc38bfd607212f-200x300.jpg 200w, https:\/\/magazinetest.atomic4dev.net\/wp-content\/uploads\/2026\/05\/82f6c26e9429346c87fc38bfd607212f-16x24.jpg 16w, https:\/\/magazinetest.atomic4dev.net\/wp-content\/uploads\/2026\/05\/82f6c26e9429346c87fc38bfd607212f-24x36.jpg 24w, https:\/\/magazinetest.atomic4dev.net\/wp-content\/uploads\/2026\/05\/82f6c26e9429346c87fc38bfd607212f-32x48.jpg 32w\" sizes=\"auto, (max-width: 683px) 100vw, 683px\" \/><\/a><\/figure>\n<\/div>\n\n\n<h3 class=\"wp-block-heading\"><strong>Salamanca y Serrano: visibilidad premium y posicionamiento de marca<\/strong><\/h3>\n\n\n\n<p class=\"wp-block-paragraph\">Si buscas una ubicaci\u00f3n con <strong>valor aspiracional y tr\u00e1fico cualificado<\/strong>, este eje sigue siendo uno de los m\u00e1s s\u00f3lidos.<\/p>\n\n\n\n<p class=\"wp-block-paragraph\">Suele funcionar bien para:<\/p>\n\n\n\n<ul class=\"wp-block-list\">\n<li>moda premium<\/li>\n\n\n\n<li>lujo accesible<\/li>\n\n\n\n<li>accesorios y beauty<\/li>\n\n\n\n<li>lanzamientos con componente retail<\/li>\n<\/ul>\n\n\n\n<h3 class=\"wp-block-heading\"><strong>Malasa\u00f1a y Chueca: para activaciones creativas y marcas emergentes<\/strong><\/h3>\n\n\n\n<p class=\"wp-block-paragraph\">Cuando una marca quiere una acci\u00f3n m\u00e1s cultural o disruptiva, estas zonas ofrecen mejor contexto.<\/p>\n\n\n\n<p class=\"wp-block-paragraph\">Encajan especialmente bien para:<\/p>\n\n\n\n<ul class=\"wp-block-list\">\n<li>streetwear<\/li>\n\n\n\n<li>marcas emergentes<\/li>\n\n\n\n<li>activaciones de contenido<\/li>\n\n\n\n<li>eventos con comunidad<\/li>\n<\/ul>\n\n\n\n<h3 class=\"wp-block-heading\"><strong>Centro y zonas cercanas a IFEMA: para eventos y formato h\u00edbrido<\/strong><\/h3>\n\n\n\n<p class=\"wp-block-paragraph\">La proximidad a IFEMA Madrid puede ser clave para marcas que quieran conectar con el circuito oficial.<\/p>\n\n\n\n<p class=\"wp-block-paragraph\">Suele tener sentido para:<\/p>\n\n\n\n<ul class=\"wp-block-list\">\n<li>eventos paralelos<\/li>\n\n\n\n<li>showroom h\u00edbrido<\/li>\n\n\n\n<li>presentaciones privadas<\/li>\n<\/ul>\n\n\n\n<h2 class=\"wp-block-heading\"><strong>Qu\u00e9 formato conviene m\u00e1s: pop-up store, showroom o espacio para evento<\/strong><\/h2>\n\n\n\n<p class=\"wp-block-paragraph\">Uno de los errores m\u00e1s comunes es pensar que todo pasa por una tienda temporal.<\/p>\n\n\n\n<p class=\"wp-block-paragraph\">No es as\u00ed.<\/p>\n\n\n<div class=\"wp-block-image\">\n<figure class=\"aligncenter size-full\"><a href=\"http:\/\/magazinetest.atomic4dev.net\/wp-content\/uploads\/2026\/05\/ff17050464ac4aee3afb845b08effbfa.jpg\"><img loading=\"lazy\" decoding=\"async\" width=\"736\" height=\"920\" src=\"http:\/\/magazinetest.atomic4dev.net\/wp-content\/uploads\/2026\/05\/ff17050464ac4aee3afb845b08effbfa.jpg\" alt=\"\" class=\"wp-image-24982\" srcset=\"https:\/\/magazinetest.atomic4dev.net\/wp-content\/uploads\/2026\/05\/ff17050464ac4aee3afb845b08effbfa.jpg 736w, https:\/\/magazinetest.atomic4dev.net\/wp-content\/uploads\/2026\/05\/ff17050464ac4aee3afb845b08effbfa-240x300.jpg 240w, https:\/\/magazinetest.atomic4dev.net\/wp-content\/uploads\/2026\/05\/ff17050464ac4aee3afb845b08effbfa-19x24.jpg 19w, https:\/\/magazinetest.atomic4dev.net\/wp-content\/uploads\/2026\/05\/ff17050464ac4aee3afb845b08effbfa-29x36.jpg 29w, https:\/\/magazinetest.atomic4dev.net\/wp-content\/uploads\/2026\/05\/ff17050464ac4aee3afb845b08effbfa-38x48.jpg 38w\" sizes=\"auto, (max-width: 736px) 100vw, 736px\" \/><\/a><\/figure>\n<\/div>\n\n\n<h3 class=\"wp-block-heading\"><strong>Pop-up store<\/strong><\/h3>\n\n\n\n<p class=\"wp-block-paragraph\">Tiene sentido si quieres:<\/p>\n\n\n\n<ul class=\"wp-block-list\">\n<li>vender<\/li>\n\n\n\n<li>generar tr\u00e1fico<\/li>\n\n\n\n<li>testar demanda<\/li>\n\n\n\n<li>crear presencia en calle<\/li>\n<\/ul>\n\n\n\n<h3 class=\"wp-block-heading\"><strong>Showroom<\/strong><\/h3>\n\n\n\n<p class=\"wp-block-paragraph\">Encaja mejor si buscas:<\/p>\n\n\n\n<ul class=\"wp-block-list\">\n<li>reuniones con buyers<\/li>\n\n\n\n<li>prensa<\/li>\n\n\n\n<li>appointments<\/li>\n\n\n\n<li>entorno controlado<\/li>\n<\/ul>\n\n\n\n<h3 class=\"wp-block-heading\"><strong>Espacio para evento o activaci\u00f3n de marca<\/strong><\/h3>\n\n\n\n<p class=\"wp-block-paragraph\">Es la mejor opci\u00f3n cuando el objetivo es:<\/p>\n\n\n\n<ul class=\"wp-block-list\">\n<li>notoriedad<\/li>\n\n\n\n<li>experiencia<\/li>\n\n\n\n<li>contenido<\/li>\n\n\n\n<li>PR<\/li>\n\n\n\n<li>comunidad<\/li>\n<\/ul>\n\n\n\n<p class=\"wp-block-paragraph\">Este \u00faltimo formato es clave, porque conecta con c\u00f3mo muchas marcas formulan la necesidad real:<br><strong>\u201cnecesito alquilar un espacio en Madrid durante Fashion Week\u201d<\/strong>, no solo una tienda.<\/p>\n\n\n\n<h2 class=\"wp-block-heading\"><strong>Cu\u00e1ndo empezar a buscar espacio para Madrid Fashion Week 2026<\/strong><\/h2>\n\n\n\n<p class=\"wp-block-paragraph\">La respuesta corta es: <strong>antes de lo que parece razonable<\/strong>.<\/p>\n\n\n\n<p class=\"wp-block-paragraph\">Madrid no tiene la misma saturaci\u00f3n que Par\u00eds, pero cada a\u00f1o aumenta la demanda en zonas clave.<\/p>\n\n\n\n<p class=\"wp-block-paragraph\">Si quieres posicionarte bien:<\/p>\n\n\n\n<ul class=\"wp-block-list\">\n<li>empieza la b\u00fasqueda con antelaci\u00f3n<\/li>\n\n\n\n<li>define formato antes de elegir espacio<\/li>\n\n\n\n<li>aseg\u00farate margen para producci\u00f3n y montaje<\/li>\n<\/ul>\n\n\n\n<h2 class=\"wp-block-heading\"><strong>Qu\u00e9 influye en el coste de un espacio durante Madrid Fashion Week<\/strong><\/h2>\n\n\n\n<p class=\"wp-block-paragraph\">No existe un precio \u00fanico.<\/p>\n\n\n\n<p class=\"wp-block-paragraph\">El coste depende de:<\/p>\n\n\n\n<ul class=\"wp-block-list\">\n<li>la zona<\/li>\n\n\n\n<li>la duraci\u00f3n<\/li>\n\n\n\n<li>el tipo de espacio<\/li>\n\n\n\n<li>el formato (evento, showroom o retail)<\/li>\n\n\n\n<li>producci\u00f3n y montaje<\/li>\n\n\n\n<li>necesidades t\u00e9cnicas<\/li>\n<\/ul>\n\n\n\n<p class=\"wp-block-paragraph\">Por eso, la pregunta correcta no es:<br><strong>\u201ccu\u00e1nto cuesta un pop-up en Madrid\u201d<\/strong>, sino<br><strong>qu\u00e9 formato maximiza el retorno durante Fashion Week<\/strong>.<\/p>\n\n\n\n<h2 class=\"wp-block-heading\"><strong>Qu\u00e9 deber\u00edan planificar las marcas con antelaci\u00f3n<\/strong><\/h2>\n\n\n\n<p class=\"wp-block-paragraph\">Si quieres aprovechar Madrid Fashion Week 2026, conviene cerrar pronto:<\/p>\n\n\n\n<ul class=\"wp-block-list\">\n<li>qu\u00e9 edici\u00f3n interesa (febrero o septiembre)<\/li>\n\n\n\n<li>si el objetivo es visibilidad, ventas o networking<\/li>\n\n\n\n<li>qu\u00e9 formato encaja mejor<\/li>\n\n\n\n<li>qu\u00e9 zona se alinea con tu p\u00fablico<\/li>\n\n\n\n<li>qu\u00e9 timing de producci\u00f3n necesitas<\/li>\n<\/ul>\n\n\n\n<p class=\"wp-block-paragraph\">Madrid no premia solo la presencia.<br><strong>Premia la ejecuci\u00f3n con criterio.<\/strong><\/p>\n\n\n\n<h2 class=\"wp-block-heading\">FAQ: Mercedes-Benz Fashion Week Madrid 2026 para marcas<\/h2>\n\n\n\n<h3 class=\"wp-block-heading\">\u00bfCu\u00e1ndo es Mercedes-Benz Fashion Week Madrid 2026?<\/h3>\n\n\n\n<p class=\"wp-block-paragraph\">Mercedes-Benz Fashion Week Madrid suele celebrarse en dos grandes ediciones al a\u00f1o: una en febrero, vinculada al calendario profesional de la temporada, y otra en septiembre, con mayor peso medi\u00e1tico y de visibilidad.<\/p>\n\n\n\n<p class=\"wp-block-paragraph\">Para 2026, lo recomendable es tomar como referencia esas dos ventanas principales y validar las fechas exactas cuando IFEMA Madrid publique el calendario oficial de cada edici\u00f3n.<\/p>\n\n\n\n<h3 class=\"wp-block-heading\">\u00bfQu\u00e9 edici\u00f3n de Madrid Fashion Week 2026 conviene m\u00e1s para una marca?<\/h3>\n\n\n\n<p class=\"wp-block-paragraph\">Depende del objetivo de la activaci\u00f3n.<\/p>\n\n\n\n<p class=\"wp-block-paragraph\">La edici\u00f3n de febrero suele funcionar mejor para marcas que buscan reuniones profesionales, showroom temporal, citas con buyers, prensa o presentaciones privadas.<\/p>\n\n\n\n<p class=\"wp-block-paragraph\">La edici\u00f3n de septiembre suele ser m\u00e1s interesante para marcas que quieren generar visibilidad, lanzar producto, crear una activaci\u00f3n abierta al p\u00fablico o trabajar una experiencia con mayor recorrido en contenido, PR y comunidad.<\/p>\n\n\n\n<h3 class=\"wp-block-heading\">\u00bfEs mejor alquilar un showroom o montar un pop-up durante Madrid Fashion Week?<\/h3>\n\n\n\n<p class=\"wp-block-paragraph\">No hay una \u00fanica respuesta, porque cada formato responde a una necesidad distinta.<\/p>\n\n\n\n<p class=\"wp-block-paragraph\">Un <strong>showroom temporal<\/strong> suele ser m\u00e1s eficiente si el objetivo es trabajar citas privadas, reuniones con compradores, prensa o presentaciones en un entorno controlado.<\/p>\n\n\n\n<p class=\"wp-block-paragraph\">Un <strong>pop-up store<\/strong> encaja mejor cuando la marca busca presencia en calle, venta directa, tr\u00e1fico, test de demanda o mayor visibilidad p\u00fablica durante Fashion Week.<\/p>\n\n\n\n<h3 class=\"wp-block-heading\">\u00bfD\u00f3nde conviene alquilar un espacio en Madrid durante Fashion Week?<\/h3>\n\n\n\n<p class=\"wp-block-paragraph\">Depende del tipo de marca y del objetivo comercial.<\/p>\n\n\n\n<p class=\"wp-block-paragraph\">El eje Salamanca-Serrano suele encajar mejor con marcas premium, moda, accesorios, beauty o lanzamientos con lectura aspiracional.<\/p>\n\n\n\n<p class=\"wp-block-paragraph\">Malasa\u00f1a y Chueca funcionan mejor para marcas emergentes, streetwear, activaciones creativas, contenido y comunidad.<\/p>\n\n\n\n<p class=\"wp-block-paragraph\">Las zonas cercanas a IFEMA o espacios c\u00e9ntricos pueden tener sentido para eventos paralelos, presentaciones privadas o formatos h\u00edbridos vinculados al calendario oficial.<\/p>\n\n\n\n<h3 class=\"wp-block-heading\">\u00bfCon cu\u00e1nta antelaci\u00f3n hay que buscar espacio para Madrid Fashion Week 2026?<\/h3>\n\n\n\n<p class=\"wp-block-paragraph\">Conviene empezar antes de lo que muchas marcas esperan, especialmente si se busca una zona concreta, un espacio premium o un formato que requiera producci\u00f3n.<\/p>\n\n\n\n<p class=\"wp-block-paragraph\">Aunque Madrid no tiene la misma presi\u00f3n que Par\u00eds o Mil\u00e1n, durante Fashion Week la disponibilidad en zonas estrat\u00e9gicas puede reducirse r\u00e1pido. Definir pronto edici\u00f3n, formato, presupuesto y barrio ayuda a comparar mejores opciones y evitar decisiones improvisadas.<\/p>\n\n\n\n<h3 class=\"wp-block-heading\">\u00bfCu\u00e1nto cuesta alquilar un espacio durante Madrid Fashion Week?<\/h3>\n\n\n\n<p class=\"wp-block-paragraph\">No existe un precio \u00fanico. El coste depende de la zona, la duraci\u00f3n, el tipo de espacio, el nivel de visibilidad, las necesidades t\u00e9cnicas y si se trata de un pop-up store, showroom o espacio para evento.<\/p>\n\n\n\n<p class=\"wp-block-paragraph\">Por eso, m\u00e1s que preguntar solo cu\u00e1nto cuesta, conviene definir primero qu\u00e9 objetivo debe cumplir la activaci\u00f3n: vender, ganar visibilidad, generar contenido, reunirse con buyers o validar mercado en Madrid.<\/p>\n\n\n\n<h3 class=\"wp-block-heading\">\u00bfQu\u00e9 tipo de marcas pueden aprovechar mejor Madrid Fashion Week?<\/h3>\n\n\n\n<p class=\"wp-block-paragraph\">Madrid Fashion Week puede ser interesante para marcas de moda, beauty, accesorios, lifestyle, dise\u00f1o, marcas DTC, firmas emergentes y marcas internacionales que quieren testar mercado en Espa\u00f1a o ganar visibilidad en el sur de Europa.<\/p>\n\n\n\n<p class=\"wp-block-paragraph\">Tambi\u00e9n puede ser \u00fatil para agencias que buscan un espacio para organizar una activaci\u00f3n de marca, presentaci\u00f3n privada, evento con prensa o experiencia vinculada al calendario de moda.<\/p>\n\n\n\n<script type=\"application\/ld+json\">\n{\n  \"@context\": \"https:\/\/schema.org\",\n  \"@type\": \"FAQPage\",\n  \"mainEntity\": [\n    {\n      \"@type\": \"Question\",\n      \"name\": \"\u00bfCu\u00e1ndo es Mercedes-Benz Fashion Week Madrid 2026?\",\n      \"acceptedAnswer\": {\n        \"@type\": \"Answer\",\n        \"text\": \"Mercedes-Benz Fashion Week Madrid suele celebrarse en dos grandes ediciones al a\u00f1o: una en febrero, vinculada al calendario profesional de la temporada, y otra en septiembre, con mayor peso medi\u00e1tico y de visibilidad. Para 2026, lo recomendable es tomar como referencia esas dos ventanas principales y validar las fechas exactas cuando IFEMA Madrid publique el calendario oficial de cada edici\u00f3n.\"\n      }\n    },\n    {\n      \"@type\": \"Question\",\n      \"name\": \"\u00bfQu\u00e9 edici\u00f3n de Madrid Fashion Week 2026 conviene m\u00e1s para una marca?\",\n      \"acceptedAnswer\": {\n        \"@type\": \"Answer\",\n        \"text\": \"Depende del objetivo de la activaci\u00f3n. La edici\u00f3n de febrero suele funcionar mejor para marcas que buscan reuniones profesionales, showroom temporal, citas con buyers, prensa o presentaciones privadas. La edici\u00f3n de septiembre suele ser m\u00e1s interesante para marcas que quieren generar visibilidad, lanzar producto, crear una activaci\u00f3n abierta al p\u00fablico o trabajar una experiencia con mayor recorrido en contenido, PR y comunidad.\"\n      }\n    },\n    {\n      \"@type\": \"Question\",\n      \"name\": \"\u00bfEs mejor alquilar un showroom o montar un pop-up durante Madrid Fashion Week?\",\n      \"acceptedAnswer\": {\n        \"@type\": \"Answer\",\n        \"text\": \"No hay una \u00fanica respuesta, porque cada formato responde a una necesidad distinta. Un showroom temporal suele ser m\u00e1s eficiente si el objetivo es trabajar citas privadas, reuniones con compradores, prensa o presentaciones en un entorno controlado. Un pop-up store encaja mejor cuando la marca busca presencia en calle, venta directa, tr\u00e1fico, test de demanda o mayor visibilidad p\u00fablica durante Fashion Week.\"\n      }\n    },\n    {\n      \"@type\": \"Question\",\n      \"name\": \"\u00bfD\u00f3nde conviene alquilar un espacio en Madrid durante Fashion Week?\",\n      \"acceptedAnswer\": {\n        \"@type\": \"Answer\",\n        \"text\": \"Depende del tipo de marca y del objetivo comercial. El eje Salamanca-Serrano suele encajar mejor con marcas premium, moda, accesorios, beauty o lanzamientos con lectura aspiracional. Malasa\u00f1a y Chueca funcionan mejor para marcas emergentes, streetwear, activaciones creativas, contenido y comunidad. Las zonas cercanas a IFEMA o espacios c\u00e9ntricos pueden tener sentido para eventos paralelos, presentaciones privadas o formatos h\u00edbridos vinculados al calendario oficial.\"\n      }\n    },\n    {\n      \"@type\": \"Question\",\n      \"name\": \"\u00bfCon cu\u00e1nta antelaci\u00f3n hay que buscar espacio para Madrid Fashion Week 2026?\",\n      \"acceptedAnswer\": {\n        \"@type\": \"Answer\",\n        \"text\": \"Conviene empezar antes de lo que muchas marcas esperan, especialmente si se busca una zona concreta, un espacio premium o un formato que requiera producci\u00f3n. Aunque Madrid no tiene la misma presi\u00f3n que Par\u00eds o Mil\u00e1n, durante Fashion Week la disponibilidad en zonas estrat\u00e9gicas puede reducirse r\u00e1pido. Definir pronto edici\u00f3n, formato, presupuesto y barrio ayuda a comparar mejores opciones y evitar decisiones improvisadas.\"\n      }\n    },\n    {\n      \"@type\": \"Question\",\n      \"name\": \"\u00bfCu\u00e1nto cuesta alquilar un espacio durante Madrid Fashion Week?\",\n      \"acceptedAnswer\": {\n        \"@type\": \"Answer\",\n        \"text\": \"No existe un precio \u00fanico. El coste depende de la zona, la duraci\u00f3n, el tipo de espacio, el nivel de visibilidad, las necesidades t\u00e9cnicas y si se trata de un pop-up store, showroom o espacio para evento. Por eso, m\u00e1s que preguntar solo cu\u00e1nto cuesta, conviene definir primero qu\u00e9 objetivo debe cumplir la activaci\u00f3n: vender, ganar visibilidad, generar contenido, reunirse con buyers o validar mercado en Madrid.\"\n      }\n    },\n    {\n      \"@type\": \"Question\",\n      \"name\": \"\u00bfQu\u00e9 tipo de marcas pueden aprovechar mejor Madrid Fashion Week?\",\n      \"acceptedAnswer\": {\n        \"@type\": \"Answer\",\n        \"text\": \"Madrid Fashion Week puede ser interesante para marcas de moda, beauty, accesorios, lifestyle, dise\u00f1o, marcas DTC, firmas emergentes y marcas internacionales que quieren testar mercado en Espa\u00f1a o ganar visibilidad en el sur de Europa. Tambi\u00e9n puede ser \u00fatil para agencias que buscan un espacio para organizar una activaci\u00f3n de marca, presentaci\u00f3n privada, evento con prensa o experiencia vinculada al calendario de moda.\"\n      }\n    }\n  ]\n}\n<\/script>\n\n\n\n<h2 class=\"wp-block-heading\"><strong>Explora espacios en Madrid para Fashion Week 2026<\/strong><\/h2>\n\n\n\n<p class=\"wp-block-paragraph\">Las fechas est\u00e1n claras.<br>La siguiente decisi\u00f3n ya no es cu\u00e1ndo sucede la Fashion Week, sino <strong>c\u00f3mo vas a estar presente<\/strong>.<\/p>\n\n\n\n<p class=\"wp-block-paragraph\">Si est\u00e1s valorando una activaci\u00f3n durante estas fechas, el primer paso es explorar:<\/p>\n\n\n\n<ul class=\"wp-block-list\">\n<li>espacios para eventos en Madrid<\/li>\n\n\n\n<li>showrooms temporales<\/li>\n\n\n\n<li>pop-up stores en zonas estrat\u00e9gicas<\/li>\n<\/ul>\n\n\n\n<h2 class=\"wp-block-heading\"><strong>Enlaces externos sugeridos<\/strong><\/h2>\n\n\n\n<ul class=\"wp-block-list\">\n<li><a href=\"https:\/\/www.ifema.es\/\" rel=\"noopener\">IFEMA Madrid <\/a><\/li>\n\n\n\n<li><a href=\"https:\/\/www.ifema.es\/mbfw-madrid\/agenda\" rel=\"noopener\">Calendario oficial MBFW Madrid <\/a><\/li>\n<\/ul>\n","protected":false},"excerpt":{"rendered":"<p>Si est\u00e1s buscando las fechas de la Mercedes-Benz Fashion Week Madrid 2026, hay dos momentos clave que deber\u00edas tener en cuenta: una edici\u00f3n principal en febrero y otra en septiembre de 2026, siguiendo el calendario habitual de la pasarela madrile\u00f1a. Pero para una marca, saber las fechas es solo el primer paso. La verdadera pregunta suele ser otra: qu\u00e9 tipo de espacio necesitas en Madrid durante Fashion Week. Algunas marcas lo buscan como alquiler de espacio para eventos, otras como showroom temporal, otras como venue para brand activation, y solo una parte lo identifica directamente como pop-up store. Por eso, [&hellip;]<\/p>\n","protected":false},"author":23,"featured_media":24979,"comment_status":"open","ping_status":"open","sticky":false,"template":"","format":"standard","meta":{"footnotes":""},"categories":[660],"tags":[],"class_list":["post-24695","post","type-post","status-publish","format-standard","has-post-thumbnail","hentry","category-fashion-week"],"_links":{"self":[{"href":"https:\/\/magazinetest.atomic4dev.net\/es\/wp-json\/wp\/v2\/posts\/24695","targetHints":{"allow":["GET"]}}],"collection":[{"href":"https:\/\/magazinetest.atomic4dev.net\/es\/wp-json\/wp\/v2\/posts"}],"about":[{"href":"https:\/\/magazinetest.atomic4dev.net\/es\/wp-json\/wp\/v2\/types\/post"}],"author":[{"embeddable":true,"href":"https:\/\/magazinetest.atomic4dev.net\/es\/wp-json\/wp\/v2\/users\/23"}],"replies":[{"embeddable":true,"href":"https:\/\/magazinetest.atomic4dev.net\/es\/wp-json\/wp\/v2\/comments?post=24695"}],"version-history":[{"count":7,"href":"https:\/\/magazinetest.atomic4dev.net\/es\/wp-json\/wp\/v2\/posts\/24695\/revisions"}],"predecessor-version":[{"id":24983,"href":"https:\/\/magazinetest.atomic4dev.net\/es\/wp-json\/wp\/v2\/posts\/24695\/revisions\/24983"}],"wp:featuredmedia":[{"embeddable":true,"href":"https:\/\/magazinetest.atomic4dev.net\/es\/wp-json\/wp\/v2\/media\/24979"}],"wp:attachment":[{"href":"https:\/\/magazinetest.atomic4dev.net\/es\/wp-json\/wp\/v2\/media?parent=24695"}],"wp:term":[{"taxonomy":"category","embeddable":true,"href":"https:\/\/magazinetest.atomic4dev.net\/es\/wp-json\/wp\/v2\/categories?post=24695"},{"taxonomy":"post_tag","embeddable":true,"href":"https:\/\/magazinetest.atomic4dev.net\/es\/wp-json\/wp\/v2\/tags?post=24695"}],"curies":[{"name":"wp","href":"https:\/\/api.w.org\/{rel}","templated":true}]}}