{"id":24667,"date":"2026-04-24T11:36:43","date_gmt":"2026-04-24T09:36:43","guid":{"rendered":"https:\/\/magazinetest.atomic4dev.net\/?p=24667"},"modified":"2026-06-29T13:53:28","modified_gmt":"2026-06-29T11:53:28","slug":"berlin-fashion-week","status":"publish","type":"post","link":"https:\/\/magazinetest.atomic4dev.net\/es\/berlin-fashion-week\/","title":{"rendered":"Berlin Fashion Week 2026: fechas clave, mejores zonas para pop-ups y qu\u00e9 deber\u00edan planificar las marcas con antelaci\u00f3n"},"content":{"rendered":"\n<p class=\"wp-block-paragraph\">Berlin Fashion Week sigue consolid\u00e1ndose como uno de los momentos m\u00e1s interesantes del calendario europeo para marcas que buscan visibilidad en un entorno menos saturado que otras capitales tradicionales, pero con una fuerte lectura creativa y una capacidad real de generar posicionamiento.<\/p>\n\n\n\n<p class=\"wp-block-paragraph\">A diferencia de otras ciudades como Paris o Milan, Berl\u00edn no funciona principalmente desde la l\u00f3gica del lujo cl\u00e1sico, sino desde una combinaci\u00f3n de creatividad, industria emergente, narrativa cultural y capacidad de activaci\u00f3n urbana.<\/p>\n\n\n\n<p class=\"wp-block-paragraph\">Para muchas marcas internacionales, entender las fechas oficiales es solo una parte de la decisi\u00f3n. En la pr\u00e1ctica, lo que m\u00e1s condiciona el resultado es elegir bien qu\u00e9 edici\u00f3n encaja con el objetivo y qu\u00e9 distrito permite construir una activaci\u00f3n coherente con el tipo de marca.<\/p>\n\n\n\n<p class=\"wp-block-paragraph\">Seg\u00fan el calendario habitual de Fashion Council Germany, las dos principales ventanas de Berlin Fashion Week se concentran en enero y julio, que son las dos ediciones donde la ciudad concentra mayor actividad profesional, eventos paralelos, showrooms y visibilidad internacional.<\/p>\n\n\n\n<h2 class=\"wp-block-heading\">Fechas principales de Berlin Fashion Week 2026<\/h2>\n\n\n\n<figure class=\"wp-block-table\"><table class=\"has-fixed-layout\"><tbody><tr><td><strong>Sesi\u00f3n<\/strong><\/td><td><strong>Fechas estimadas<\/strong><\/td><td><strong>Por qu\u00e9 importa para las marcas<\/strong><\/td><\/tr><tr><td>Winter Edition<\/td><td>Enero 2026<\/td><td>Primer pico creativo del a\u00f1o<\/td><\/tr><tr><td>Summer Edition<\/td><td>Julio 2026<\/td><td>M\u00e1xima actividad internacional<\/td><\/tr><\/tbody><\/table><\/figure>\n\n\n\n<p class=\"wp-block-paragraph\">Para muchas marcas, <strong>julio suele generar mayor presi\u00f3n sobre espacios temporales<\/strong>, especialmente en zonas con m\u00e1s tr\u00e1fico creativo y presencia de eventos paralelos.<\/p>\n\n\n\n<p class=\"wp-block-paragraph\">M\u00e1s all\u00e1 de las fechas, Berl\u00edn exige entender bien c\u00f3mo se mueve cada distrito durante esos d\u00edas.<\/p>\n\n\n\n<figure data-wp-context=\"{&quot;imageId&quot;:&quot;6a9abad077712&quot;}\" data-wp-interactive=\"core\/image\" data-wp-key=\"6a9abad077712\" class=\"wp-block-image size-large wp-lightbox-container\"><img loading=\"lazy\" decoding=\"async\" width=\"1024\" height=\"683\" data-wp-class--hide=\"state.isContentHidden\" data-wp-class--show=\"state.isContentVisible\" data-wp-init=\"callbacks.setButtonStyles\" data-wp-on--click=\"actions.showLightbox\" data-wp-on--load=\"callbacks.setButtonStyles\" data-wp-on--pointerdown=\"actions.preloadImage\" data-wp-on--pointerenter=\"actions.preloadImageWithDelay\" data-wp-on--pointerleave=\"actions.cancelPreload\" data-wp-on-window--resize=\"callbacks.setButtonStyles\" src=\"http:\/\/magazinetest.atomic4dev.net\/wp-content\/uploads\/2026\/04\/Berlin-fashion-week-1024x683.png\" alt=\"\" class=\"wp-image-24771\" srcset=\"https:\/\/magazinetest.atomic4dev.net\/wp-content\/uploads\/2026\/04\/Berlin-fashion-week-1024x683.png 1024w, https:\/\/magazinetest.atomic4dev.net\/wp-content\/uploads\/2026\/04\/Berlin-fashion-week-300x200.png 300w, https:\/\/magazinetest.atomic4dev.net\/wp-content\/uploads\/2026\/04\/Berlin-fashion-week-768x512.png 768w, https:\/\/magazinetest.atomic4dev.net\/wp-content\/uploads\/2026\/04\/Berlin-fashion-week-24x16.png 24w, https:\/\/magazinetest.atomic4dev.net\/wp-content\/uploads\/2026\/04\/Berlin-fashion-week-36x24.png 36w, https:\/\/magazinetest.atomic4dev.net\/wp-content\/uploads\/2026\/04\/Berlin-fashion-week-48x32.png 48w, https:\/\/magazinetest.atomic4dev.net\/wp-content\/uploads\/2026\/04\/Berlin-fashion-week.png 1536w\" sizes=\"auto, (max-width: 1024px) 100vw, 1024px\" \/><button\n\t\t\tclass=\"lightbox-trigger\"\n\t\t\ttype=\"button\"\n\t\t\taria-haspopup=\"dialog\"\n\t\t\tdata-wp-bind--aria-label=\"state.thisImage.triggerButtonAriaLabel\"\n\t\t\tdata-wp-init=\"callbacks.initTriggerButton\"\n\t\t\tdata-wp-on--click=\"actions.showLightbox\"\n\t\t\tdata-wp-style--right=\"state.thisImage.buttonRight\"\n\t\t\tdata-wp-style--top=\"state.thisImage.buttonTop\"\n\t\t>\n\t\t\t<svg xmlns=\"http:\/\/www.w3.org\/2000\/svg\" width=\"12\" height=\"12\" fill=\"none\" viewBox=\"0 0 12 12\">\n\t\t\t\t<path fill=\"#fff\" d=\"M2 0a2 2 0 0 0-2 2v2h1.5V2a.5.5 0 0 1 .5-.5h2V0H2Zm2 10.5H2a.5.5 0 0 1-.5-.5V8H0v2a2 2 0 0 0 2 2h2v-1.5ZM8 12v-1.5h2a.5.5 0 0 0 .5-.5V8H12v2a2 2 0 0 1-2 2H8Zm2-12a2 2 0 0 1 2 2v2h-1.5V2a.5.5 0 0 0-.5-.5H8V0h2Z\" \/>\n\t\t\t<\/svg>\n\t\t<\/button><\/figure>\n\n\n\n<h2 class=\"wp-block-heading\">Por qu\u00e9 Berlin Fashion Week importa m\u00e1s all\u00e1 del calendario oficial<\/h2>\n\n\n\n<p class=\"wp-block-paragraph\">Berlin funciona de forma muy distinta a otras capitales de moda europeas.<\/p>\n\n\n\n<p class=\"wp-block-paragraph\">Aqu\u00ed la visibilidad no depende solo de estar en una direcci\u00f3n premium, sino de c\u00f3mo encaja el proyecto dentro del ecosistema urbano de cada barrio.<\/p>\n\n\n\n<p class=\"wp-block-paragraph\">Una activaci\u00f3n bien planteada durante Berlin Fashion Week puede servir para:<\/p>\n\n\n\n<ul class=\"wp-block-list\">\n<li>reforzar posicionamiento creativo<\/li>\n\n\n\n<li>lanzar narrativa de marca<\/li>\n\n\n\n<li>activar comunidad local<\/li>\n\n\n\n<li>validar inter\u00e9s en un mercado europeo menos r\u00edgido<\/li>\n<\/ul>\n\n\n\n<p class=\"wp-block-paragraph\">Berlin suele atraer proyectos donde importa tanto el contenido como el espacio.<\/p>\n\n\n\n<h2 class=\"wp-block-heading\">Qu\u00e9 edici\u00f3n de Berlin Fashion Week es m\u00e1s relevante para tu marca<\/h2>\n\n\n\n<p class=\"wp-block-paragraph\">No todas las ediciones generan el mismo tipo de oportunidad.<\/p>\n\n\n\n<p class=\"wp-block-paragraph\">Aunque Berl\u00edn tiene dos grandes ventanas, cada una activa una energ\u00eda distinta en la ciudad.<\/p>\n\n\n\n<h3 class=\"wp-block-heading\">Enero: industria, showroom y entorno profesional<\/h3>\n\n\n\n<p class=\"wp-block-paragraph\">La edici\u00f3n de enero suele concentrar un entorno m\u00e1s profesional, con especial peso de presentaciones, showroom y agendas m\u00e1s orientadas a buyer.<\/p>\n\n\n\n<p class=\"wp-block-paragraph\">Es una edici\u00f3n interesante para marcas que buscan conversaci\u00f3n sectorial sin depender tanto del volumen urbano.<\/p>\n\n\n\n<h3 class=\"wp-block-heading\">Julio: m\u00e1xima visibilidad urbana y creatividad<\/h3>\n\n\n\n<p class=\"wp-block-paragraph\">Julio es normalmente la edici\u00f3n con mayor intensidad internacional.<\/p>\n\n\n\n<p class=\"wp-block-paragraph\">La ciudad concentra m\u00e1s eventos paralelos, mayor actividad cultural y m\u00e1s capacidad de generar conversaci\u00f3n fuera del circuito estrictamente profesional.<\/p>\n\n\n\n<p class=\"wp-block-paragraph\">Para muchas marcas, es la mejor edici\u00f3n para formatos pop-up o activaciones abiertas.<\/p>\n\n\n<div class=\"wp-block-image\">\n<figure data-wp-context=\"{&quot;imageId&quot;:&quot;6a9abad0786b1&quot;}\" data-wp-interactive=\"core\/image\" data-wp-key=\"6a9abad0786b1\" class=\"aligncenter size-large is-resized wp-lightbox-container\"><img loading=\"lazy\" decoding=\"async\" width=\"1024\" height=\"683\" data-wp-class--hide=\"state.isContentHidden\" data-wp-class--show=\"state.isContentVisible\" data-wp-init=\"callbacks.setButtonStyles\" data-wp-on--click=\"actions.showLightbox\" data-wp-on--load=\"callbacks.setButtonStyles\" data-wp-on--pointerdown=\"actions.preloadImage\" data-wp-on--pointerenter=\"actions.preloadImageWithDelay\" data-wp-on--pointerleave=\"actions.cancelPreload\" data-wp-on-window--resize=\"callbacks.setButtonStyles\" src=\"http:\/\/magazinetest.atomic4dev.net\/wp-content\/uploads\/2026\/04\/Timeline-1024x683.png\" alt=\"\" class=\"wp-image-24673\" style=\"width:816px;height:auto\" srcset=\"https:\/\/magazinetest.atomic4dev.net\/wp-content\/uploads\/2026\/04\/Timeline-1024x683.png 1024w, https:\/\/magazinetest.atomic4dev.net\/wp-content\/uploads\/2026\/04\/Timeline-300x200.png 300w, https:\/\/magazinetest.atomic4dev.net\/wp-content\/uploads\/2026\/04\/Timeline-768x512.png 768w, https:\/\/magazinetest.atomic4dev.net\/wp-content\/uploads\/2026\/04\/Timeline-24x16.png 24w, https:\/\/magazinetest.atomic4dev.net\/wp-content\/uploads\/2026\/04\/Timeline-36x24.png 36w, https:\/\/magazinetest.atomic4dev.net\/wp-content\/uploads\/2026\/04\/Timeline-48x32.png 48w, https:\/\/magazinetest.atomic4dev.net\/wp-content\/uploads\/2026\/04\/Timeline.png 1536w\" sizes=\"auto, (max-width: 1024px) 100vw, 1024px\" \/><button\n\t\t\tclass=\"lightbox-trigger\"\n\t\t\ttype=\"button\"\n\t\t\taria-haspopup=\"dialog\"\n\t\t\tdata-wp-bind--aria-label=\"state.thisImage.triggerButtonAriaLabel\"\n\t\t\tdata-wp-init=\"callbacks.initTriggerButton\"\n\t\t\tdata-wp-on--click=\"actions.showLightbox\"\n\t\t\tdata-wp-style--right=\"state.thisImage.buttonRight\"\n\t\t\tdata-wp-style--top=\"state.thisImage.buttonTop\"\n\t\t>\n\t\t\t<svg xmlns=\"http:\/\/www.w3.org\/2000\/svg\" width=\"12\" height=\"12\" fill=\"none\" viewBox=\"0 0 12 12\">\n\t\t\t\t<path fill=\"#fff\" d=\"M2 0a2 2 0 0 0-2 2v2h1.5V2a.5.5 0 0 1 .5-.5h2V0H2Zm2 10.5H2a.5.5 0 0 1-.5-.5V8H0v2a2 2 0 0 0 2 2h2v-1.5ZM8 12v-1.5h2a.5.5 0 0 0 .5-.5V8H12v2a2 2 0 0 1-2 2H8Zm2-12a2 2 0 0 1 2 2v2h-1.5V2a.5.5 0 0 0-.5-.5H8V0h2Z\" \/>\n\t\t\t<\/svg>\n\t\t<\/button><\/figure>\n<\/div>\n\n\n<h2 class=\"wp-block-heading\">Mejores zonas de Berl\u00edn para pop-ups durante Fashion Week<\/h2>\n\n\n\n<p class=\"wp-block-paragraph\">En Berl\u00edn, elegir distrito cambia completamente la lectura del proyecto.<\/p>\n\n\n\n<h3 class=\"wp-block-heading\">Mitte<\/h3>\n\n\n\n<p class=\"wp-block-paragraph\">Sigue siendo una de las zonas m\u00e1s s\u00f3lidas para marcas que buscan visibilidad central y proximidad a tr\u00e1fico internacional.<\/p>\n\n\n\n<p class=\"wp-block-paragraph\">Permite una lectura equilibrada entre marca consolidada y entorno urbano premium.<\/p>\n\n\n\n<h3 class=\"wp-block-heading\">Kreuzberg<\/h3>\n\n\n\n<p class=\"wp-block-paragraph\">Funciona especialmente bien para activaciones con l\u00f3gica cultural, narrativa contempor\u00e1nea o proyectos con identidad fuerte.<\/p>\n\n\n\n<p class=\"wp-block-paragraph\">Es una zona donde muchas marcas encuentran una lectura menos institucional.<\/p>\n\n\n\n<h3 class=\"wp-block-heading\">Prenzlauer Berg<\/h3>\n\n\n\n<p class=\"wp-block-paragraph\">Encaja bien en proyectos premium con componente lifestyle y un p\u00fablico muy alineado con consumo local sofisticado.<\/p>\n\n\n\n<h3 class=\"wp-block-heading\">Potsdamer Platz<\/h3>\n\n\n\n<p class=\"wp-block-paragraph\">Muy vinculada a grandes eventos y presencia institucional durante fashion week.<\/p>\n\n\n\n<p class=\"wp-block-paragraph\">Suele ser relevante para activaciones m\u00e1s visibles o eventos vinculados al calendario oficial.<\/p>\n\n\n\n<h2 class=\"wp-block-heading\">Tabla r\u00e1pida de zonas recomendadas<\/h2>\n\n\n\n<figure class=\"wp-block-table\"><table class=\"has-fixed-layout\"><tbody><tr><td><strong>Zona<\/strong><\/td><td><strong>Ideal para<\/strong><\/td><td><strong>Perfil<\/strong><\/td><\/tr><tr><td>Mitte<\/td><td>visibilidad central<\/td><td>premium urbano<\/td><\/tr><tr><td>Kreuzberg<\/td><td>narrativa creativa<\/td><td>experimental<\/td><\/tr><tr><td>Prenzlauer Berg<\/td><td>lifestyle premium<\/td><td>sofisticado<\/td><\/tr><tr><td>Potsdamer Platz<\/td><td>gran visibilidad<\/td><td>institucional<\/td><\/tr><\/tbody><\/table><\/figure>\n\n\n<div class=\"wp-block-image\">\n<figure data-wp-context=\"{&quot;imageId&quot;:&quot;6a9abad07936c&quot;}\" data-wp-interactive=\"core\/image\" data-wp-key=\"6a9abad07936c\" class=\"aligncenter size-large is-resized wp-lightbox-container\"><img loading=\"lazy\" decoding=\"async\" width=\"1024\" height=\"683\" data-wp-class--hide=\"state.isContentHidden\" data-wp-class--show=\"state.isContentVisible\" data-wp-init=\"callbacks.setButtonStyles\" data-wp-on--click=\"actions.showLightbox\" data-wp-on--load=\"callbacks.setButtonStyles\" data-wp-on--pointerdown=\"actions.preloadImage\" data-wp-on--pointerenter=\"actions.preloadImageWithDelay\" data-wp-on--pointerleave=\"actions.cancelPreload\" data-wp-on-window--resize=\"callbacks.setButtonStyles\" src=\"http:\/\/magazinetest.atomic4dev.net\/wp-content\/uploads\/2026\/04\/BERLIN-DURANTE-FASHION-WEEK-1024x683.png\" alt=\"\" class=\"wp-image-24670\" style=\"width:674px;height:auto\" srcset=\"https:\/\/magazinetest.atomic4dev.net\/wp-content\/uploads\/2026\/04\/BERLIN-DURANTE-FASHION-WEEK-1024x683.png 1024w, https:\/\/magazinetest.atomic4dev.net\/wp-content\/uploads\/2026\/04\/BERLIN-DURANTE-FASHION-WEEK-300x200.png 300w, https:\/\/magazinetest.atomic4dev.net\/wp-content\/uploads\/2026\/04\/BERLIN-DURANTE-FASHION-WEEK-768x512.png 768w, https:\/\/magazinetest.atomic4dev.net\/wp-content\/uploads\/2026\/04\/BERLIN-DURANTE-FASHION-WEEK-24x16.png 24w, https:\/\/magazinetest.atomic4dev.net\/wp-content\/uploads\/2026\/04\/BERLIN-DURANTE-FASHION-WEEK-36x24.png 36w, https:\/\/magazinetest.atomic4dev.net\/wp-content\/uploads\/2026\/04\/BERLIN-DURANTE-FASHION-WEEK-48x32.png 48w, https:\/\/magazinetest.atomic4dev.net\/wp-content\/uploads\/2026\/04\/BERLIN-DURANTE-FASHION-WEEK.png 1536w\" sizes=\"auto, (max-width: 1024px) 100vw, 1024px\" \/><button\n\t\t\tclass=\"lightbox-trigger\"\n\t\t\ttype=\"button\"\n\t\t\taria-haspopup=\"dialog\"\n\t\t\tdata-wp-bind--aria-label=\"state.thisImage.triggerButtonAriaLabel\"\n\t\t\tdata-wp-init=\"callbacks.initTriggerButton\"\n\t\t\tdata-wp-on--click=\"actions.showLightbox\"\n\t\t\tdata-wp-style--right=\"state.thisImage.buttonRight\"\n\t\t\tdata-wp-style--top=\"state.thisImage.buttonTop\"\n\t\t>\n\t\t\t<svg xmlns=\"http:\/\/www.w3.org\/2000\/svg\" width=\"12\" height=\"12\" fill=\"none\" viewBox=\"0 0 12 12\">\n\t\t\t\t<path fill=\"#fff\" d=\"M2 0a2 2 0 0 0-2 2v2h1.5V2a.5.5 0 0 1 .5-.5h2V0H2Zm2 10.5H2a.5.5 0 0 1-.5-.5V8H0v2a2 2 0 0 0 2 2h2v-1.5ZM8 12v-1.5h2a.5.5 0 0 0 .5-.5V8H12v2a2 2 0 0 1-2 2H8Zm2-12a2 2 0 0 1 2 2v2h-1.5V2a.5.5 0 0 0-.5-.5H8V0h2Z\" \/>\n\t\t\t<\/svg>\n\t\t<\/button><\/figure>\n<\/div>\n\n\n<h2 class=\"wp-block-heading\">Explorar espacios en Berl\u00edn para activaciones durante Fashion Week<\/h2>\n\n\n\n<p class=\"wp-block-paragraph\">Si el proyecto ya est\u00e1 pasando de research a ejecuci\u00f3n, comparar espacios reales con tiempo suele generar mejores decisiones que esperar al calendario final.<\/p>\n\n\n\n<p class=\"wp-block-paragraph\">Colecciones sugeridas:<\/p>\n\n\n\n<div class=\"wp-block-buttons is-layout-flex wp-block-buttons-is-layout-flex\">\n<div class=\"wp-block-button is-style-fill\"><a class=\"wp-block-button__link wp-element-button\" href=\"https:\/\/app.gopopup.com\/es\/collection\/espacios-para-eventos-BERLIN\" rel=\"noopener\">Berlin pop-up spaces<\/a><\/div>\n\n\n\n<div class=\"wp-block-button is-style-fill\"><a class=\"wp-block-button__link wp-element-button\" href=\"https:\/\/app.gopopup.com\/es\/collection\/pop-up-stores-berlin\" rel=\"noopener\">berlin event venues<\/a><\/div>\n<\/div>\n\n\n\n<h2 class=\"wp-block-heading\">Pop-up, showroom o activaci\u00f3n privada: qu\u00e9 formato encaja mejor<\/h2>\n\n\n\n<figure class=\"wp-block-table\"><table class=\"has-fixed-layout\"><tbody><tr><td><strong>Objetivo<\/strong><\/td><td><strong>Formato<\/strong><\/td><\/tr><tr><td>Visibilidad urbana<\/td><td>Pop-up<\/td><\/tr><tr><td>Reuniones comerciales<\/td><td>Showroom<\/td><\/tr><tr><td>Lanzamiento creativo<\/td><td>Venue privado<\/td><\/tr><tr><td>Entrada de mercado<\/td><td>Retail temporal flexible<\/td><\/tr><\/tbody><\/table><\/figure>\n\n\n\n<h2 class=\"wp-block-heading\">Cu\u00e1ndo asegurar espacio para Berlin Fashion Week 2026<\/h2>\n\n\n\n<p class=\"wp-block-paragraph\">Uno de los errores m\u00e1s habituales es pensar que Berl\u00edn ofrece margen ilimitado por tama\u00f1o de ciudad.<\/p>\n\n\n\n<p class=\"wp-block-paragraph\">En realidad, las zonas con mejor lectura de marca empiezan a tensionarse pronto, especialmente en julio.<\/p>\n\n\n\n<p class=\"wp-block-paragraph\">Definir pronto distrito, formato y timing suele abrir mejores opciones.<\/p>\n\n\n\n<h2 class=\"wp-block-heading\">Lo que muchas marcas subestiman al planificar Berl\u00edn<\/h2>\n\n\n\n<p class=\"wp-block-paragraph\">Berlin no responde igual que Par\u00eds o Mil\u00e1n.<\/p>\n\n\n\n<p class=\"wp-block-paragraph\">Aqu\u00ed el barrio transmite casi tanto como el propio venue.<\/p>\n\n\n\n<p class=\"wp-block-paragraph\">Una mala elecci\u00f3n de zona puede alterar por completo c\u00f3mo se interpreta una activaci\u00f3n.<\/p>\n\n\n\n<h2 class=\"wp-block-heading\">Por qu\u00e9 la ejecuci\u00f3n local importa en Berl\u00edn<\/h2>\n\n\n\n<p class=\"wp-block-paragraph\">Encontrar espacio es solo una parte.<\/p>\n\n\n\n<p class=\"wp-block-paragraph\">Permisos, montaje, producci\u00f3n local y coordinaci\u00f3n t\u00e9cnica suelen influir mucho m\u00e1s de lo que muchas marcas prev\u00e9n.<\/p>\n\n\n\n<p class=\"wp-block-paragraph\">Especialmente en zonas con fuerte actividad cultural o tr\u00e1fico elevado.<\/p>\n\n\n\n<h2 class=\"wp-block-heading\">Planificar una activaci\u00f3n en Berlin Fashion Week 2026<\/h2>\n\n\n\n<p class=\"wp-block-paragraph\">Las activaciones que mejor funcionan rara vez se deciden cuando el calendario oficial ya est\u00e1 cerrado.<\/p>\n\n\n\n<p class=\"wp-block-paragraph\">En ese momento muchas oportunidades relevantes ya est\u00e1n siendo evaluadas.<\/p>\n\n\n\n<p class=\"wp-block-paragraph\">Por eso, empezar pronto suele ser una ventaja clara.<\/p>\n\n\n\n<p class=\"wp-block-paragraph\">Si ya est\u00e1s explorando posibilidades:<\/p>\n\n\n\n<p class=\"wp-block-paragraph\"><strong><a href=\"https:\/\/app.gopopup.com\/es\/collection\/espacios-para-eventos-berlin\" rel=\"noopener\">Visita nuestro marketplace de espacios para eventos en Berl\u00edn<\/a><\/strong><\/p>\n\n\n\n<p class=\"wp-block-paragraph\">Y si el proyecto implica producci\u00f3n, permisos o soporte local, conviene plantearlo desde el inicio.<\/p>\n\n\n\n<p class=\"wp-block-paragraph\"><strong>Cu\u00e9ntanos tu proyecto<\/strong><\/p>\n\n\n\n<h2 class=\"wp-block-heading\">FAQ: Berlin Fashion Week 2026 para marcas<\/h2>\n\n\n\n<h3 class=\"wp-block-heading\">\u00bfCu\u00e1ndo es Berlin Fashion Week 2026?<\/h3>\n\n\n\n<p class=\"wp-block-paragraph\">Berlin Fashion Week suele concentrar sus dos principales ediciones en enero y julio, que son los dos momentos donde la ciudad re\u00fane mayor actividad de moda, presentaciones y eventos paralelos.<\/p>\n\n\n\n<p class=\"wp-block-paragraph\">La edici\u00f3n de enero suele estar m\u00e1s ligada a agendas profesionales y showroom, mientras que julio activa una lectura m\u00e1s visible en ciudad y una mayor presencia internacional.<\/p>\n\n\n\n<p class=\"wp-block-paragraph\">Para muchas marcas, m\u00e1s importante que la fecha exacta es entender qu\u00e9 edici\u00f3n encaja mejor con el tipo de activaci\u00f3n que quieren desarrollar.<\/p>\n\n\n\n<h3 class=\"wp-block-heading\">\u00bfQu\u00e9 edici\u00f3n funciona mejor para un pop-up?<\/h3>\n\n\n\n<p class=\"wp-block-paragraph\">En muchos casos, julio suele ser la edici\u00f3n m\u00e1s interesante para formatos pop-up porque la ciudad concentra m\u00e1s movimiento internacional, m\u00e1s eventos y una din\u00e1mica urbana m\u00e1s favorable para ganar visibilidad.<\/p>\n\n\n\n<p class=\"wp-block-paragraph\">Es una ventana especialmente \u00fatil cuando la marca busca presencia p\u00fablica, notoriedad o una activaci\u00f3n con recorrido m\u00e1s abierto.<\/p>\n\n\n\n<p class=\"wp-block-paragraph\">Enero puede funcionar mejor en proyectos m\u00e1s orientados a showroom o reuniones selectivas.<\/p>\n\n\n\n<h3 class=\"wp-block-heading\">\u00bfCu\u00e1ndo conviene empezar a planificar?<\/h3>\n\n\n\n<p class=\"wp-block-paragraph\">Lo recomendable es empezar con antelaci\u00f3n, especialmente si el proyecto necesita una zona concreta o un espacio con buena lectura de marca.<\/p>\n\n\n\n<p class=\"wp-block-paragraph\">Aunque Berl\u00edn ofrece bastante flexibilidad, durante fashion week algunas zonas empiezan a reducir disponibilidad antes de lo que muchas marcas esperan.<\/p>\n\n\n\n<p class=\"wp-block-paragraph\">Definir pronto barrio, formato y objetivo suele facilitar mejores decisiones.<\/p>\n\n\n\n<h3 class=\"wp-block-heading\">\u00bfEs mejor showroom o pop-up?<\/h3>\n\n\n\n<p class=\"wp-block-paragraph\">Depende del objetivo principal.<\/p>\n\n\n\n<p class=\"wp-block-paragraph\">Un pop-up suele funcionar mejor cuando la marca busca visibilidad, interacci\u00f3n y presencia en calle.<\/p>\n\n\n\n<p class=\"wp-block-paragraph\">Un showroom, en cambio, suele ser m\u00e1s eficiente cuando el foco est\u00e1 en reuniones, citas privadas o presentaciones m\u00e1s controladas.<\/p>\n\n\n\n<p class=\"wp-block-paragraph\">En Berl\u00edn, muchas veces el formato correcto ayuda a decidir mejor qu\u00e9 zona tiene m\u00e1s sentido.<\/p>\n\n\n\n<h2 class=\"wp-block-heading\">Referencias \u00fatiles y lectura adicional<\/h2>\n\n\n\n<p class=\"wp-block-paragraph\">Si quieres profundizar m\u00e1s sobre Berlin Fashion Week, aqu\u00ed tienes fuentes \u00fatiles:<\/p>\n\n\n\n<p class=\"wp-block-paragraph\"><strong>Web oficial de Fashion Council Germany<\/strong><strong><br><\/strong><a href=\"https:\/\/fashionweek.berlin\/\" rel=\"noopener\">https:\/\/fashionweek.berlin\/<\/a><\/p>\n\n\n\n<p class=\"wp-block-paragraph\"><strong>Calendario de eventos en Potsdamer Platz<\/strong><strong><br><\/strong><a href=\"https:\/\/www.potsdamerplatz.de\/de\/events\/berlin-fashion-week-2026\/\" rel=\"noopener\">https:\/\/www.potsdamerplatz.de\/de\/events\/berlin-fashion-week-2026\/<\/a><\/p>\n\n\n\n<p class=\"wp-block-paragraph\"><strong>Visi\u00f3n editorial de tendencias recientes seg\u00fan Vogue Germany<\/strong><strong><br><\/strong><a href=\"https:\/\/www.vogue.de\/galerie\/berlin-fashion-week-shows-highlights-looks-trends\" rel=\"noopener\">https:\/\/www.vogue.de\/galerie\/berlin-fashion-week-shows-highlights-looks-trends<\/a><\/p>\n\n\n\n<script type=\"application\/ld+json\">\n{\n  \"@context\": \"https:\/\/schema.org\",\n  \"@type\": \"FAQPage\",\n  \"mainEntity\": [\n    {\n      \"@type\": \"Question\",\n      \"name\": \"\u00bfCu\u00e1ndo es Berlin Fashion Week 2026?\",\n      \"acceptedAnswer\": {\n        \"@type\": \"Answer\",\n        \"text\": \"Berlin Fashion Week suele concentrar sus dos principales ediciones en enero y julio, que son los dos momentos donde la ciudad re\u00fane mayor actividad de moda, presentaciones y eventos paralelos. La edici\u00f3n de enero suele estar m\u00e1s ligada a agendas profesionales y showroom, mientras que julio activa una lectura m\u00e1s visible en ciudad y una mayor presencia internacional. Para muchas marcas, m\u00e1s importante que la fecha exacta es entender qu\u00e9 edici\u00f3n encaja mejor con el tipo de activaci\u00f3n que quieren desarrollar.\"\n      }\n    },\n    {\n      \"@type\": \"Question\",\n      \"name\": \"\u00bfQu\u00e9 edici\u00f3n funciona mejor para un pop-up?\",\n      \"acceptedAnswer\": {\n        \"@type\": \"Answer\",\n        \"text\": \"En muchos casos, julio suele ser la edici\u00f3n m\u00e1s interesante para formatos pop-up porque la ciudad concentra m\u00e1s movimiento internacional, m\u00e1s eventos y una din\u00e1mica urbana m\u00e1s favorable para ganar visibilidad. Es una ventana especialmente \u00fatil cuando la marca busca presencia p\u00fablica, notoriedad o una activaci\u00f3n con recorrido m\u00e1s abierto. Enero puede funcionar mejor en proyectos m\u00e1s orientados a showroom o reuniones selectivas.\"\n      }\n    },\n    {\n      \"@type\": \"Question\",\n      \"name\": \"\u00bfCu\u00e1ndo conviene empezar a planificar?\",\n      \"acceptedAnswer\": {\n        \"@type\": \"Answer\",\n        \"text\": \"Lo recomendable es empezar con antelaci\u00f3n, especialmente si el proyecto necesita una zona concreta o un espacio con buena lectura de marca. Aunque Berl\u00edn ofrece bastante flexibilidad, durante fashion week algunas zonas empiezan a reducir disponibilidad antes de lo que muchas marcas esperan. Definir pronto barrio, formato y objetivo suele facilitar mejores decisiones.\"\n      }\n    },\n    {\n      \"@type\": \"Question\",\n      \"name\": \"\u00bfEs mejor showroom o pop-up?\",\n      \"acceptedAnswer\": {\n        \"@type\": \"Answer\",\n        \"text\": \"Depende del objetivo principal. Un pop-up suele funcionar mejor cuando la marca busca visibilidad, interacci\u00f3n y presencia en calle. Un showroom, en cambio, suele ser m\u00e1s eficiente cuando el foco est\u00e1 en reuniones, citas privadas o presentaciones m\u00e1s controladas. En Berl\u00edn, muchas veces el formato correcto ayuda a decidir mejor qu\u00e9 zona tiene m\u00e1s sentido.\"\n      }\n    }\n  ]\n}\n<\/script>\n\n\n\n<p class=\"wp-block-paragraph\"><\/p>\n","protected":false},"excerpt":{"rendered":"<p>Berlin Fashion Week sigue consolid\u00e1ndose como uno de los momentos m\u00e1s interesantes del calendario europeo para marcas que buscan visibilidad en un entorno menos saturado que otras capitales tradicionales, pero con una fuerte lectura creativa y una capacidad real de generar posicionamiento. A diferencia de otras ciudades como Paris o Milan, Berl\u00edn no funciona principalmente desde la l\u00f3gica del lujo cl\u00e1sico, sino desde una combinaci\u00f3n de creatividad, industria emergente, narrativa cultural y capacidad de activaci\u00f3n urbana. Para muchas marcas internacionales, entender las fechas oficiales es solo una parte de la decisi\u00f3n. En la pr\u00e1ctica, lo que m\u00e1s condiciona el resultado [&hellip;]<\/p>\n","protected":false},"author":20,"featured_media":24672,"comment_status":"open","ping_status":"open","sticky":false,"template":"","format":"standard","meta":{"footnotes":""},"categories":[660],"tags":[],"class_list":["post-24667","post","type-post","status-publish","format-standard","has-post-thumbnail","hentry","category-fashion-week"],"_links":{"self":[{"href":"https:\/\/magazinetest.atomic4dev.net\/es\/wp-json\/wp\/v2\/posts\/24667","targetHints":{"allow":["GET"]}}],"collection":[{"href":"https:\/\/magazinetest.atomic4dev.net\/es\/wp-json\/wp\/v2\/posts"}],"about":[{"href":"https:\/\/magazinetest.atomic4dev.net\/es\/wp-json\/wp\/v2\/types\/post"}],"author":[{"embeddable":true,"href":"https:\/\/magazinetest.atomic4dev.net\/es\/wp-json\/wp\/v2\/users\/20"}],"replies":[{"embeddable":true,"href":"https:\/\/magazinetest.atomic4dev.net\/es\/wp-json\/wp\/v2\/comments?post=24667"}],"version-history":[{"count":4,"href":"https:\/\/magazinetest.atomic4dev.net\/es\/wp-json\/wp\/v2\/posts\/24667\/revisions"}],"predecessor-version":[{"id":24773,"href":"https:\/\/magazinetest.atomic4dev.net\/es\/wp-json\/wp\/v2\/posts\/24667\/revisions\/24773"}],"wp:featuredmedia":[{"embeddable":true,"href":"https:\/\/magazinetest.atomic4dev.net\/es\/wp-json\/wp\/v2\/media\/24672"}],"wp:attachment":[{"href":"https:\/\/magazinetest.atomic4dev.net\/es\/wp-json\/wp\/v2\/media?parent=24667"}],"wp:term":[{"taxonomy":"category","embeddable":true,"href":"https:\/\/magazinetest.atomic4dev.net\/es\/wp-json\/wp\/v2\/categories?post=24667"},{"taxonomy":"post_tag","embeddable":true,"href":"https:\/\/magazinetest.atomic4dev.net\/es\/wp-json\/wp\/v2\/tags?post=24667"}],"curies":[{"name":"wp","href":"https:\/\/api.w.org\/{rel}","templated":true}]}}