{"id":24499,"date":"2026-04-14T11:34:10","date_gmt":"2026-04-14T09:34:10","guid":{"rendered":"https:\/\/magazinetest.atomic4dev.net\/?p=24499"},"modified":"2026-06-29T13:53:31","modified_gmt":"2026-06-29T11:53:31","slug":"paris-fashion-week","status":"publish","type":"post","link":"https:\/\/magazinetest.atomic4dev.net\/es\/paris-fashion-week\/","title":{"rendered":"Paris Fashion Week 2026: fechas clave, mejores zonas para pop-ups y qu\u00e9 deber\u00edan planificar las marcas con antelaci\u00f3n"},"content":{"rendered":"\n<p class=\"wp-block-paragraph\">Paris Fashion Week sigue siendo uno de los momentos m\u00e1s competitivos del a\u00f1o para las marcas que buscan visibilidad f\u00edsica en una de las capitales de moda m\u00e1s influyentes del mundo. Para muchas marcas internacionales, conocer el calendario oficial es solo el punto de partida: el verdadero reto empieza bastante antes, cuando los mejores espacios temporales empiezan a desaparecer y la ubicaci\u00f3n deja de ser una cuesti\u00f3n log\u00edstica para convertirse en una decisi\u00f3n estrat\u00e9gica.<\/p>\n\n\n\n<p class=\"wp-block-paragraph\">Si est\u00e1s buscando las <strong>fechas de Paris Fashion Week 2026<\/strong>, hay cuatro momentos clave a tener en cuenta: enero, marzo, junio y finales de septiembre. Pero para una marca que est\u00e1 valorando abrir un pop-up, un showroom o una activaci\u00f3n privada, la cuesti\u00f3n importante no es solo cu\u00e1ndo ocurre, sino qu\u00e9 edici\u00f3n encaja mejor con su objetivo y con cu\u00e1nta antelaci\u00f3n conviene empezar a moverse. El calendario oficial publicado por F\u00e9d\u00e9ration de la Haute Couture et de la Mode marca cada a\u00f1o cuatro grandes ventanas principales entre menswear y womenswear, que son las que normalmente concentran m\u00e1s atenci\u00f3n y presi\u00f3n sobre el mercado de espacios.<\/p>\n\n\n<div class=\"wp-block-image\">\n<figure data-wp-context=\"{&quot;imageId&quot;:&quot;6a9aa6d406f48&quot;}\" data-wp-interactive=\"core\/image\" data-wp-key=\"6a9aa6d406f48\" class=\"aligncenter size-large wp-lightbox-container\"><img loading=\"lazy\" decoding=\"async\" width=\"768\" height=\"1024\" data-wp-class--hide=\"state.isContentHidden\" data-wp-class--show=\"state.isContentVisible\" data-wp-init=\"callbacks.setButtonStyles\" data-wp-on--click=\"actions.showLightbox\" data-wp-on--load=\"callbacks.setButtonStyles\" data-wp-on--pointerdown=\"actions.preloadImage\" data-wp-on--pointerenter=\"actions.preloadImageWithDelay\" data-wp-on--pointerleave=\"actions.cancelPreload\" data-wp-on-window--resize=\"callbacks.setButtonStyles\" src=\"http:\/\/magazinetest.atomic4dev.net\/wp-content\/uploads\/2026\/04\/da889423fa07d6bc29268cfd763f1e45-768x1024.jpg\" alt=\"\" class=\"wp-image-24972\" srcset=\"https:\/\/magazinetest.atomic4dev.net\/wp-content\/uploads\/2026\/04\/da889423fa07d6bc29268cfd763f1e45-768x1024.jpg 768w, https:\/\/magazinetest.atomic4dev.net\/wp-content\/uploads\/2026\/04\/da889423fa07d6bc29268cfd763f1e45-225x300.jpg 225w, https:\/\/magazinetest.atomic4dev.net\/wp-content\/uploads\/2026\/04\/da889423fa07d6bc29268cfd763f1e45-1152x1536.jpg 1152w, https:\/\/magazinetest.atomic4dev.net\/wp-content\/uploads\/2026\/04\/da889423fa07d6bc29268cfd763f1e45-18x24.jpg 18w, https:\/\/magazinetest.atomic4dev.net\/wp-content\/uploads\/2026\/04\/da889423fa07d6bc29268cfd763f1e45-27x36.jpg 27w, https:\/\/magazinetest.atomic4dev.net\/wp-content\/uploads\/2026\/04\/da889423fa07d6bc29268cfd763f1e45-36x48.jpg 36w, https:\/\/magazinetest.atomic4dev.net\/wp-content\/uploads\/2026\/04\/da889423fa07d6bc29268cfd763f1e45.jpg 1200w\" sizes=\"auto, (max-width: 768px) 100vw, 768px\" \/><button\n\t\t\tclass=\"lightbox-trigger\"\n\t\t\ttype=\"button\"\n\t\t\taria-haspopup=\"dialog\"\n\t\t\tdata-wp-bind--aria-label=\"state.thisImage.triggerButtonAriaLabel\"\n\t\t\tdata-wp-init=\"callbacks.initTriggerButton\"\n\t\t\tdata-wp-on--click=\"actions.showLightbox\"\n\t\t\tdata-wp-style--right=\"state.thisImage.buttonRight\"\n\t\t\tdata-wp-style--top=\"state.thisImage.buttonTop\"\n\t\t>\n\t\t\t<svg xmlns=\"http:\/\/www.w3.org\/2000\/svg\" width=\"12\" height=\"12\" fill=\"none\" viewBox=\"0 0 12 12\">\n\t\t\t\t<path fill=\"#fff\" d=\"M2 0a2 2 0 0 0-2 2v2h1.5V2a.5.5 0 0 1 .5-.5h2V0H2Zm2 10.5H2a.5.5 0 0 1-.5-.5V8H0v2a2 2 0 0 0 2 2h2v-1.5ZM8 12v-1.5h2a.5.5 0 0 0 .5-.5V8H12v2a2 2 0 0 1-2 2H8Zm2-12a2 2 0 0 1 2 2v2h-1.5V2a.5.5 0 0 0-.5-.5H8V0h2Z\" \/>\n\t\t\t<\/svg>\n\t\t<\/button><\/figure>\n<\/div>\n\n\n<h2 class=\"wp-block-heading\"><strong>Fechas principales de la Paris Fashion Week 2026<\/strong><\/h2>\n\n\n\n<p class=\"wp-block-paragraph\">Paris Fashion Week en 2026 gira en torno a cuatro sesiones principales que las marcas suelen vigilar primero:<\/p>\n\n\n\n<figure class=\"wp-block-table\"><table class=\"has-fixed-layout\"><tbody><tr><td><strong>Sesi\u00f3n<\/strong><\/td><td><strong>Fechas<\/strong><\/td><td><strong>Por qu\u00e9 importa para las marcas<\/strong><\/td><\/tr><tr><td>Menswear Fall\/Winter 2026\u20132027<\/td><td>20\u201325 enero 2026<\/td><td>Primer pico de presi\u00f3n en showrooms y venues<\/td><\/tr><tr><td>Womenswear Fall\/Winter 2026\u20132027<\/td><td>2\u201310 marzo 2026<\/td><td>M\u00e1xima visibilidad internacional<\/td><\/tr><tr><td>Menswear Spring\/Summer 2027<\/td><td>23\u201328 junio 2026<\/td><td>Buen momento para menswear y market testing<\/td><\/tr><tr><td>Womenswear Spring\/Summer 2027<\/td><td>28 septiembre\u20136 octubre 2026<\/td><td>Gran ventana de visibilidad de temporada<\/td><\/tr><\/tbody><\/table><\/figure>\n\n\n\n<p class=\"wp-block-paragraph\">Para las marcas que consultan <strong>cu\u00e1ndo es Paris Fashion Week 2026<\/strong>, marzo y finales de septiembre suelen ser los momentos que generan m\u00e1s demanda inmediata de pop-ups, showrooms y espacios de activaci\u00f3n, sobre todo porque concentran el mayor movimiento internacional en la ciudad.<\/p>\n\n\n\n<p class=\"wp-block-paragraph\">Para muchas marcas, el verdadero reto no es saber las fechas de Paris Fashion Week, sino decidir a tiempo qu\u00e9 tipo de presencia tiene sentido antes de que Par\u00eds empiece a llenarse.<\/p>\n\n\n\n<h2 class=\"wp-block-heading\"><strong>Por qu\u00e9 la Paris Fashion Week importa a las marcas m\u00e1s all\u00e1 del calendario oficial<\/strong><\/h2>\n\n\n\n<p class=\"wp-block-paragraph\">Paris Fashion Week no es solo un calendario de desfiles. Es uno de los pocos momentos del a\u00f1o en los que compradores, prensa, creativos y audiencias vinculadas a la moda coinciden f\u00edsicamente en la ciudad a gran escala.<\/p>\n\n\n\n<p class=\"wp-block-paragraph\">Eso cambia por completo el papel del retail temporal.<\/p>\n\n\n\n<p class=\"wp-block-paragraph\">Una activaci\u00f3n bien planteada durante Fashion Week puede responder a objetivos muy distintos: ganar visibilidad, recibir compradores en privado, testar un mercado o reforzar posicionamiento en una ciudad que sigue funcionando como filtro internacional de credibilidad para muchas marcas.<\/p>\n\n\n\n<p class=\"wp-block-paragraph\">Por eso muchas marcas no miran Par\u00eds solo como un evento, sino como una oportunidad comercial temporal. El calendario importa, pero la oportunidad real empieza antes.<\/p>\n\n\n<div class=\"wp-block-image\">\n<figure data-wp-context=\"{&quot;imageId&quot;:&quot;6a9aa6d407a4f&quot;}\" data-wp-interactive=\"core\/image\" data-wp-key=\"6a9aa6d407a4f\" class=\"aligncenter size-full wp-lightbox-container\"><img loading=\"lazy\" decoding=\"async\" width=\"736\" height=\"982\" data-wp-class--hide=\"state.isContentHidden\" data-wp-class--show=\"state.isContentVisible\" data-wp-init=\"callbacks.setButtonStyles\" data-wp-on--click=\"actions.showLightbox\" data-wp-on--load=\"callbacks.setButtonStyles\" data-wp-on--pointerdown=\"actions.preloadImage\" data-wp-on--pointerenter=\"actions.preloadImageWithDelay\" data-wp-on--pointerleave=\"actions.cancelPreload\" data-wp-on-window--resize=\"callbacks.setButtonStyles\" src=\"http:\/\/magazinetest.atomic4dev.net\/wp-content\/uploads\/2026\/04\/7dfc247553ed58053b3a70c406613b1c.jpg\" alt=\"\" class=\"wp-image-24974\" srcset=\"https:\/\/magazinetest.atomic4dev.net\/wp-content\/uploads\/2026\/04\/7dfc247553ed58053b3a70c406613b1c.jpg 736w, https:\/\/magazinetest.atomic4dev.net\/wp-content\/uploads\/2026\/04\/7dfc247553ed58053b3a70c406613b1c-225x300.jpg 225w, https:\/\/magazinetest.atomic4dev.net\/wp-content\/uploads\/2026\/04\/7dfc247553ed58053b3a70c406613b1c-18x24.jpg 18w, https:\/\/magazinetest.atomic4dev.net\/wp-content\/uploads\/2026\/04\/7dfc247553ed58053b3a70c406613b1c-27x36.jpg 27w, https:\/\/magazinetest.atomic4dev.net\/wp-content\/uploads\/2026\/04\/7dfc247553ed58053b3a70c406613b1c-36x48.jpg 36w\" sizes=\"auto, (max-width: 736px) 100vw, 736px\" \/><button\n\t\t\tclass=\"lightbox-trigger\"\n\t\t\ttype=\"button\"\n\t\t\taria-haspopup=\"dialog\"\n\t\t\tdata-wp-bind--aria-label=\"state.thisImage.triggerButtonAriaLabel\"\n\t\t\tdata-wp-init=\"callbacks.initTriggerButton\"\n\t\t\tdata-wp-on--click=\"actions.showLightbox\"\n\t\t\tdata-wp-style--right=\"state.thisImage.buttonRight\"\n\t\t\tdata-wp-style--top=\"state.thisImage.buttonTop\"\n\t\t>\n\t\t\t<svg xmlns=\"http:\/\/www.w3.org\/2000\/svg\" width=\"12\" height=\"12\" fill=\"none\" viewBox=\"0 0 12 12\">\n\t\t\t\t<path fill=\"#fff\" d=\"M2 0a2 2 0 0 0-2 2v2h1.5V2a.5.5 0 0 1 .5-.5h2V0H2Zm2 10.5H2a.5.5 0 0 1-.5-.5V8H0v2a2 2 0 0 0 2 2h2v-1.5ZM8 12v-1.5h2a.5.5 0 0 0 .5-.5V8H12v2a2 2 0 0 1-2 2H8Zm2-12a2 2 0 0 1 2 2v2h-1.5V2a.5.5 0 0 0-.5-.5H8V0h2Z\" \/>\n\t\t\t<\/svg>\n\t\t<\/button><figcaption class=\"wp-element-caption\">Screenshot<\/figcaption><\/figure>\n<\/div>\n\n\n<h2 class=\"wp-block-heading\"><strong>\u00bfQu\u00e9 edici\u00f3n de Paris Fashion Week es m\u00e1s relevante para tu marca?<\/strong><\/h2>\n\n\n\n<p class=\"wp-block-paragraph\">No todas las ediciones generan el mismo tipo de oportunidad. La elecci\u00f3n m\u00e1s adecuada depende de si la marca busca visibilidad, reuniones comerciales, encuentros privados o testear mercado.<\/p>\n\n\n\n<h3 class=\"wp-block-heading\"><strong>Enero: menswear y momentum de lujo temprano<\/strong><\/h3>\n\n\n\n<p class=\"wp-block-paragraph\">Enero suele atraer marcas vinculadas a menswear, accesorios y posicionamiento premium. Funciona especialmente bien para formatos m\u00e1s selectivos: showrooms, reuniones curadas o activaciones de escala m\u00e1s reducida.<\/p>\n\n\n\n<h3 class=\"wp-block-heading\"><strong>Marzo: la ventana de m\u00e1xima visibilidad<\/strong><\/h3>\n\n\n\n<p class=\"wp-block-paragraph\">Para muchas marcas, marzo sigue siendo el momento m\u00e1s estrat\u00e9gico del calendario.<\/p>\n\n\n\n<p class=\"wp-block-paragraph\">La edici\u00f3n womenswear concentra uno de los niveles m\u00e1s altos de atenci\u00f3n internacional en Par\u00eds, lo que normalmente implica mayor presi\u00f3n comercial sobre el retail temporal, m\u00e1s activaciones paralelas y m\u00e1s competencia por los mejores espacios.<\/p>\n\n\n\n<p class=\"wp-block-paragraph\">Para marcas que buscan impacto p\u00fablico, suele ser el momento en el que un pop-up bien ubicado puede generar m\u00e1s retorno.<\/p>\n\n\n\n<h3 class=\"wp-block-heading\"><strong>Junio: una din\u00e1mica distinta para marcas orientadas a menswear<\/strong><\/h3>\n\n\n\n<p class=\"wp-block-paragraph\">Junio puede ser una entrada m\u00e1s flexible para marcas centradas en menswear o categor\u00edas afines que buscan una ciudad activa, pero menos saturada que en marzo.<\/p>\n\n\n\n<p class=\"wp-block-paragraph\">La atenci\u00f3n sigue existiendo, aunque con otro ritmo.<\/p>\n\n\n\n<h3 class=\"wp-block-heading\"><strong>Septiembre \/ octubre: visibilidad Spring\/Summer y lanzamientos de final de a\u00f1o<\/strong><\/h3>\n\n\n\n<p class=\"wp-block-paragraph\">La edici\u00f3n de finales de septiembre suele ser especialmente interesante para marcas que quieren activar narrativa antes del cierre de a\u00f1o.<\/p>\n\n\n\n<p class=\"wp-block-paragraph\">Combina visibilidad internacional con una ciudad ya preparada para descubrir nuevas propuestas.<\/p>\n\n\n\n<h2 class=\"wp-block-heading\"><strong>Mejores zonas de Par\u00eds para un pop-up durante Fashion Week<\/strong><\/h2>\n\n\n\n<p class=\"wp-block-paragraph\">Elegir bien Par\u00eds rara vez significa elegir la zona m\u00e1s conocida. Lo importante es que la zona encaje con el objetivo.<\/p>\n\n\n\n<h3 class=\"wp-block-heading\"><strong>Le Marais<\/strong><\/h3>\n\n\n\n<p class=\"wp-block-paragraph\">Le Marais sigue siendo una de las opciones m\u00e1s potentes para marcas que buscan visibilidad, relevancia cultural y cercan\u00eda a un p\u00fablico muy conectado con moda y tendencias.<\/p>\n\n\n\n<p class=\"wp-block-paragraph\">Funciona especialmente bien para marcas contempor\u00e1neas, digitales o con fuerte componente narrativo.<\/p>\n\n\n\n<h3 class=\"wp-block-heading\"><strong>Saint-Germain-des-Pr\u00e9s<\/strong><\/h3>\n\n\n\n<p class=\"wp-block-paragraph\">Saint-Germain suele encajar mejor con marcas que buscan una percepci\u00f3n m\u00e1s premium, cuidada y tranquila.<\/p>\n\n\n\n<p class=\"wp-block-paragraph\">Muchas veces funciona mejor cuando el objetivo no es volumen m\u00e1ximo, sino una percepci\u00f3n m\u00e1s selectiva.<\/p>\n\n\n\n<h3 class=\"wp-block-heading\"><strong>Palais Royal y ejes centrales de lujo<\/strong><\/h3>\n\n\n\n<p class=\"wp-block-paragraph\">Para marcas que quieren un entorno m\u00e1s vinculado al lujo, esta zona genera una lectura diferente incluso antes de entrar en el espacio.<\/p>\n\n\n\n<p class=\"wp-block-paragraph\">El contexto pesa mucho.<\/p>\n\n\n<div class=\"wp-block-image\">\n<figure class=\"aligncenter size-large\"><a href=\"http:\/\/magazinetest.atomic4dev.net\/wp-content\/uploads\/2026\/04\/a39770ef47b7eed450370bd059b8e351.jpg\"><img loading=\"lazy\" decoding=\"async\" width=\"688\" height=\"1024\" src=\"http:\/\/magazinetest.atomic4dev.net\/wp-content\/uploads\/2026\/04\/a39770ef47b7eed450370bd059b8e351-688x1024.jpg\" alt=\"\" class=\"wp-image-24976\" srcset=\"https:\/\/magazinetest.atomic4dev.net\/wp-content\/uploads\/2026\/04\/a39770ef47b7eed450370bd059b8e351-688x1024.jpg 688w, https:\/\/magazinetest.atomic4dev.net\/wp-content\/uploads\/2026\/04\/a39770ef47b7eed450370bd059b8e351-201x300.jpg 201w, https:\/\/magazinetest.atomic4dev.net\/wp-content\/uploads\/2026\/04\/a39770ef47b7eed450370bd059b8e351-16x24.jpg 16w, https:\/\/magazinetest.atomic4dev.net\/wp-content\/uploads\/2026\/04\/a39770ef47b7eed450370bd059b8e351-24x36.jpg 24w, https:\/\/magazinetest.atomic4dev.net\/wp-content\/uploads\/2026\/04\/a39770ef47b7eed450370bd059b8e351-32x48.jpg 32w, https:\/\/magazinetest.atomic4dev.net\/wp-content\/uploads\/2026\/04\/a39770ef47b7eed450370bd059b8e351.jpg 736w\" sizes=\"auto, (max-width: 688px) 100vw, 688px\" \/><\/a><\/figure>\n<\/div>\n\n\n<h3 class=\"wp-block-heading\"><strong>Alternativas tipo showroom seg\u00fan objetivo<\/strong><\/h3>\n\n\n\n<p class=\"wp-block-paragraph\">No todas las marcas deber\u00edan priorizar escaparate a pie de calle.<\/p>\n\n\n\n<p class=\"wp-block-paragraph\">Si lo importante son reuniones privadas, compradores o relaciones estrat\u00e9gicas, un showroom bien elegido puede funcionar mejor que una ubicaci\u00f3n con alto tr\u00e1fico.<\/p>\n\n\n\n<h2 class=\"wp-block-heading\"><strong>Explorar espacios en Par\u00eds para activaciones durante Fashion Week<\/strong><\/h2>\n\n\n\n<p class=\"wp-block-paragraph\">Si tu proyecto ya est\u00e1 pasando de fase de investigaci\u00f3n a ejecuci\u00f3n, comparar espacios reales cuanto antes suele ser m\u00e1s \u00fatil que esperar a que el calendario est\u00e9 m\u00e1s cerca.<\/p>\n\n\n\n<p class=\"wp-block-paragraph\">Colecciones recomendadas:<\/p>\n\n\n\n<ul class=\"wp-block-list\">\n<li><a href=\"https:\/\/app.gopopup.com\/es\/collection\/pop-up-stores-paris\" rel=\"noopener\">Mejores espacios POP UP Stores en Par\u00eds<\/a><\/li>\n\n\n\n<li><a href=\"https:\/\/app.gopopup.com\/es\/collection\/espacios-para-eventos-paris\" rel=\"noopener\">Mejores espacios para Eventos en Par\u00eds<\/a><\/li>\n<\/ul>\n\n\n\n<figure class=\"wp-block-image size-large is-resized\"><a href=\"https:\/\/app.gopopup.com\/es\/collection\/pop-up-stores-paris\" rel=\"noopener\"><img loading=\"lazy\" decoding=\"async\" width=\"1024\" height=\"575\" src=\"http:\/\/magazinetest.atomic4dev.net\/wp-content\/uploads\/2026\/04\/popup-stores-paris-fashion-week-1024x575.jpg\" alt=\"paris fashion week pop up events\" class=\"wp-image-24503\" style=\"aspect-ratio:1.7809391814772542;width:1246px;height:auto\" srcset=\"https:\/\/magazinetest.atomic4dev.net\/wp-content\/uploads\/2026\/04\/popup-stores-paris-fashion-week-1024x575.jpg 1024w, https:\/\/magazinetest.atomic4dev.net\/wp-content\/uploads\/2026\/04\/popup-stores-paris-fashion-week-300x168.jpg 300w, https:\/\/magazinetest.atomic4dev.net\/wp-content\/uploads\/2026\/04\/popup-stores-paris-fashion-week-768x431.jpg 768w, https:\/\/magazinetest.atomic4dev.net\/wp-content\/uploads\/2026\/04\/popup-stores-paris-fashion-week-24x13.jpg 24w, https:\/\/magazinetest.atomic4dev.net\/wp-content\/uploads\/2026\/04\/popup-stores-paris-fashion-week-36x20.jpg 36w, https:\/\/magazinetest.atomic4dev.net\/wp-content\/uploads\/2026\/04\/popup-stores-paris-fashion-week-48x27.jpg 48w, https:\/\/magazinetest.atomic4dev.net\/wp-content\/uploads\/2026\/04\/popup-stores-paris-fashion-week.jpg 1273w\" sizes=\"auto, (max-width: 1024px) 100vw, 1024px\" \/><\/a><\/figure>\n\n\n\n<h2 class=\"wp-block-heading\"><strong>Pop-up, showroom o activaci\u00f3n privada: qu\u00e9 formato encaja mejor<\/strong><\/h2>\n\n\n\n<p class=\"wp-block-paragraph\">El mejor formato depende menos de la tendencia y m\u00e1s de lo que la marca quiere conseguir.<\/p>\n\n\n\n<figure class=\"wp-block-table\"><table class=\"has-fixed-layout\"><tbody><tr><td><strong>Objetivo de marca<\/strong><\/td><td><strong>Formato recomendado<\/strong><\/td><\/tr><tr><td>Visibilidad p\u00fablica<\/td><td>Pop-up store<\/td><\/tr><tr><td>Reuniones con buyers<\/td><td>Showroom<\/td><\/tr><tr><td>Encuentros con prensa<\/td><td>Activaci\u00f3n privada<\/td><\/tr><tr><td>Test de mercado<\/td><td>Retail flexible temporal<\/td><\/tr><\/tbody><\/table><\/figure>\n\n\n\n<p class=\"wp-block-paragraph\">Un error habitual es decidir el formato despu\u00e9s de elegir ciudad, cuando en realidad suele ser el formato el que determina qu\u00e9 parte de Par\u00eds tiene sentido.<\/p>\n\n\n\n<h2 class=\"wp-block-heading\"><strong>\u00bfCon cu\u00e1nta antelaci\u00f3n conviene asegurar espacio para Paris Fashion Week 2026?<\/strong><\/h2>\n\n\n\n<p class=\"wp-block-paragraph\">Muchas marcas subestiman lo pronto que empiezan a desaparecer las mejores opciones.<\/p>\n\n\n\n<p class=\"wp-block-paragraph\">Los espacios m\u00e1s estrat\u00e9gicos rara vez se eligen cuando el calendario ya est\u00e1 encima. Normalmente se aseguran cuando la marca ya ha definido objetivo, presupuesto, formato y zona prioritaria.<\/p>\n\n\n\n<p class=\"wp-block-paragraph\">Esto es especialmente evidente en marzo y septiembre.<\/p>\n\n\n\n<h2 class=\"wp-block-heading\"><strong>Lo que muchas marcas subestiman al planificar la Paris Fashion Week<\/strong><\/h2>\n\n\n\n<p class=\"wp-block-paragraph\">El error m\u00e1s habitual es pensar primero en estar presentes y solo despu\u00e9s en por qu\u00e9.<\/p>\n\n\n\n<p class=\"wp-block-paragraph\">Eso suele generar activaciones d\u00e9biles.<\/p>\n\n\n\n<p class=\"wp-block-paragraph\">Lo m\u00e1s s\u00f3lido es definir primero:<\/p>\n\n\n\n<ul class=\"wp-block-list\">\n<li>si el objetivo es visibilidad o intimidad<\/li>\n\n\n\n<li>si el formato debe ser abierto o por cita<\/li>\n\n\n\n<li>si se busca impacto inmediato o validaci\u00f3n de mercado<\/li>\n<\/ul>\n\n\n\n<p class=\"wp-block-paragraph\">Solo entonces el espacio adquiere sentido estrat\u00e9gico.<\/p>\n\n\n\n<h2 class=\"wp-block-heading\"><strong>Por qu\u00e9 la ejecuci\u00f3n local importa m\u00e1s de lo que parece<\/strong><\/h2>\n\n\n\n<p class=\"wp-block-paragraph\">Una activaci\u00f3n en Par\u00eds rara vez depende solo de encontrar un venue.<\/p>\n\n\n\n<p class=\"wp-block-paragraph\">Lo que realmente condiciona el resultado suele venir despu\u00e9s: tiempos de producci\u00f3n, limitaciones t\u00e9cnicas, coordinaci\u00f3n local, entregas, permisos o ventanas de montaje.<\/p>\n\n\n\n<p class=\"wp-block-paragraph\">Para marcas internacionales, aqu\u00ed es donde muchas veces el proyecto se vuelve m\u00e1s complejo de lo previsto.<\/p>\n\n\n<div class=\"wp-block-image\">\n<figure data-wp-context=\"{&quot;imageId&quot;:&quot;6a9aa6d40a9bf&quot;}\" data-wp-interactive=\"core\/image\" data-wp-key=\"6a9aa6d40a9bf\" class=\"aligncenter size-full wp-lightbox-container\"><img loading=\"lazy\" decoding=\"async\" width=\"768\" height=\"432\" data-wp-class--hide=\"state.isContentHidden\" data-wp-class--show=\"state.isContentVisible\" data-wp-init=\"callbacks.setButtonStyles\" data-wp-on--click=\"actions.showLightbox\" data-wp-on--load=\"callbacks.setButtonStyles\" data-wp-on--pointerdown=\"actions.preloadImage\" data-wp-on--pointerenter=\"actions.preloadImageWithDelay\" data-wp-on--pointerleave=\"actions.cancelPreload\" data-wp-on-window--resize=\"callbacks.setButtonStyles\" src=\"http:\/\/magazinetest.atomic4dev.net\/wp-content\/uploads\/2023\/11\/paris-fashion-week-best-collections-fall-2023.jpg\" alt=\"paris fashion week\" class=\"wp-image-20918\" srcset=\"https:\/\/magazinetest.atomic4dev.net\/wp-content\/uploads\/2023\/11\/paris-fashion-week-best-collections-fall-2023.jpg 768w, https:\/\/magazinetest.atomic4dev.net\/wp-content\/uploads\/2023\/11\/paris-fashion-week-best-collections-fall-2023-300x169.jpg 300w, https:\/\/magazinetest.atomic4dev.net\/wp-content\/uploads\/2023\/11\/paris-fashion-week-best-collections-fall-2023-24x14.jpg 24w, https:\/\/magazinetest.atomic4dev.net\/wp-content\/uploads\/2023\/11\/paris-fashion-week-best-collections-fall-2023-36x20.jpg 36w, https:\/\/magazinetest.atomic4dev.net\/wp-content\/uploads\/2023\/11\/paris-fashion-week-best-collections-fall-2023-48x27.jpg 48w\" sizes=\"auto, (max-width: 768px) 100vw, 768px\" \/><button\n\t\t\tclass=\"lightbox-trigger\"\n\t\t\ttype=\"button\"\n\t\t\taria-haspopup=\"dialog\"\n\t\t\tdata-wp-bind--aria-label=\"state.thisImage.triggerButtonAriaLabel\"\n\t\t\tdata-wp-init=\"callbacks.initTriggerButton\"\n\t\t\tdata-wp-on--click=\"actions.showLightbox\"\n\t\t\tdata-wp-style--right=\"state.thisImage.buttonRight\"\n\t\t\tdata-wp-style--top=\"state.thisImage.buttonTop\"\n\t\t>\n\t\t\t<svg xmlns=\"http:\/\/www.w3.org\/2000\/svg\" width=\"12\" height=\"12\" fill=\"none\" viewBox=\"0 0 12 12\">\n\t\t\t\t<path fill=\"#fff\" d=\"M2 0a2 2 0 0 0-2 2v2h1.5V2a.5.5 0 0 1 .5-.5h2V0H2Zm2 10.5H2a.5.5 0 0 1-.5-.5V8H0v2a2 2 0 0 0 2 2h2v-1.5ZM8 12v-1.5h2a.5.5 0 0 0 .5-.5V8H12v2a2 2 0 0 1-2 2H8Zm2-12a2 2 0 0 1 2 2v2h-1.5V2a.5.5 0 0 0-.5-.5H8V0h2Z\" \/>\n\t\t\t<\/svg>\n\t\t<\/button><\/figure>\n<\/div>\n\n\n<h2 class=\"wp-block-heading\"><strong>Planificar bien Paris Fashion Week 2026 empieza bastante antes del calendario<\/strong><\/h2>\n\n\n\n<p class=\"wp-block-paragraph\">En Par\u00eds, muchas decisiones importantes se toman antes de que llegue oficialmente la Fashion Week.<\/p>\n\n\n\n<p class=\"wp-block-paragraph\">Cuando una marca empieza a valorar una activaci\u00f3n en la ciudad, lo que suele marcar la diferencia no es solo estar presente durante las fechas correctas, sino haber definido con tiempo <strong>qu\u00e9 tipo de presencia tiene sentido, qu\u00e9 zona encaja mejor con el objetivo y qu\u00e9 formato puede sostener realmente el proyecto<\/strong>.<\/p>\n\n\n\n<p class=\"wp-block-paragraph\">Porque durante Paris Fashion Week, los espacios m\u00e1s interesantes no solo desaparecen antes: tambi\u00e9n condicionan el tipo de visibilidad, reuniones y percepci\u00f3n que una marca puede generar en pocos d\u00edas.<\/p>\n\n\n\n<p class=\"wp-block-paragraph\">Las activaciones que mejor funcionan en Par\u00eds rara vez dependen solo del venue; suelen apoyarse en una decisi\u00f3n clara de timing, formato y ejecuci\u00f3n local.<\/p>\n\n\n\n<p class=\"wp-block-paragraph\">Para muchas marcas, el paso m\u00e1s \u00fatil en esta fase no es esperar al calendario definitivo, sino empezar a comparar opciones reales y entender qu\u00e9 parte de Par\u00eds encaja mejor con su proyecto.<\/p>\n\n\n\n<p class=\"wp-block-paragraph\">Si est\u00e1s explorando posibles espacios, puedes empezar revisando estas colecciones:<\/p>\n\n\n\n<p class=\"wp-block-paragraph\"><a href=\"https:\/\/app.gopopup.com\/es\/search\/paris\" data-type=\"link\" data-id=\"https:\/\/app.gopopup.com\/es\/search\/paris\" rel=\"noopener\">Visita nuestro marketplace de espacios para eventos en Par\u00eds<\/a><\/p>\n\n\n\n<p class=\"wp-block-paragraph\">Y si el proyecto requiere algo m\u00e1s que encontrar venue \u2014por ejemplo coordinaci\u00f3n local, producci\u00f3n o soporte de activaci\u00f3n\u2014 normalmente conviene plantearlo desde el inicio para evitar limitaciones cuando la ciudad entra en m\u00e1xima presi\u00f3n.<\/p>\n\n\n\n<p class=\"wp-block-paragraph\"><a href=\"https:\/\/www.gopopup.com\/es\/agencia\/\" rel=\"noopener\">Cu\u00e9ntanos tu proyecto<\/a><\/p>\n\n\n\n<h2 class=\"wp-block-heading\"><strong>FAQ: Paris Fashion Week 2026 para marcas<\/strong><\/h2>\n\n\n\n<h3 class=\"wp-block-heading\">\u00bfCu\u00e1ndo es Paris Fashion Week 2026?<\/h3>\n\n\n\n<p class=\"wp-block-paragraph\">Paris Fashion Week 2026 se organiza en cuatro grandes momentos a lo largo del a\u00f1o: enero, marzo, junio y finales de septiembre \/ principios de octubre.<\/p>\n\n\n\n<p class=\"wp-block-paragraph\">Cada una de estas ediciones corresponde a segmentos espec\u00edficos (menswear o womenswear) y a diferentes temporadas (Fall\/Winter o Spring\/Summer).<\/p>\n\n\n\n<p class=\"wp-block-paragraph\">Para las marcas, esto significa que no es un \u00fanico evento, sino varias ventanas de oportunidad con distintos niveles de visibilidad, presencia de compradores y cobertura medi\u00e1tica.<\/p>\n\n\n\n<p class=\"wp-block-paragraph\">Las fechas m\u00e1s relevantes suelen ser:<\/p>\n\n\n\n<ul class=\"wp-block-list\">\n<li>Marzo (Womenswear Fall\/Winter) \u2192 m\u00e1xima visibilidad internacional<\/li>\n\n\n\n<li>Finales de septiembre (Womenswear Spring\/Summer) \u2192 fuerte impulso de lanzamiento antes de fin de a\u00f1o<\/li>\n<\/ul>\n\n\n\n<p class=\"wp-block-paragraph\">Entender esta estructura es clave para decidir no solo cu\u00e1ndo estar, sino qu\u00e9 papel debe jugar tu activaci\u00f3n en ese momento concreto.<\/p>\n\n\n\n<h3 class=\"wp-block-heading\">\u00bfQu\u00e9 edici\u00f3n de Paris Fashion Week es mejor para un pop-up?<\/h3>\n\n\n\n<p class=\"wp-block-paragraph\">No existe una \u00fanica \u201cmejor\u201d edici\u00f3n: depende totalmente del objetivo de la marca.<\/p>\n\n\n\n<p class=\"wp-block-paragraph\">Marzo y septiembre concentran mayor tr\u00e1fico, prensa e impacto internacional, por lo que son ideales para pop-ups orientados a visibilidad y awareness.<\/p>\n\n\n\n<p class=\"wp-block-paragraph\">Enero y junio suelen ser m\u00e1s selectivos, con mayor presencia de profesionales del sector, lo que los hace m\u00e1s adecuados para showrooms, citas privadas o relaciones B2B.<\/p>\n\n\n\n<p class=\"wp-block-paragraph\">Las marcas que buscan ventas y exposici\u00f3n p\u00fablica suelen funcionar mejor en los momentos de mayor afluencia, mientras que aquellas enfocadas en wholesale, partnerships o posicionamiento pueden beneficiarse de ediciones m\u00e1s controladas.<\/p>\n\n\n\n<p class=\"wp-block-paragraph\">La clave es alinear la edici\u00f3n con el tipo de interacci\u00f3n que quieres generar, no simplemente elegir la m\u00e1s concurrida.<\/p>\n\n\n\n<h3 class=\"wp-block-heading\">\u00bfCon cu\u00e1nta antelaci\u00f3n hay que planificar una activaci\u00f3n en Paris Fashion Week?<\/h3>\n\n\n\n<p class=\"wp-block-paragraph\">La mayor\u00eda de marcas subestima este punto.<\/p>\n\n\n\n<p class=\"wp-block-paragraph\">Para periodos de alta demanda como marzo y septiembre:<\/p>\n\n\n\n<ul class=\"wp-block-list\">\n<li>Los mejores espacios empiezan a cerrarse con 3 a 6 meses de antelaci\u00f3n<\/li>\n\n\n\n<li>Las zonas premium como Le Marais, Saint-Germain o \u00e1reas centrales se agotan incluso antes<\/li>\n<\/ul>\n\n\n\n<p class=\"wp-block-paragraph\">Esperar a que el calendario est\u00e9 cerca suele implicar menor disponibilidad, precios m\u00e1s altos y compromisos en ubicaci\u00f3n o formato.<\/p>\n\n\n\n<p class=\"wp-block-paragraph\">El enfoque \u00f3ptimo es definir cuanto antes el objetivo (visibilidad o reuniones), el presupuesto, el formato (pop-up, showroom o activaci\u00f3n) y la zona preferida.<\/p>\n\n\n\n<p class=\"wp-block-paragraph\">A partir de ah\u00ed, la elecci\u00f3n del espacio pasa a ser una decisi\u00f3n estrat\u00e9gica y no reactiva.<\/p>\n\n\n\n<h3 class=\"wp-block-heading\">\u00bfEs mejor un showroom o un pop-up durante Paris Fashion Week?<\/h3>\n\n\n\n<p class=\"wp-block-paragraph\">No es que uno sea mejor que otro, cumplen funciones completamente distintas.<\/p>\n\n\n\n<p class=\"wp-block-paragraph\">Un pop-up store est\u00e1 pensado para visibilidad p\u00fablica, generaci\u00f3n de marca, interacci\u00f3n con consumidor final y ventas.<\/p>\n\n\n\n<p class=\"wp-block-paragraph\">Un showroom es m\u00e1s eficaz para reuniones con compradores, presentaciones a prensa, citas privadas y desarrollo de relaciones.<\/p>\n\n\n\n<p class=\"wp-block-paragraph\">Uno de los errores m\u00e1s comunes es elegir el formato por tendencia y no por objetivo.<\/p>\n\n\n\n<p class=\"wp-block-paragraph\">Las marcas que necesitan interacciones cualificadas y controladas suelen obtener mejores resultados con un showroom, aunque tenga menos visibilidad.<\/p>\n\n\n\n<p class=\"wp-block-paragraph\">Las que buscan impacto, descubrimiento y exposici\u00f3n deber\u00edan priorizar un pop-up en zonas de alto tr\u00e1fico.<\/p>\n\n\n\n<p class=\"wp-block-paragraph\">El formato debe definirse primero, porque condiciona directamente el tipo de espacio y la ubicaci\u00f3n que realmente tiene sentido.<\/p>\n\n\n\n<h2 class=\"wp-block-heading\">Referencias \u00fatiles y lectura adicional<\/h2>\n\n\n\n<p class=\"wp-block-paragraph\">Si quieres profundizar m\u00e1s sobre <strong>Paris Fashion Week<\/strong> y el calendario global de la moda, aqu\u00ed tienes algunos recursos oficiales y de confianza:<\/p>\n\n\n\n<ul class=\"wp-block-list\">\n<li>Web oficial de la F\u00e9d\u00e9ration de la Haute Couture et de la Mode (FHCM):<br><a href=\"https:\/\/www.fhcm.paris\/en\/paris-fashion-week\" rel=\"noopener\">https:\/\/www.fhcm.paris\/en\/paris-fashion-week<\/a><\/li>\n\n\n\n<li>Visi\u00f3n general completa y contexto hist\u00f3rico de Paris Fashion Week:<br><a href=\"https:\/\/es.wikipedia.org\/wiki\/Semana_de_la_Moda_de_Par%C3%ADs\" rel=\"noopener\">https:\/\/es.wikipedia.org\/wiki\/Semana_de_la_Moda_de_Par%C3%ADs<\/a><\/li>\n\n\n\n<li>Calendario oficial de Paris Fashion Week (fechas, dise\u00f1adores y eventos):<br><a href=\"https:\/\/www.fhcm.paris\/en\/paris-fashion-week\/calendar\" rel=\"noopener\">https:\/\/www.fhcm.paris\/en\/paris-fashion-week\/calendar<\/a><\/li>\n<\/ul>\n\n\n\n<script type=\"application\/ld+json\">\n{\n  \"@context\": \"https:\/\/schema.org\",\n  \"@type\": \"FAQPage\",\n  \"mainEntity\": [\n    {\n      \"@type\": \"Question\",\n      \"name\": \"\u00bfCu\u00e1ndo es Paris Fashion Week 2026?\",\n      \"acceptedAnswer\": {\n        \"@type\": \"Answer\",\n        \"text\": \"Paris Fashion Week 2026 se organiza en cuatro grandes momentos a lo largo del a\u00f1o: enero, marzo, junio y finales de septiembre o principios de octubre. Cada edici\u00f3n corresponde a segmentos espec\u00edficos (menswear o womenswear) y temporadas (Fall\/Winter o Spring\/Summer). Marzo y finales de septiembre suelen ser las fechas m\u00e1s relevantes por su alta visibilidad internacional y fuerte impacto medi\u00e1tico.\"\n      }\n    },\n    {\n      \"@type\": \"Question\",\n      \"name\": \"\u00bfQu\u00e9 edici\u00f3n de Paris Fashion Week es mejor para un pop-up?\",\n      \"acceptedAnswer\": {\n        \"@type\": \"Answer\",\n        \"text\": \"No existe una \u00fanica mejor edici\u00f3n, depende del objetivo de la marca. Marzo y septiembre concentran mayor tr\u00e1fico, prensa e impacto internacional, ideales para visibilidad y awareness. Enero y junio son m\u00e1s selectivos y orientados a profesionales, adecuados para showrooms, citas privadas o relaciones B2B.\"\n      }\n    },\n    {\n      \"@type\": \"Question\",\n      \"name\": \"\u00bfCon cu\u00e1nta antelaci\u00f3n hay que planificar una activaci\u00f3n en Paris Fashion Week?\",\n      \"acceptedAnswer\": {\n        \"@type\": \"Answer\",\n        \"text\": \"Para periodos de alta demanda como marzo y septiembre, los mejores espacios se reservan con entre 3 y 6 meses de antelaci\u00f3n. Las zonas premium como Le Marais o Saint-Germain suelen agotarse incluso antes. Planificar con tiempo permite asegurar mejores ubicaciones, optimizar el presupuesto y alinear la activaci\u00f3n con los objetivos estrat\u00e9gicos.\"\n      }\n    },\n    {\n      \"@type\": \"Question\",\n      \"name\": \"\u00bfEs mejor un showroom o un pop-up durante Paris Fashion Week?\",\n      \"acceptedAnswer\": {\n        \"@type\": \"Answer\",\n        \"text\": \"No es que uno sea mejor que otro, cumplen funciones distintas. Un pop-up est\u00e1 orientado a visibilidad, interacci\u00f3n con el p\u00fablico y ventas. Un showroom es m\u00e1s eficaz para reuniones con compradores, prensa y relaciones profesionales. La elecci\u00f3n debe basarse en el objetivo de la marca y el tipo de interacci\u00f3n que se quiere generar.\"\n      }\n    }\n  ]\n}\n<\/script>\n","protected":false},"excerpt":{"rendered":"<p>Paris Fashion Week sigue siendo uno de los momentos m\u00e1s competitivos del a\u00f1o para las marcas que buscan visibilidad f\u00edsica en una de las capitales de moda m\u00e1s influyentes del mundo. Para muchas marcas internacionales, conocer el calendario oficial es solo el punto de partida: el verdadero reto empieza bastante antes, cuando los mejores espacios temporales empiezan a desaparecer y la ubicaci\u00f3n deja de ser una cuesti\u00f3n log\u00edstica para convertirse en una decisi\u00f3n estrat\u00e9gica. Si est\u00e1s buscando las fechas de Paris Fashion Week 2026, hay cuatro momentos clave a tener en cuenta: enero, marzo, junio y finales de septiembre. Pero [&hellip;]<\/p>\n","protected":false},"author":20,"featured_media":22260,"comment_status":"open","ping_status":"open","sticky":false,"template":"","format":"standard","meta":{"footnotes":""},"categories":[660],"tags":[],"class_list":["post-24499","post","type-post","status-publish","format-standard","has-post-thumbnail","hentry","category-fashion-week"],"_links":{"self":[{"href":"https:\/\/magazinetest.atomic4dev.net\/es\/wp-json\/wp\/v2\/posts\/24499","targetHints":{"allow":["GET"]}}],"collection":[{"href":"https:\/\/magazinetest.atomic4dev.net\/es\/wp-json\/wp\/v2\/posts"}],"about":[{"href":"https:\/\/magazinetest.atomic4dev.net\/es\/wp-json\/wp\/v2\/types\/post"}],"author":[{"embeddable":true,"href":"https:\/\/magazinetest.atomic4dev.net\/es\/wp-json\/wp\/v2\/users\/20"}],"replies":[{"embeddable":true,"href":"https:\/\/magazinetest.atomic4dev.net\/es\/wp-json\/wp\/v2\/comments?post=24499"}],"version-history":[{"count":11,"href":"https:\/\/magazinetest.atomic4dev.net\/es\/wp-json\/wp\/v2\/posts\/24499\/revisions"}],"predecessor-version":[{"id":24977,"href":"https:\/\/magazinetest.atomic4dev.net\/es\/wp-json\/wp\/v2\/posts\/24499\/revisions\/24977"}],"wp:featuredmedia":[{"embeddable":true,"href":"https:\/\/magazinetest.atomic4dev.net\/es\/wp-json\/wp\/v2\/media\/22260"}],"wp:attachment":[{"href":"https:\/\/magazinetest.atomic4dev.net\/es\/wp-json\/wp\/v2\/media?parent=24499"}],"wp:term":[{"taxonomy":"category","embeddable":true,"href":"https:\/\/magazinetest.atomic4dev.net\/es\/wp-json\/wp\/v2\/categories?post=24499"},{"taxonomy":"post_tag","embeddable":true,"href":"https:\/\/magazinetest.atomic4dev.net\/es\/wp-json\/wp\/v2\/tags?post=24499"}],"curies":[{"name":"wp","href":"https:\/\/api.w.org\/{rel}","templated":true}]}}