{"id":24491,"date":"2026-04-14T10:59:14","date_gmt":"2026-04-14T08:59:14","guid":{"rendered":"https:\/\/magazinetest.atomic4dev.net\/?p=24491"},"modified":"2026-06-29T13:53:32","modified_gmt":"2026-06-29T11:53:32","slug":"milan-fashion-week","status":"publish","type":"post","link":"https:\/\/magazinetest.atomic4dev.net\/es\/milan-fashion-week\/","title":{"rendered":"Milan Fashion Week 2026: fechas clave, mejores zonas para pop-ups y qu\u00e9 deber\u00edan planificar las marcas con antelaci\u00f3n"},"content":{"rendered":"\n<p class=\"wp-block-paragraph\">Milan Fashion Week sigue siendo uno de los momentos m\u00e1s estrat\u00e9gicos del a\u00f1o para las marcas que buscan visibilidad dentro de uno de los ecosistemas de retail de lujo m\u00e1s s\u00f3lidos de Europa.<\/p>\n\n\n\n<p class=\"wp-block-paragraph\">Para muchas marcas internacionales, entender el calendario oficial es solo el primer paso. En la pr\u00e1ctica, la verdadera presi\u00f3n empieza antes, cuando los mejores espacios temporales empiezan a reducirse y elegir distrito deja de ser una simple b\u00fasqueda de venue para convertirse en una decisi\u00f3n estrat\u00e9gica.<\/p>\n\n\n\n<p class=\"wp-block-paragraph\">Si buscas <strong>Milan Fashion Week 2026<\/strong>, las cuatro ventanas principales a vigilar son enero, febrero, junio y septiembre. Para una marca que valora un pop-up, showroom o activaci\u00f3n privada, la cuesti\u00f3n real no es solo cu\u00e1ndo ocurre, sino qu\u00e9 edici\u00f3n encaja mejor con el objetivo y con cu\u00e1nta antelaci\u00f3n conviene decidir ubicaci\u00f3n. Seg\u00fan el calendario publicado por Camera Nazionale della Moda Italiana, la edici\u00f3n womenswear Fall\/Winter 2026\u20132027 se celebra del <strong>24 de febrero al 2 de marzo de 2026<\/strong>, mientras que la edici\u00f3n menswear arranca antes en enero.<\/p>\n\n\n<div class=\"wp-block-image\">\n<figure class=\"aligncenter size-full\"><a href=\"http:\/\/magazinetest.atomic4dev.net\/wp-content\/uploads\/2026\/04\/1d6678ae12b6c26d7829700c9dea1483.jpg\"><img loading=\"lazy\" decoding=\"async\" width=\"736\" height=\"981\" src=\"http:\/\/magazinetest.atomic4dev.net\/wp-content\/uploads\/2026\/04\/1d6678ae12b6c26d7829700c9dea1483.jpg\" alt=\"\" class=\"wp-image-24965\" srcset=\"https:\/\/magazinetest.atomic4dev.net\/wp-content\/uploads\/2026\/04\/1d6678ae12b6c26d7829700c9dea1483.jpg 736w, https:\/\/magazinetest.atomic4dev.net\/wp-content\/uploads\/2026\/04\/1d6678ae12b6c26d7829700c9dea1483-225x300.jpg 225w, https:\/\/magazinetest.atomic4dev.net\/wp-content\/uploads\/2026\/04\/1d6678ae12b6c26d7829700c9dea1483-18x24.jpg 18w, https:\/\/magazinetest.atomic4dev.net\/wp-content\/uploads\/2026\/04\/1d6678ae12b6c26d7829700c9dea1483-27x36.jpg 27w, https:\/\/magazinetest.atomic4dev.net\/wp-content\/uploads\/2026\/04\/1d6678ae12b6c26d7829700c9dea1483-36x48.jpg 36w\" sizes=\"auto, (max-width: 736px) 100vw, 736px\" \/><\/a><\/figure>\n<\/div>\n\n\n<h2 class=\"wp-block-heading\"><strong>Fechas principales de Milan Fashion Week 2026<\/strong><\/h2>\n\n\n\n<figure class=\"wp-block-table\"><table class=\"has-fixed-layout\"><tbody><tr><td><strong>Sesi\u00f3n<\/strong><\/td><td><strong>Fechas<\/strong><\/td><td><strong>Por qu\u00e9 importa para las marcas<\/strong><\/td><\/tr><tr><td>Menswear Fall\/Winter 2026\u20132027<\/td><td>16\u201320 enero 2026<\/td><td>Primer pico de showroom y menswear<\/td><\/tr><tr><td>Womenswear Fall\/Winter 2026\u20132027<\/td><td>24 febrero\u20132 marzo 2026<\/td><td>M\u00e1xima visibilidad luxury<\/td><\/tr><tr><td>Menswear Spring\/Summer 2027<\/td><td>19\u201323 junio 2026<\/td><td>Momentum comercial menswear<\/td><\/tr><tr><td>Womenswear Spring\/Summer 2027<\/td><td>22\u201328 septiembre 2026<\/td><td>Mayor presi\u00f3n internacional<\/td><\/tr><\/tbody><\/table><\/figure>\n\n\n\n<p class=\"wp-block-paragraph\">Para muchas marcas, febrero y septiembre son las dos ventanas que m\u00e1s presi\u00f3n generan sobre el retail temporal premium, porque coinciden con el mayor volumen internacional de compradores, prensa y movimiento luxury en la ciudad.<\/p>\n\n\n\n<p class=\"wp-block-paragraph\">Pero m\u00e1s all\u00e1 de las fechas, lo que suele marcar la diferencia es entender c\u00f3mo se mueve realmente Milan durante esos d\u00edas y qu\u00e9 zonas ofrecen una lectura coherente con el posicionamiento de cada proyecto.<\/p>\n\n\n\n<h2 class=\"wp-block-heading\"><strong>Por qu\u00e9 Milan Fashion Week importa m\u00e1s all\u00e1 del calendario oficial<\/strong><\/h2>\n\n\n\n<p class=\"wp-block-paragraph\">Mil\u00e1n funciona de forma distinta a otras capitales de moda como Paris o London.<\/p>\n\n\n\n<p class=\"wp-block-paragraph\">La ciudad concentra compradores, grupos de lujo, showrooms y prensa especializada de forma mucho m\u00e1s territorial. Eso significa que muchas decisiones no dependen tanto del calendario como de si la marca busca visibilidad inmediata, proximidad comercial, posicionamiento cultural o capacidad de testeo en un entorno de lujo muy concentrado.<\/p>\n\n\n\n<p class=\"wp-block-paragraph\">Una activaci\u00f3n bien planteada en este contexto puede servir para reforzar percepci\u00f3n premium, organizar reuniones selectivas o validar la demanda local dentro de uno de los mercados m\u00e1s observados de Europa.<\/p>\n\n\n\n<ul class=\"wp-block-list\">\n<li>reforzar percepci\u00f3n luxury<\/li>\n\n\n\n<li>organizar reuniones selectivas<\/li>\n\n\n\n<li>ganar relevancia de prensa<\/li>\n\n\n\n<li>validar demanda local en un entorno de lujo muy concentrado<\/li>\n<\/ul>\n\n\n<div class=\"wp-block-image\">\n<figure data-wp-context=\"{&quot;imageId&quot;:&quot;6a9ab02a1015f&quot;}\" data-wp-interactive=\"core\/image\" data-wp-key=\"6a9ab02a1015f\" class=\"aligncenter size-large is-resized wp-lightbox-container\"><img loading=\"lazy\" decoding=\"async\" width=\"683\" height=\"1024\" data-wp-class--hide=\"state.isContentHidden\" data-wp-class--show=\"state.isContentVisible\" data-wp-init=\"callbacks.setButtonStyles\" data-wp-on--click=\"actions.showLightbox\" data-wp-on--load=\"callbacks.setButtonStyles\" data-wp-on--pointerdown=\"actions.preloadImage\" data-wp-on--pointerenter=\"actions.preloadImageWithDelay\" data-wp-on--pointerleave=\"actions.cancelPreload\" data-wp-on-window--resize=\"callbacks.setButtonStyles\" src=\"http:\/\/magazinetest.atomic4dev.net\/wp-content\/uploads\/2026\/04\/28c8b1dd7e802c3e54ce75d6377d4cea-683x1024.jpg\" alt=\"\" class=\"wp-image-24968\" style=\"width:593px;height:auto\" srcset=\"https:\/\/magazinetest.atomic4dev.net\/wp-content\/uploads\/2026\/04\/28c8b1dd7e802c3e54ce75d6377d4cea-683x1024.jpg 683w, https:\/\/magazinetest.atomic4dev.net\/wp-content\/uploads\/2026\/04\/28c8b1dd7e802c3e54ce75d6377d4cea-200x300.jpg 200w, https:\/\/magazinetest.atomic4dev.net\/wp-content\/uploads\/2026\/04\/28c8b1dd7e802c3e54ce75d6377d4cea-16x24.jpg 16w, https:\/\/magazinetest.atomic4dev.net\/wp-content\/uploads\/2026\/04\/28c8b1dd7e802c3e54ce75d6377d4cea-24x36.jpg 24w, https:\/\/magazinetest.atomic4dev.net\/wp-content\/uploads\/2026\/04\/28c8b1dd7e802c3e54ce75d6377d4cea-32x48.jpg 32w, https:\/\/magazinetest.atomic4dev.net\/wp-content\/uploads\/2026\/04\/28c8b1dd7e802c3e54ce75d6377d4cea.jpg 750w\" sizes=\"auto, (max-width: 683px) 100vw, 683px\" \/><button\n\t\t\tclass=\"lightbox-trigger\"\n\t\t\ttype=\"button\"\n\t\t\taria-haspopup=\"dialog\"\n\t\t\tdata-wp-bind--aria-label=\"state.thisImage.triggerButtonAriaLabel\"\n\t\t\tdata-wp-init=\"callbacks.initTriggerButton\"\n\t\t\tdata-wp-on--click=\"actions.showLightbox\"\n\t\t\tdata-wp-style--right=\"state.thisImage.buttonRight\"\n\t\t\tdata-wp-style--top=\"state.thisImage.buttonTop\"\n\t\t>\n\t\t\t<svg xmlns=\"http:\/\/www.w3.org\/2000\/svg\" width=\"12\" height=\"12\" fill=\"none\" viewBox=\"0 0 12 12\">\n\t\t\t\t<path fill=\"#fff\" d=\"M2 0a2 2 0 0 0-2 2v2h1.5V2a.5.5 0 0 1 .5-.5h2V0H2Zm2 10.5H2a.5.5 0 0 1-.5-.5V8H0v2a2 2 0 0 0 2 2h2v-1.5ZM8 12v-1.5h2a.5.5 0 0 0 .5-.5V8H12v2a2 2 0 0 1-2 2H8Zm2-12a2 2 0 0 1 2 2v2h-1.5V2a.5.5 0 0 0-.5-.5H8V0h2Z\" \/>\n\t\t\t<\/svg>\n\t\t<\/button><\/figure>\n<\/div>\n\n\n<h2 class=\"wp-block-heading\"><strong>Qu\u00e9 edici\u00f3n de Milan Fashion Week es m\u00e1s relevante para tu marca<\/strong><\/h2>\n\n\n\n<p class=\"wp-block-paragraph\">No todas las ediciones de Milan Fashion Week generan el mismo tipo de oportunidad ni responden al mismo objetivo de marca. Aunque el calendario oficial marca cuatro momentos clave al a\u00f1o, en la pr\u00e1ctica cada ventana activa una din\u00e1mica distinta en la ciudad: cambia el perfil de asistentes, cambia la presi\u00f3n sobre determinadas zonas y tambi\u00e9n cambia el tipo de formato que suele funcionar mejor.<\/p>\n\n\n\n<p class=\"wp-block-paragraph\">Para una marca que busca visibilidad, reuniones comerciales o una primera activaci\u00f3n en Mil\u00e1n, entender estas diferencias es m\u00e1s \u00fatil que limitarse a mirar fechas.<\/p>\n\n\n\n<h3 class=\"wp-block-heading\">Enero: menswear y primer impulso de industria<\/h3>\n\n\n\n<p class=\"wp-block-paragraph\">La edici\u00f3n de enero suele concentrar marcas vinculadas a menswear, accesorios y propuestas con posicionamiento premium que buscan entrar en conversaci\u00f3n desde un entorno m\u00e1s profesional y menos expuesto al gran volumen de p\u00fablico.<\/p>\n\n\n\n<p class=\"wp-block-paragraph\">Es un momento especialmente interesante para formatos showroom, presentaciones privadas o activaciones donde pesa m\u00e1s la calidad del contacto que el tr\u00e1fico general de ciudad.<\/p>\n\n\n\n<h3 class=\"wp-block-heading\">Febrero: m\u00e1xima concentraci\u00f3n luxury<\/h3>\n\n\n\n<p class=\"wp-block-paragraph\">Para muchas marcas, febrero sigue siendo la ventana m\u00e1s estrat\u00e9gica del a\u00f1o en Mil\u00e1n.<\/p>\n\n\n\n<p class=\"wp-block-paragraph\">La edici\u00f3n womenswear concentra el mayor nivel de actividad luxury de la ciudad: compradores internacionales, prensa especializada, showrooms, grandes casas de moda y una presi\u00f3n mucho m\u00e1s alta sobre espacios premium en las zonas m\u00e1s demandadas.<\/p>\n\n\n\n<p class=\"wp-block-paragraph\">Aqu\u00ed la elecci\u00f3n del distrito adquiere mucho m\u00e1s peso, porque peque\u00f1as diferencias de ubicaci\u00f3n pueden cambiar por completo c\u00f3mo se percibe una activaci\u00f3n.<\/p>\n\n\n\n<h3 class=\"wp-block-heading\">Junio: menswear y activaciones m\u00e1s selectivas<\/h3>\n\n\n\n<p class=\"wp-block-paragraph\">Junio suele funcionar bien para marcas orientadas a menswear o categor\u00edas que encajan mejor en un contexto comercial m\u00e1s contenido.<\/p>\n\n\n\n<p class=\"wp-block-paragraph\">La ciudad mantiene actividad relevante, pero con una lectura menos saturada que febrero o septiembre, lo que en algunos casos permite formatos m\u00e1s controlados o decisiones algo m\u00e1s flexibles.<\/p>\n\n\n\n<h3 class=\"wp-block-heading\">Septiembre: m\u00e1xima visibilidad internacional<\/h3>\n\n\n\n<p class=\"wp-block-paragraph\">Septiembre vuelve a ser uno de los momentos m\u00e1s fuertes del calendario.<\/p>\n\n\n\n<p class=\"wp-block-paragraph\">La ciudad recupera una concentraci\u00f3n internacional muy alta y muchas marcas aprovechan esta edici\u00f3n para lanzar nuevas narrativas, generar impacto antes de final de a\u00f1o o testar presencia en uno de los ecosistemas luxury m\u00e1s visibles de Europa.<\/p>\n\n\n<div class=\"wp-block-image\">\n<figure data-wp-context=\"{&quot;imageId&quot;:&quot;6a9ab02a10cf3&quot;}\" data-wp-interactive=\"core\/image\" data-wp-key=\"6a9ab02a10cf3\" class=\"aligncenter size-large wp-lightbox-container\"><img loading=\"lazy\" decoding=\"async\" width=\"1024\" height=\"576\" data-wp-class--hide=\"state.isContentHidden\" data-wp-class--show=\"state.isContentVisible\" data-wp-init=\"callbacks.setButtonStyles\" data-wp-on--click=\"actions.showLightbox\" data-wp-on--load=\"callbacks.setButtonStyles\" data-wp-on--pointerdown=\"actions.preloadImage\" data-wp-on--pointerenter=\"actions.preloadImageWithDelay\" data-wp-on--pointerleave=\"actions.cancelPreload\" data-wp-on-window--resize=\"callbacks.setButtonStyles\" src=\"http:\/\/magazinetest.atomic4dev.net\/wp-content\/uploads\/2026\/04\/b4d700435b7fa9b23406c3ef0d57d54e-1024x576.jpg\" alt=\"\" class=\"wp-image-24966\" srcset=\"https:\/\/magazinetest.atomic4dev.net\/wp-content\/uploads\/2026\/04\/b4d700435b7fa9b23406c3ef0d57d54e-1024x576.jpg 1024w, https:\/\/magazinetest.atomic4dev.net\/wp-content\/uploads\/2026\/04\/b4d700435b7fa9b23406c3ef0d57d54e-300x169.jpg 300w, https:\/\/magazinetest.atomic4dev.net\/wp-content\/uploads\/2026\/04\/b4d700435b7fa9b23406c3ef0d57d54e-768x432.jpg 768w, https:\/\/magazinetest.atomic4dev.net\/wp-content\/uploads\/2026\/04\/b4d700435b7fa9b23406c3ef0d57d54e-24x14.jpg 24w, https:\/\/magazinetest.atomic4dev.net\/wp-content\/uploads\/2026\/04\/b4d700435b7fa9b23406c3ef0d57d54e-36x20.jpg 36w, https:\/\/magazinetest.atomic4dev.net\/wp-content\/uploads\/2026\/04\/b4d700435b7fa9b23406c3ef0d57d54e-48x27.jpg 48w, https:\/\/magazinetest.atomic4dev.net\/wp-content\/uploads\/2026\/04\/b4d700435b7fa9b23406c3ef0d57d54e.jpg 1200w\" sizes=\"auto, (max-width: 1024px) 100vw, 1024px\" \/><button\n\t\t\tclass=\"lightbox-trigger\"\n\t\t\ttype=\"button\"\n\t\t\taria-haspopup=\"dialog\"\n\t\t\tdata-wp-bind--aria-label=\"state.thisImage.triggerButtonAriaLabel\"\n\t\t\tdata-wp-init=\"callbacks.initTriggerButton\"\n\t\t\tdata-wp-on--click=\"actions.showLightbox\"\n\t\t\tdata-wp-style--right=\"state.thisImage.buttonRight\"\n\t\t\tdata-wp-style--top=\"state.thisImage.buttonTop\"\n\t\t>\n\t\t\t<svg xmlns=\"http:\/\/www.w3.org\/2000\/svg\" width=\"12\" height=\"12\" fill=\"none\" viewBox=\"0 0 12 12\">\n\t\t\t\t<path fill=\"#fff\" d=\"M2 0a2 2 0 0 0-2 2v2h1.5V2a.5.5 0 0 1 .5-.5h2V0H2Zm2 10.5H2a.5.5 0 0 1-.5-.5V8H0v2a2 2 0 0 0 2 2h2v-1.5ZM8 12v-1.5h2a.5.5 0 0 0 .5-.5V8H12v2a2 2 0 0 1-2 2H8Zm2-12a2 2 0 0 1 2 2v2h-1.5V2a.5.5 0 0 0-.5-.5H8V0h2Z\" \/>\n\t\t\t<\/svg>\n\t\t<\/button><\/figure>\n<\/div>\n\n\n<h2 class=\"wp-block-heading\">Mejores zonas de Mil\u00e1n para pop-ups durante Fashion Week<\/h2>\n\n\n\n<p class=\"wp-block-paragraph\">En Mil\u00e1n, elegir bien una zona no consiste en buscar la direcci\u00f3n m\u00e1s conocida, sino en entender qu\u00e9 lectura proyecta cada distrito seg\u00fan el objetivo del proyecto.<\/p>\n\n\n\n<h3 class=\"wp-block-heading\">Quadrilatero della Moda<\/h3>\n\n\n\n<p class=\"wp-block-paragraph\">Sigue siendo la referencia principal para marcas que buscan una asociaci\u00f3n inmediata con lujo y una lectura premium muy clara desde el primer momento.<\/p>\n\n\n\n<p class=\"wp-block-paragraph\">En un contexto como Milan Fashion Week, pocas zonas generan una percepci\u00f3n tan directa de posicionamiento como este distrito, donde se concentran algunas de las firmas m\u00e1s reconocidas del sector y donde el entorno urbano ya forma parte del mensaje que transmite cualquier activaci\u00f3n.<\/p>\n\n\n\n<p class=\"wp-block-paragraph\">Para marcas que necesitan reforzar prestigio, visibilidad o proximidad con el circuito luxury m\u00e1s consolidado de la ciudad, Quadrilatero suele ser la opci\u00f3n m\u00e1s evidente. Precisamente por eso tambi\u00e9n es una de las zonas donde la disponibilidad premium se reduce antes y donde peque\u00f1as diferencias de ubicaci\u00f3n pueden tener un impacto importante en c\u00f3mo se percibe el proyecto.<\/p>\n\n\n\n<h3 class=\"wp-block-heading\">Brera<\/h3>\n\n\n\n<p class=\"wp-block-paragraph\">Brera funciona especialmente bien cuando la marca busca una combinaci\u00f3n de sofisticaci\u00f3n, tr\u00e1fico cualificado y una lectura cultural algo menos frontal que el eje luxury tradicional.<\/p>\n\n\n\n<p class=\"wp-block-paragraph\">Es una zona que mantiene una identidad muy reconocible dentro de Mil\u00e1n y que suele resultar atractiva para proyectos que quieren conectar con un p\u00fablico premium sin depender \u00fanicamente del imaginario del lujo m\u00e1s cl\u00e1sico.<\/p>\n\n\n\n<p class=\"wp-block-paragraph\">Muchas marcas encuentran aqu\u00ed un equilibrio interesante entre visibilidad, entorno cuidado y una atm\u00f3sfera que permite construir activaciones con m\u00e1s narrativa, especialmente cuando el objetivo no es solo exposici\u00f3n, sino tambi\u00e9n afinidad con determinados c\u00f3digos culturales o creativos.<\/p>\n\n\n\n<h3 class=\"wp-block-heading\">Tortona<\/h3>\n\n\n\n<p class=\"wp-block-paragraph\">Tortona encaja mejor en activaciones con una l\u00f3gica m\u00e1s creativa, conceptual o experimental.<\/p>\n\n\n\n<p class=\"wp-block-paragraph\">Es una zona donde el contexto permite plantear formatos menos convencionales y donde muchas marcas encuentran m\u00e1s libertad para construir experiencias con personalidad propia, alejadas del lenguaje m\u00e1s institucional de otras \u00e1reas de la ciudad.<\/p>\n\n\n\n<p class=\"wp-block-paragraph\">Durante fashion week suele atraer proyectos que priorizan relato, diferenciaci\u00f3n o lectura contempor\u00e1nea, especialmente cuando el objetivo es generar conversaci\u00f3n m\u00e1s all\u00e1 del circuito luxury tradicional o conectar con audiencias m\u00e1s abiertas a propuestas nuevas.<\/p>\n\n\n<div class=\"wp-block-image\">\n<figure data-wp-context=\"{&quot;imageId&quot;:&quot;6a9ab02a11829&quot;}\" data-wp-interactive=\"core\/image\" data-wp-key=\"6a9ab02a11829\" class=\"aligncenter size-full is-resized wp-lightbox-container\"><img loading=\"lazy\" decoding=\"async\" width=\"736\" height=\"920\" data-wp-class--hide=\"state.isContentHidden\" data-wp-class--show=\"state.isContentVisible\" data-wp-init=\"callbacks.setButtonStyles\" data-wp-on--click=\"actions.showLightbox\" data-wp-on--load=\"callbacks.setButtonStyles\" data-wp-on--pointerdown=\"actions.preloadImage\" data-wp-on--pointerenter=\"actions.preloadImageWithDelay\" data-wp-on--pointerleave=\"actions.cancelPreload\" data-wp-on-window--resize=\"callbacks.setButtonStyles\" src=\"http:\/\/magazinetest.atomic4dev.net\/wp-content\/uploads\/2026\/04\/33b3cb49a601b7bb361f99bd90741f2a.jpg\" alt=\"\" class=\"wp-image-24969\" style=\"width:794px;height:auto\" srcset=\"https:\/\/magazinetest.atomic4dev.net\/wp-content\/uploads\/2026\/04\/33b3cb49a601b7bb361f99bd90741f2a.jpg 736w, https:\/\/magazinetest.atomic4dev.net\/wp-content\/uploads\/2026\/04\/33b3cb49a601b7bb361f99bd90741f2a-240x300.jpg 240w, https:\/\/magazinetest.atomic4dev.net\/wp-content\/uploads\/2026\/04\/33b3cb49a601b7bb361f99bd90741f2a-19x24.jpg 19w, https:\/\/magazinetest.atomic4dev.net\/wp-content\/uploads\/2026\/04\/33b3cb49a601b7bb361f99bd90741f2a-29x36.jpg 29w, https:\/\/magazinetest.atomic4dev.net\/wp-content\/uploads\/2026\/04\/33b3cb49a601b7bb361f99bd90741f2a-38x48.jpg 38w\" sizes=\"auto, (max-width: 736px) 100vw, 736px\" \/><button\n\t\t\tclass=\"lightbox-trigger\"\n\t\t\ttype=\"button\"\n\t\t\taria-haspopup=\"dialog\"\n\t\t\tdata-wp-bind--aria-label=\"state.thisImage.triggerButtonAriaLabel\"\n\t\t\tdata-wp-init=\"callbacks.initTriggerButton\"\n\t\t\tdata-wp-on--click=\"actions.showLightbox\"\n\t\t\tdata-wp-style--right=\"state.thisImage.buttonRight\"\n\t\t\tdata-wp-style--top=\"state.thisImage.buttonTop\"\n\t\t>\n\t\t\t<svg xmlns=\"http:\/\/www.w3.org\/2000\/svg\" width=\"12\" height=\"12\" fill=\"none\" viewBox=\"0 0 12 12\">\n\t\t\t\t<path fill=\"#fff\" d=\"M2 0a2 2 0 0 0-2 2v2h1.5V2a.5.5 0 0 1 .5-.5h2V0H2Zm2 10.5H2a.5.5 0 0 1-.5-.5V8H0v2a2 2 0 0 0 2 2h2v-1.5ZM8 12v-1.5h2a.5.5 0 0 0 .5-.5V8H12v2a2 2 0 0 1-2 2H8Zm2-12a2 2 0 0 1 2 2v2h-1.5V2a.5.5 0 0 0-.5-.5H8V0h2Z\" \/>\n\t\t\t<\/svg>\n\t\t<\/button><\/figure>\n<\/div>\n\n\n<figure class=\"wp-block-table\"><table class=\"has-fixed-layout\"><tbody><tr><td><strong>Zona<\/strong><\/td><td><strong>Ideal para<\/strong><\/td><td><strong>Perfil<\/strong><\/td><\/tr><tr><td>Quadrilatero<\/td><td>lujo inmediato<\/td><td>premium<\/td><\/tr><tr><td>Brera<\/td><td>posicionamiento cultural<\/td><td>sofisticado<\/td><\/tr><tr><td>Tortona<\/td><td>creatividad<\/td><td>experimental<\/td><\/tr><\/tbody><\/table><\/figure>\n\n\n\n<h2 class=\"wp-block-heading\"><strong>Explorar espacios en Mil\u00e1n para activaciones durante Fashion Week<\/strong><\/h2>\n\n\n\n<p class=\"wp-block-paragraph\">Si el proyecto ya est\u00e1 pasando de investigaci\u00f3n a ejecuci\u00f3n, comparar espacios reales con tiempo suele generar mejores decisiones.<\/p>\n\n\n\n<p class=\"wp-block-paragraph\">Colecciones sugeridas:<\/p>\n\n\n\n<ul class=\"wp-block-list\">\n<li><a href=\"https:\/\/app.gopopup.com\/es\/collection\/espacios-para-eventos-milan\" rel=\"noopener\">Milan pop-up spaces<\/a><\/li>\n\n\n\n<li><a href=\"https:\/\/app.gopopup.com\/es\/collection\/pop-up-stores-milano\" data-type=\"link\" data-id=\"https:\/\/app.gopopup.com\/es\/collection\/pop-up-stores-milano\" rel=\"noopener\">Milan event venues<\/a><\/li>\n<\/ul>\n\n\n<div class=\"wp-block-image\">\n<figure class=\"aligncenter size-large is-resized\"><a href=\"https:\/\/app.gopopup.com\/es\/collection\/pop-up-stores-milano\" rel=\"noopener\"><img loading=\"lazy\" decoding=\"async\" width=\"1024\" height=\"581\" src=\"http:\/\/magazinetest.atomic4dev.net\/wp-content\/uploads\/2026\/04\/Captura-de-pantalla-2026-04-14-130444-1024x581.png\" alt=\"\" class=\"wp-image-24548\" style=\"width:974px;height:auto\" srcset=\"https:\/\/magazinetest.atomic4dev.net\/wp-content\/uploads\/2026\/04\/Captura-de-pantalla-2026-04-14-130444-1024x581.png 1024w, https:\/\/magazinetest.atomic4dev.net\/wp-content\/uploads\/2026\/04\/Captura-de-pantalla-2026-04-14-130444-300x170.png 300w, https:\/\/magazinetest.atomic4dev.net\/wp-content\/uploads\/2026\/04\/Captura-de-pantalla-2026-04-14-130444-768x436.png 768w, https:\/\/magazinetest.atomic4dev.net\/wp-content\/uploads\/2026\/04\/Captura-de-pantalla-2026-04-14-130444-24x14.png 24w, https:\/\/magazinetest.atomic4dev.net\/wp-content\/uploads\/2026\/04\/Captura-de-pantalla-2026-04-14-130444-36x20.png 36w, https:\/\/magazinetest.atomic4dev.net\/wp-content\/uploads\/2026\/04\/Captura-de-pantalla-2026-04-14-130444-48x27.png 48w, https:\/\/magazinetest.atomic4dev.net\/wp-content\/uploads\/2026\/04\/Captura-de-pantalla-2026-04-14-130444.png 1296w\" sizes=\"auto, (max-width: 1024px) 100vw, 1024px\" \/><\/a><\/figure>\n<\/div>\n\n\n<h2 class=\"wp-block-heading\"><strong>Pop-up, showroom o activaci\u00f3n privada: qu\u00e9 formato encaja mejor<\/strong><\/h2>\n\n\n\n<figure class=\"wp-block-table\"><table class=\"has-fixed-layout\"><tbody><tr><td><strong>Objetivo<\/strong><\/td><td><strong>Formato<\/strong><\/td><\/tr><tr><td>Visibilidad luxury<\/td><td>Pop-up<\/td><\/tr><tr><td>Reuniones con buyers<\/td><td>Showroom<\/td><\/tr><tr><td>Activaci\u00f3n prensa<\/td><td>Venue privado<\/td><\/tr><tr><td>Entrada mercado<\/td><td>Retail temporal flexible<\/td><\/tr><\/tbody><\/table><\/figure>\n\n\n\n<h3 class=\"wp-block-heading\">Cu\u00e1ndo asegurar espacio para Milan Fashion Week 2026<\/h3>\n\n\n\n<p class=\"wp-block-paragraph\">Uno de los errores m\u00e1s habituales al planificar una activaci\u00f3n en Mil\u00e1n es pensar que todav\u00eda habr\u00e1 margen suficiente cuando el calendario oficial ya est\u00e1 cerca.<\/p>\n\n\n\n<p class=\"wp-block-paragraph\">En realidad, las zonas m\u00e1s demandadas empiezan a tensionarse antes de lo que muchas marcas esperan, especialmente en febrero y septiembre, cuando la demanda se concentra r\u00e1pidamente en determinados distritos.<\/p>\n\n\n\n<p class=\"wp-block-paragraph\">Por eso suele ser m\u00e1s \u00fatil definir pronto el objetivo, el formato y la zona prioritaria antes de que las mejores opciones empiecen a reducirse.<\/p>\n\n\n\n<h3 class=\"wp-block-heading\">Lo que muchas marcas subestiman al planificar Mil\u00e1n<\/h3>\n\n\n\n<p class=\"wp-block-paragraph\">Milan es una ciudad m\u00e1s compacta que Paris a nivel comercial.<\/p>\n\n\n\n<p class=\"wp-block-paragraph\">Eso hace que elegir mal el distrito tenga un impacto mucho m\u00e1s directo en c\u00f3mo se percibe una activaci\u00f3n. En Mil\u00e1n, una peque\u00f1a diferencia de ubicaci\u00f3n puede cambiar por completo la lectura de marca.<\/p>\n\n\n\n<h3 class=\"wp-block-heading\">Por qu\u00e9 la ejecuci\u00f3n local importa en Mil\u00e1n<\/h3>\n\n\n\n<p class=\"wp-block-paragraph\">Encontrar el espacio adecuado es solo una parte del proyecto.<\/p>\n\n\n\n<p class=\"wp-block-paragraph\">Producci\u00f3n, log\u00edstica local, tiempos de instalaci\u00f3n y adaptaci\u00f3n t\u00e9cnica suelen influir mucho en el resultado final, especialmente durante las semanas de mayor actividad en la ciudad.<\/p>\n\n\n\n<p class=\"wp-block-paragraph\">Por eso conviene plantear la ejecuci\u00f3n desde el principio y no una vez el espacio ya est\u00e1 cerrado.<\/p>\n\n\n\n<h2 class=\"wp-block-heading\">Planificar una activaci\u00f3n en Milan Fashion Week 2026<\/h2>\n\n\n\n<p class=\"wp-block-paragraph\">Las activaciones que mejor funcionan rara vez se deciden cuando sale el calendario oficial.<\/p>\n\n\n\n<p class=\"wp-block-paragraph\">En ese momento, muchas de las mejores oportunidades ya est\u00e1n siendo evaluadas o reservadas.<\/p>\n\n\n\n<p class=\"wp-block-paragraph\">En Mil\u00e1n, elegir espacio es menos una cuesti\u00f3n de disponibilidad y m\u00e1s una cuesti\u00f3n de entender qu\u00e9 zona sostiene la visibilidad, audiencia y posicionamiento que necesita el proyecto.<\/p>\n\n\n\n<p class=\"wp-block-paragraph\">Algunas marcas priorizan distritos centrales cerca de showrooms y tr\u00e1fico profesional.<\/p>\n\n\n\n<p class=\"wp-block-paragraph\">Otras buscan barrios donde un pop-up genere mayor lectura cultural o atenci\u00f3n local.<\/p>\n\n\n\n<p class=\"wp-block-paragraph\">Por eso, una de las decisiones m\u00e1s \u00fatiles es empezar a comparar opciones reales pronto.<\/p>\n\n\n\n<p class=\"wp-block-paragraph\">Si ya est\u00e1s explorando posibilidades:<\/p>\n\n\n\n<p class=\"wp-block-paragraph\"><a href=\"https:\/\/app.gopopup.com\/en\/search\/Milan\" rel=\"noopener\"><strong>Visita nuestro marketplace de espacios para eventos en Mil\u00e1n<\/strong><\/a><\/p>\n\n\n\n<p class=\"wp-block-paragraph\">Y si el proyecto implica m\u00e1s que asegurar venue \u2014 producci\u00f3n local, permisos, staff o soporte operativo \u2014 conviene definirlo desde el principio.<\/p>\n\n\n\n<p class=\"wp-block-paragraph\"><a href=\"https:\/\/www.gopopup.com\/agency\/\" rel=\"noopener\"><strong>Cu\u00e9ntanos tu proyecto<\/strong><\/a><\/p>\n\n\n\n<p class=\"wp-block-paragraph\">Si adem\u00e1s est\u00e1s valorando otras fashion weeks clave en Europa, tambi\u00e9n puede ayudarte revisar c\u00f3mo se mueve <a href=\"https:\/\/magazinetest.atomic4dev.net\/es\/paris-fashion-week\/\" target=\"_blank\" rel=\"noreferrer noopener\">Paris Fashion Week<\/a> y qu\u00e9 tipo de activaciones funcionan all\u00ed seg\u00fan calendario, zonas y presi\u00f3n real de demanda.<\/p>\n\n\n\n<h2 class=\"wp-block-heading\">FAQ: Milan Fashion Week 2026 para marcas<\/h2>\n\n\n\n<h3 class=\"wp-block-heading\">\u00bfCu\u00e1ndo es Milan Fashion Week 2026?<\/h3>\n\n\n\n<p class=\"wp-block-paragraph\">Las principales ventanas que suelen seguir las marcas son enero, febrero, junio y septiembre, ya que cada una corresponde a momentos distintos del calendario internacional y activa din\u00e1micas diferentes dentro de la ciudad.<\/p>\n\n\n\n<p class=\"wp-block-paragraph\">Enero y junio suelen estar m\u00e1s vinculados a menswear, mientras que febrero y septiembre concentran las ediciones femeninas con mayor presi\u00f3n internacional, especialmente en t\u00e9rminos de visibilidad, showrooms y demanda sobre espacios premium.<\/p>\n\n\n\n<p class=\"wp-block-paragraph\">Para muchas marcas, m\u00e1s que fijarse solo en las fechas exactas, lo importante es entender qu\u00e9 edici\u00f3n encaja mejor con el tipo de proyecto que quieren desarrollar.<\/p>\n\n\n\n<h3 class=\"wp-block-heading\">\u00bfQu\u00e9 edici\u00f3n suele funcionar mejor para un pop-up?<\/h3>\n\n\n\n<p class=\"wp-block-paragraph\">Febrero y septiembre suelen ser las ventanas m\u00e1s fuertes cuando el objetivo es ganar visibilidad en ciudad.<\/p>\n\n\n\n<p class=\"wp-block-paragraph\">Durante esas semanas, Mil\u00e1n concentra un volumen mucho mayor de compradores internacionales, prensa especializada, profesionales del sector y movimiento luxury en los distritos m\u00e1s estrat\u00e9gicos.<\/p>\n\n\n\n<p class=\"wp-block-paragraph\">Eso hace que los pop-ups orientados a posicionamiento, lanzamiento o notoriedad encuentren un contexto especialmente favorable.<\/p>\n\n\n\n<p class=\"wp-block-paragraph\">En cambio, enero o junio pueden funcionar mejor en proyectos m\u00e1s selectivos, especialmente cuando el objetivo est\u00e1 m\u00e1s cerca de showroom, reuniones comerciales o formatos menos expuestos.<\/p>\n\n\n\n<h3 class=\"wp-block-heading\">\u00bfCu\u00e1ndo conviene empezar a planificar?<\/h3>\n\n\n\n<p class=\"wp-block-paragraph\">Cuanto antes mejor, especialmente si el proyecto busca una zona concreta, un formato premium o una activaci\u00f3n muy ligada a fechas clave del calendario.<\/p>\n\n\n\n<p class=\"wp-block-paragraph\">En Mil\u00e1n, las mejores oportunidades rara vez se activan cuando el calendario ya est\u00e1 cerca. Muchas decisiones importantes empiezan a tomarse bastante antes, sobre todo en febrero y septiembre, cuando la presi\u00f3n sobre determinadas \u00e1reas aumenta r\u00e1pidamente.<\/p>\n\n\n\n<p class=\"wp-block-paragraph\">Definir con tiempo objetivo, distrito y formato suele abrir opciones mucho m\u00e1s interesantes.<\/p>\n\n\n\n<h3 class=\"wp-block-heading\">\u00bfEs mejor showroom o pop-up?<\/h3>\n\n\n\n<p class=\"wp-block-paragraph\">Depende del objetivo principal de la marca.<\/p>\n\n\n\n<p class=\"wp-block-paragraph\">Un pop-up suele funcionar mejor cuando se busca visibilidad p\u00fablica, presencia de marca o capacidad de generar conversaci\u00f3n durante la semana.<\/p>\n\n\n\n<p class=\"wp-block-paragraph\">Un showroom, en cambio, suele ser m\u00e1s eficiente cuando el foco est\u00e1 en reuniones con buyers, citas privadas o presentaciones m\u00e1s controladas.<\/p>\n\n\n\n<p class=\"wp-block-paragraph\">En Mil\u00e1n, muchas veces el formato correcto determina antes la zona adecuada que al rev\u00e9s, porque cada distrito favorece lecturas muy distintas seg\u00fan el tipo de activaci\u00f3n.<\/p>\n\n\n\n<h2 class=\"wp-block-heading\">Referencias \u00fatiles y lectura adicional<\/h2>\n\n\n\n<p class=\"wp-block-paragraph\">Si quieres profundizar m\u00e1s sobre Milan Fashion Week y entender mejor c\u00f3mo se organiza el calendario oficial en Italia, aqu\u00ed tienes algunas fuentes fiables y recomendables:<\/p>\n\n\n\n<p class=\"wp-block-paragraph\"><strong>Web oficial de Camera Nazionale della Moda Italiana (calendario oficial y eventos):<\/strong><strong><br><\/strong><a href=\"https:\/\/www.cameramoda.it\/en\/\" rel=\"noopener\">https:\/\/www.cameramoda.it\/en\/<\/a><\/p>\n\n\n\n<p class=\"wp-block-paragraph\"><strong>Calendario oficial de Milan Fashion Week (fechas, desfiles y programaci\u00f3n):<\/strong><strong><br><\/strong>https:\/\/www.cameramoda.it\/en\/associazione\/calendario\/<\/p>\n\n\n\n<p class=\"wp-block-paragraph\"><strong>Visi\u00f3n general y contexto hist\u00f3rico de Milan Fashion Week:<\/strong><strong><br><\/strong><a href=\"https:\/\/es.wikipedia.org\/wiki\/Semana_de_la_Moda_de_Mil%C3%A1n\" rel=\"noopener\">https:\/\/es.wikipedia.org\/wiki\/Semana_de_la_Moda_de_Mil%C3%A1n<\/a><\/p>\n\n\n\n<script type=\"application\/ld+json\">\n{\n  \"@context\": \"https:\/\/schema.org\",\n  \"@type\": \"FAQPage\",\n  \"mainEntity\": [\n    {\n      \"@type\": \"Question\",\n      \"name\": \"\u00bfCu\u00e1ndo es Milan Fashion Week 2026?\",\n      \"acceptedAnswer\": {\n        \"@type\": \"Answer\",\n        \"text\": \"Milan Fashion Week 2026 se organiza en cuatro grandes momentos a lo largo del a\u00f1o: enero, febrero, junio y septiembre. Cada edici\u00f3n corresponde a segmentos espec\u00edficos, como menswear o womenswear, y a temporadas como Fall\/Winter o Spring\/Summer. Febrero y septiembre suelen ser las ventanas m\u00e1s relevantes para muchas marcas por su mayor visibilidad internacional y la mayor presi\u00f3n sobre espacios premium.\"\n      }\n    },\n    {\n      \"@type\": \"Question\",\n      \"name\": \"\u00bfQu\u00e9 edici\u00f3n de Milan Fashion Week es mejor para un pop-up?\",\n      \"acceptedAnswer\": {\n        \"@type\": \"Answer\",\n        \"text\": \"No existe una \u00fanica mejor edici\u00f3n, porque depende del objetivo de la marca. Febrero y septiembre suelen concentrar m\u00e1s movimiento internacional, prensa y visibilidad en ciudad, por lo que suelen funcionar mejor para pop-ups orientados a notoriedad y posicionamiento. Enero y junio suelen ser m\u00e1s adecuados para estrategias showroom, reuniones selectivas o formatos m\u00e1s profesionales.\"\n      }\n    },\n    {\n      \"@type\": \"Question\",\n      \"name\": \"\u00bfCon cu\u00e1nta antelaci\u00f3n hay que planificar una activaci\u00f3n en Milan Fashion Week?\",\n      \"acceptedAnswer\": {\n        \"@type\": \"Answer\",\n        \"text\": \"Para las ediciones con m\u00e1s demanda, especialmente febrero y septiembre, conviene empezar a planificar con entre 3 y 6 meses de antelaci\u00f3n. Las zonas m\u00e1s estrat\u00e9gicas de Mil\u00e1n, como Quadrilatero della Moda o Brera, suelen reducir disponibilidad antes de lo que muchas marcas esperan. Planificar con tiempo ayuda a asegurar mejor ubicaci\u00f3n, definir el formato correcto y coordinar la ejecuci\u00f3n local con m\u00e1s margen.\"\n      }\n    },\n    {\n      \"@type\": \"Question\",\n      \"name\": \"\u00bfEs mejor un showroom o un pop-up durante Milan Fashion Week?\",\n      \"acceptedAnswer\": {\n        \"@type\": \"Answer\",\n        \"text\": \"No es que uno sea mejor que otro, sino que responden a objetivos distintos. Un pop-up suele funcionar mejor para visibilidad p\u00fablica, activaci\u00f3n de marca o test de mercado. Un showroom suele ser m\u00e1s eficaz para reuniones con buyers, citas privadas y presentaciones profesionales. La elecci\u00f3n debe basarse en el objetivo del proyecto y en el tipo de interacci\u00f3n que la marca quiere generar durante la semana.\"\n      }\n    }\n  ]\n}\n<\/script>\n\n\n\n<p class=\"wp-block-paragraph\"><\/p>\n","protected":false},"excerpt":{"rendered":"<p>Milan Fashion Week sigue siendo uno de los momentos m\u00e1s estrat\u00e9gicos del a\u00f1o para las marcas que buscan visibilidad dentro de uno de los ecosistemas de retail de lujo m\u00e1s s\u00f3lidos de Europa. Para muchas marcas internacionales, entender el calendario oficial es solo el primer paso. En la pr\u00e1ctica, la verdadera presi\u00f3n empieza antes, cuando los mejores espacios temporales empiezan a reducirse y elegir distrito deja de ser una simple b\u00fasqueda de venue para convertirse en una decisi\u00f3n estrat\u00e9gica. Si buscas Milan Fashion Week 2026, las cuatro ventanas principales a vigilar son enero, febrero, junio y septiembre. Para una marca [&hellip;]<\/p>\n","protected":false},"author":20,"featured_media":24963,"comment_status":"open","ping_status":"open","sticky":false,"template":"","format":"standard","meta":{"footnotes":""},"categories":[660],"tags":[],"class_list":["post-24491","post","type-post","status-publish","format-standard","has-post-thumbnail","hentry","category-fashion-week"],"_links":{"self":[{"href":"https:\/\/magazinetest.atomic4dev.net\/es\/wp-json\/wp\/v2\/posts\/24491","targetHints":{"allow":["GET"]}}],"collection":[{"href":"https:\/\/magazinetest.atomic4dev.net\/es\/wp-json\/wp\/v2\/posts"}],"about":[{"href":"https:\/\/magazinetest.atomic4dev.net\/es\/wp-json\/wp\/v2\/types\/post"}],"author":[{"embeddable":true,"href":"https:\/\/magazinetest.atomic4dev.net\/es\/wp-json\/wp\/v2\/users\/20"}],"replies":[{"embeddable":true,"href":"https:\/\/magazinetest.atomic4dev.net\/es\/wp-json\/wp\/v2\/comments?post=24491"}],"version-history":[{"count":14,"href":"https:\/\/magazinetest.atomic4dev.net\/es\/wp-json\/wp\/v2\/posts\/24491\/revisions"}],"predecessor-version":[{"id":24970,"href":"https:\/\/magazinetest.atomic4dev.net\/es\/wp-json\/wp\/v2\/posts\/24491\/revisions\/24970"}],"wp:featuredmedia":[{"embeddable":true,"href":"https:\/\/magazinetest.atomic4dev.net\/es\/wp-json\/wp\/v2\/media\/24963"}],"wp:attachment":[{"href":"https:\/\/magazinetest.atomic4dev.net\/es\/wp-json\/wp\/v2\/media?parent=24491"}],"wp:term":[{"taxonomy":"category","embeddable":true,"href":"https:\/\/magazinetest.atomic4dev.net\/es\/wp-json\/wp\/v2\/categories?post=24491"},{"taxonomy":"post_tag","embeddable":true,"href":"https:\/\/magazinetest.atomic4dev.net\/es\/wp-json\/wp\/v2\/tags?post=24491"}],"curies":[{"name":"wp","href":"https:\/\/api.w.org\/{rel}","templated":true}]}}