{"id":24258,"date":"2026-02-10T17:30:00","date_gmt":"2026-02-10T16:30:00","guid":{"rendered":"https:\/\/magazinetest.atomic4dev.net\/?p=24258"},"modified":"2026-02-10T17:29:41","modified_gmt":"2026-02-10T16:29:41","slug":"el-lienzo-urbano-estar-en-el-off-de-la-semana-del-arte-de-madrid","status":"publish","type":"post","link":"https:\/\/magazinetest.atomic4dev.net\/es\/el-lienzo-urbano-estar-en-el-off-de-la-semana-del-arte-de-madrid\/","title":{"rendered":"El lienzo urbano: estar en el \u00aboff\u00bb de la Semana del Arte de Madrid."},"content":{"rendered":"\n<p class=\"has-text-align-left wp-block-paragraph\"><strong>Mientras las grandes ferias se despliegan en los pabellones de IFEMA, el pulso creativo de Madrid hace latir sus calles. Descubre c\u00f3mo las pop-ups est\u00e1n redefiniendo la visibilidad de artistas, marcas y galer\u00edas durante la semana m\u00e1s el\u00e9ctrica del a\u00f1o. <\/strong><br><br>Con la llegada de <strong>ARCO<\/strong>, <strong>Art Madrid<\/strong> y <strong>UVNT<\/strong>, los d\u00edas <strong>4 a 8 de marzo de 2026<\/strong>, la capital se convierte en el epicentro de un ecosistema que atrae a miles de <strong>coleccionistas, galeristas y artistas emergentes de todo el mundo.<\/strong><\/p>\n\n\n\n<p class=\"has-text-align-left wp-block-paragraph\">No obstante, en las \u00faltimas ediciones, hemos sido testigos de un fen\u00f3meno imparable: <strong>la deslocalizaci\u00f3n del arte.<\/strong> El \u00e9xito ya no solo reside en tener un stand oficial; reside en <strong>formar parte de la semana del arte.<\/strong><\/p>\n\n\n\n<h3 class=\"wp-block-heading\">El fen\u00f3meno <em>off fair<\/em> : la calle como galer\u00eda. <\/h3>\n\n\n\n<p class=\"wp-block-paragraph\">El circuito oficial es el coraz\u00f3n, pero el <em>off<\/em> es el sistema nervioso. Artistas emergentes, dise\u00f1adores y marcas, tanto de retail y beauty como lifestyle, han descubierto que la celebraci\u00f3n de <strong>Semana del Arte<\/strong> durante el mes de marzo en Madrid es el momento perfecto para encontrar espacios y galer\u00edas donde exponer sus obras o presentar sus activaciones.<br><\/p>\n\n\n\n<p class=\"wp-block-paragraph\">\u00bfPor qu\u00e9 se da este fen\u00f3meno? Una suma perfecta de factores hace que el p\u00fablico que acude a Madrid experimente no solo las ferias, sino la ciudad, creando el momento perfecto para buscar un espacio y dar presencia a tu idea. <\/p>\n\n\n\n<div style=\"height:20px\" aria-hidden=\"true\" class=\"wp-block-spacer\"><\/div>\n\n\n<div class=\"wp-block-image\">\n<figure class=\"aligncenter size-full is-resized\"><a href=\"http:\/\/magazinetest.atomic4dev.net\/wp-content\/uploads\/2026\/02\/bcbb5cbef1d868b90aa5efc458f68035-1.jpg\"><img loading=\"lazy\" decoding=\"async\" width=\"1013\" height=\"1800\" src=\"http:\/\/magazinetest.atomic4dev.net\/wp-content\/uploads\/2026\/02\/bcbb5cbef1d868b90aa5efc458f68035-1-edited.jpg\" alt=\"\" class=\"wp-image-24278\" style=\"width:467px;height:auto\" srcset=\"https:\/\/magazinetest.atomic4dev.net\/wp-content\/uploads\/2026\/02\/bcbb5cbef1d868b90aa5efc458f68035-1-edited.jpg 1013w, https:\/\/magazinetest.atomic4dev.net\/wp-content\/uploads\/2026\/02\/bcbb5cbef1d868b90aa5efc458f68035-1-edited-169x300.jpg 169w, https:\/\/magazinetest.atomic4dev.net\/wp-content\/uploads\/2026\/02\/bcbb5cbef1d868b90aa5efc458f68035-1-edited-576x1024.jpg 576w, https:\/\/magazinetest.atomic4dev.net\/wp-content\/uploads\/2026\/02\/bcbb5cbef1d868b90aa5efc458f68035-1-edited-768x1365.jpg 768w, https:\/\/magazinetest.atomic4dev.net\/wp-content\/uploads\/2026\/02\/bcbb5cbef1d868b90aa5efc458f68035-1-edited-864x1536.jpg 864w, https:\/\/magazinetest.atomic4dev.net\/wp-content\/uploads\/2026\/02\/bcbb5cbef1d868b90aa5efc458f68035-1-edited-14x24.jpg 14w, https:\/\/magazinetest.atomic4dev.net\/wp-content\/uploads\/2026\/02\/bcbb5cbef1d868b90aa5efc458f68035-1-edited-20x36.jpg 20w, https:\/\/magazinetest.atomic4dev.net\/wp-content\/uploads\/2026\/02\/bcbb5cbef1d868b90aa5efc458f68035-1-edited-27x48.jpg 27w\" sizes=\"auto, (max-width: 1013px) 100vw, 1013px\" \/><\/a><figcaption class=\"wp-element-caption\">UNA SEMANA DONDE EL ARTE TOMA LA CAPITAL<\/figcaption><\/figure>\n<\/div>\n\n\n<h3 class=\"wp-block-heading\"><strong><strong>Madrid por barrios: \u00bfD\u00f3nde deber\u00eda estar tu pr\u00f3ximo proyecto? <\/strong><\/strong><\/h3>\n\n\n\n<p class=\"wp-block-paragraph\">Para impactar, la ubicaci\u00f3n es el 50% del concepto. En Go\u2014Pop Up, hemos comisariado una cartera de espacios estrat\u00e9gicos durante las fechas para que tu presencia sea org\u00e1nica y poco intrusiva:<\/p>\n\n\n\n<ul class=\"wp-block-list\">\n<li><strong>Doctor Fourquet y Lavapi\u00e9s:<\/strong> El territorio de los galeristas. Estar aqu\u00ed es estar en el \u00abbackstage\u00bb del Reina Sof\u00eda. Es el lugar para activaciones de nicho.<\/li>\n\n\n\n<li><strong>Justicia y Chueca:<\/strong> Sofisticaci\u00f3n y dise\u00f1o. Perfecto para marcas que fusionan arte con moda o fragancias, buscando un impacto humano y moderno. \u00a0<\/li>\n\n\n\n<li><strong>Barrio de Salamanca:<\/strong> El basti\u00f3n del lujo contempor\u00e1neo. Si tu objetivo es el alto coleccionismo y la exclusividad, este es el lugar donde el arte se encuentra con el lujo.<\/li>\n<\/ul>\n\n\n\n<div class=\"wp-block-columns is-layout-flex wp-container-core-columns-is-layout-8f761849 wp-block-columns-is-layout-flex\">\n<div class=\"wp-block-column is-layout-flow wp-block-column-is-layout-flow\">\n<figure class=\"wp-block-image size-large\"><a href=\"http:\/\/magazinetest.atomic4dev.net\/wp-content\/uploads\/2026\/02\/3xg64-slider-edited-1.jpg\"><img loading=\"lazy\" decoding=\"async\" width=\"1287\" height=\"724\" src=\"http:\/\/magazinetest.atomic4dev.net\/wp-content\/uploads\/2026\/02\/3xg64-slider-edited-3.jpg\" alt=\"\" class=\"wp-image-24285\" srcset=\"https:\/\/magazinetest.atomic4dev.net\/wp-content\/uploads\/2026\/02\/3xg64-slider-edited-3.jpg 1287w, https:\/\/magazinetest.atomic4dev.net\/wp-content\/uploads\/2026\/02\/3xg64-slider-edited-3-300x169.jpg 300w, https:\/\/magazinetest.atomic4dev.net\/wp-content\/uploads\/2026\/02\/3xg64-slider-edited-3-1024x576.jpg 1024w, https:\/\/magazinetest.atomic4dev.net\/wp-content\/uploads\/2026\/02\/3xg64-slider-edited-3-768x432.jpg 768w, https:\/\/magazinetest.atomic4dev.net\/wp-content\/uploads\/2026\/02\/3xg64-slider-edited-3-24x14.jpg 24w, https:\/\/magazinetest.atomic4dev.net\/wp-content\/uploads\/2026\/02\/3xg64-slider-edited-3-36x20.jpg 36w, https:\/\/magazinetest.atomic4dev.net\/wp-content\/uploads\/2026\/02\/3xg64-slider-edited-3-48x27.jpg 48w\" sizes=\"auto, (max-width: 1287px) 100vw, 1287px\" \/><\/a><figcaption class=\"wp-element-caption\">ESPACIO GO \u2014 POPUP JUSTICIA <\/figcaption><\/figure>\n<\/div>\n\n\n\n<div class=\"wp-block-column is-layout-flow wp-block-column-is-layout-flow\">\n<figure class=\"wp-block-image size-large\"><a href=\"http:\/\/magazinetest.atomic4dev.net\/wp-content\/uploads\/2026\/02\/q7k6c-slider-edited.jpg\"><img loading=\"lazy\" decoding=\"async\" width=\"1349\" height=\"759\" src=\"http:\/\/magazinetest.atomic4dev.net\/wp-content\/uploads\/2026\/02\/q7k6c-slider-edited-2.jpg\" alt=\"\" class=\"wp-image-24288\" srcset=\"https:\/\/magazinetest.atomic4dev.net\/wp-content\/uploads\/2026\/02\/q7k6c-slider-edited-2.jpg 1349w, https:\/\/magazinetest.atomic4dev.net\/wp-content\/uploads\/2026\/02\/q7k6c-slider-edited-2-300x169.jpg 300w, https:\/\/magazinetest.atomic4dev.net\/wp-content\/uploads\/2026\/02\/q7k6c-slider-edited-2-1024x576.jpg 1024w, https:\/\/magazinetest.atomic4dev.net\/wp-content\/uploads\/2026\/02\/q7k6c-slider-edited-2-768x432.jpg 768w, https:\/\/magazinetest.atomic4dev.net\/wp-content\/uploads\/2026\/02\/q7k6c-slider-edited-2-24x14.jpg 24w, https:\/\/magazinetest.atomic4dev.net\/wp-content\/uploads\/2026\/02\/q7k6c-slider-edited-2-36x20.jpg 36w, https:\/\/magazinetest.atomic4dev.net\/wp-content\/uploads\/2026\/02\/q7k6c-slider-edited-2-48x27.jpg 48w\" sizes=\"auto, (max-width: 1349px) 100vw, 1349px\" \/><\/a><figcaption class=\"wp-element-caption\">ESPACIO GO \u2014 POPUP JUSTICIA <\/figcaption><\/figure>\n<\/div>\n<\/div>\n\n\n\n<h3 class=\"wp-block-heading\">\u00bfPor qu\u00e9 es interesante para mi proyecto ser parte?<\/h3>\n\n\n\n<p class=\"wp-block-paragraph\">Desde Go\u2014Pop Up entendemos que un espacio no son solo cuatro paredes; es una iniciativa <strong>de comunicaci\u00f3n<\/strong>. Durante esta semana, los l\u00edmites se difuminan:<\/p>\n\n\n\n<ul class=\"wp-block-list\">\n<li><strong>Marcas<\/strong> que colaboran con artistas para crear instalaciones inmersivas.<\/li>\n\n\n\n<li><strong>Dise\u00f1adores<\/strong> que transforman locales comerciales en showrooms ef\u00edmeros que parecen museos.<\/li>\n\n\n\n<li><strong>Galer\u00edas internacionales<\/strong> que aterrizan en Madrid sin los costes fijos de una sede permanente, testeando el mercado espa\u00f1ol con una presencia de alto impacto.<\/li>\n<\/ul>\n\n\n\n<p class=\"wp-block-paragraph\">Al <strong>activar un espacio ef\u00edmero en los nodos estrat\u00e9gicos de Madrid, consigues acercarte al p\u00fablico <\/strong>en su estado m\u00e1s receptivo: mientras camina entre una feria y otra, buscando el pr\u00f3ximo descubrimiento. Invitamos a las mentes creativas a explorar nuestros locales y exponer su idea, un lienzo en blanco de gran formato<\/p>\n\n\n\n<div style=\"height:20px\" aria-hidden=\"true\" class=\"wp-block-spacer\"><\/div>\n\n\n\n<div class=\"wp-block-columns is-layout-flex wp-container-core-columns-is-layout-8f761849 wp-block-columns-is-layout-flex\">\n<div class=\"wp-block-column is-layout-flow wp-block-column-is-layout-flow\"><div class=\"wp-block-image\">\n<figure class=\"aligncenter size-large is-resized\"><a href=\"http:\/\/magazinetest.atomic4dev.net\/wp-content\/uploads\/2026\/02\/RosenblutFriedmann_LevityAndGravity_01-1-slider.jpg\"><img loading=\"lazy\" decoding=\"async\" width=\"1350\" height=\"900\" src=\"http:\/\/magazinetest.atomic4dev.net\/wp-content\/uploads\/2026\/02\/RosenblutFriedmann_LevityAndGravity_01-1-slider-edited.jpg\" alt=\"\" class=\"wp-image-24273\" style=\"width:470px;height:auto\" srcset=\"https:\/\/magazinetest.atomic4dev.net\/wp-content\/uploads\/2026\/02\/RosenblutFriedmann_LevityAndGravity_01-1-slider-edited.jpg 1350w, https:\/\/magazinetest.atomic4dev.net\/wp-content\/uploads\/2026\/02\/RosenblutFriedmann_LevityAndGravity_01-1-slider-edited-300x200.jpg 300w, https:\/\/magazinetest.atomic4dev.net\/wp-content\/uploads\/2026\/02\/RosenblutFriedmann_LevityAndGravity_01-1-slider-edited-1024x683.jpg 1024w, https:\/\/magazinetest.atomic4dev.net\/wp-content\/uploads\/2026\/02\/RosenblutFriedmann_LevityAndGravity_01-1-slider-edited-768x512.jpg 768w, https:\/\/magazinetest.atomic4dev.net\/wp-content\/uploads\/2026\/02\/RosenblutFriedmann_LevityAndGravity_01-1-slider-edited-24x16.jpg 24w, https:\/\/magazinetest.atomic4dev.net\/wp-content\/uploads\/2026\/02\/RosenblutFriedmann_LevityAndGravity_01-1-slider-edited-36x24.jpg 36w, https:\/\/magazinetest.atomic4dev.net\/wp-content\/uploads\/2026\/02\/RosenblutFriedmann_LevityAndGravity_01-1-slider-edited-48x32.jpg 48w\" sizes=\"auto, (max-width: 1350px) 100vw, 1350px\" \/><\/a><figcaption class=\"wp-element-caption\">ESPACIO GO \u2014 POPUP BARRIO DE SALAMANCA <\/figcaption><\/figure>\n<\/div><\/div>\n\n\n\n<div class=\"wp-block-column is-layout-flow wp-block-column-is-layout-flow\"><div class=\"wp-block-image\">\n<figure class=\"aligncenter size-full is-resized\"><a href=\"http:\/\/magazinetest.atomic4dev.net\/wp-content\/uploads\/2026\/02\/RosenblutFriedmann_LevityAndGravity_27-1-slider-1.jpg\"><img loading=\"lazy\" decoding=\"async\" width=\"1328\" height=\"886\" src=\"http:\/\/magazinetest.atomic4dev.net\/wp-content\/uploads\/2026\/02\/RosenblutFriedmann_LevityAndGravity_27-1-slider-1-edited.jpg\" alt=\"\" class=\"wp-image-24272\" style=\"width:470px;height:auto\" srcset=\"https:\/\/magazinetest.atomic4dev.net\/wp-content\/uploads\/2026\/02\/RosenblutFriedmann_LevityAndGravity_27-1-slider-1-edited.jpg 1328w, https:\/\/magazinetest.atomic4dev.net\/wp-content\/uploads\/2026\/02\/RosenblutFriedmann_LevityAndGravity_27-1-slider-1-edited-300x200.jpg 300w, https:\/\/magazinetest.atomic4dev.net\/wp-content\/uploads\/2026\/02\/RosenblutFriedmann_LevityAndGravity_27-1-slider-1-edited-1024x683.jpg 1024w, https:\/\/magazinetest.atomic4dev.net\/wp-content\/uploads\/2026\/02\/RosenblutFriedmann_LevityAndGravity_27-1-slider-1-edited-768x512.jpg 768w, https:\/\/magazinetest.atomic4dev.net\/wp-content\/uploads\/2026\/02\/RosenblutFriedmann_LevityAndGravity_27-1-slider-1-edited-24x16.jpg 24w, https:\/\/magazinetest.atomic4dev.net\/wp-content\/uploads\/2026\/02\/RosenblutFriedmann_LevityAndGravity_27-1-slider-1-edited-36x24.jpg 36w, https:\/\/magazinetest.atomic4dev.net\/wp-content\/uploads\/2026\/02\/RosenblutFriedmann_LevityAndGravity_27-1-slider-1-edited-48x32.jpg 48w\" sizes=\"auto, (max-width: 1328px) 100vw, 1328px\" \/><\/a><figcaption class=\"wp-element-caption\">ESPACIO GO \u2014 POPUP BARRIO DE SALAMANCA<\/figcaption><\/figure>\n<\/div><\/div>\n<\/div>\n\n\n\n<h3 class=\"wp-block-heading\">El momento es ahora: una ventana de tan solo siete d\u00edas. <\/h3>\n\n\n\n<p class=\"wp-block-paragraph\"><strong>La Semana del Arte es una ventana de oportunidad de alta densidad. <\/strong>El tr\u00e1fico de calidad est\u00e1 asegurado, la prensa especializada est\u00e1 en la ciudad y rebosa la creatividad.<br><\/p>\n\n\n\n<p class=\"wp-block-paragraph\">Desde Go\u2014Pop Up, facilitamos que vengas a disfrutar y compartir el arte en Madrid. Nos encargamos de que el proceso de encontrar y activar tu espacio sea tan fluido y estrat\u00e9gico. Porque en la semana donde todo el mundo mira el arte, nosotros queremos que el mundo tambi\u00e9n te mire a ti.<\/p>\n\n\n\n<div class=\"wp-block-columns is-layout-flex wp-container-core-columns-is-layout-8f761849 wp-block-columns-is-layout-flex\">\n<div class=\"wp-block-column is-layout-flow wp-block-column-is-layout-flow\"><\/div>\n\n\n\n<div class=\"wp-block-column is-layout-flow wp-block-column-is-layout-flow\"><\/div>\n<\/div>\n\n\n<div class=\"wp-block-image\">\n<figure class=\"aligncenter size-full is-resized\"><a href=\"http:\/\/magazinetest.atomic4dev.net\/wp-content\/uploads\/2026\/02\/6ghd9-slider.jpg\"><img loading=\"lazy\" decoding=\"async\" width=\"492\" height=\"875\" src=\"http:\/\/magazinetest.atomic4dev.net\/wp-content\/uploads\/2026\/02\/6ghd9-slider-edited.jpg\" alt=\"\" class=\"wp-image-24293\" style=\"width:471px;height:auto\" srcset=\"https:\/\/magazinetest.atomic4dev.net\/wp-content\/uploads\/2026\/02\/6ghd9-slider-edited.jpg 492w, https:\/\/magazinetest.atomic4dev.net\/wp-content\/uploads\/2026\/02\/6ghd9-slider-edited-169x300.jpg 169w, https:\/\/magazinetest.atomic4dev.net\/wp-content\/uploads\/2026\/02\/6ghd9-slider-edited-13x24.jpg 13w, https:\/\/magazinetest.atomic4dev.net\/wp-content\/uploads\/2026\/02\/6ghd9-slider-edited-20x36.jpg 20w, https:\/\/magazinetest.atomic4dev.net\/wp-content\/uploads\/2026\/02\/6ghd9-slider-edited-27x48.jpg 27w\" sizes=\"auto, (max-width: 492px) 100vw, 492px\" \/><\/a><figcaption class=\"wp-element-caption\">ESPACIO GO\u2014POP UP SAN BERNARDO<\/figcaption><\/figure>\n<\/div>\n\n\n<h3 class=\"wp-block-heading\"><strong><strong><strong>\u00bfTienes una idea que merece ser expuesta?<\/strong><\/strong><\/strong><\/h3>\n\n\n\n<p class=\"wp-block-paragraph\">No esperes a que las ferias abran sus puertas. Elige tu escenario, reclama tu espacio en el mapa y convierte tu marca o colecci\u00f3n en el hito del que todos hablar\u00e1n.<\/p>\n\n\n\n<h2 class=\"wp-block-heading has-text-align-center\">Reserva ya tu espacio en Madrid.<\/h2>\n\n\n\n<p class=\"has-text-align-center wp-block-paragraph\"><strong>Explora nuestros espacios, crea tu pop-up.<\/strong> <\/p>\n\n\n\n<p class=\"has-text-align-center wp-block-paragraph\">\u00bfListo para conquistar la capital?<\/p>\n\n\n\n<div class=\"wp-block-buttons is-content-justification-center is-layout-flex wp-container-core-buttons-is-layout-fe48e5de wp-block-buttons-is-layout-flex\">\n<div class=\"wp-block-button is-style-fill\"><a class=\"wp-block-button__link wp-element-button\" href=\"https:\/\/app.gopopup.com\/es\/search\/europe\/\" target=\"_blank\" rel=\"noreferrer noopener\">VISITA NUESTRO MARKETPLACE<\/a><\/div>\n<\/div>\n\n\n\n<div style=\"height:20px\" aria-hidden=\"true\" class=\"wp-block-spacer\"><\/div>\n\n\n\n<div class=\"wp-block-buttons is-content-justification-center is-layout-flex wp-container-core-buttons-is-layout-fe48e5de wp-block-buttons-is-layout-flex\">\n<div class=\"wp-block-button\"><a class=\"wp-block-button__link wp-element-button\" href=\"https:\/\/app.gopopup.com\/es\/products\/request?openPersonalizedRequest=\" rel=\"noopener\">HAZ UNA SOLICITUD<\/a><\/div>\n<\/div>\n\n\n\n<div style=\"height:20px\" aria-hidden=\"true\" class=\"wp-block-spacer\"><\/div>\n\n\n\n<div style=\"height:20px\" aria-hidden=\"true\" class=\"wp-block-spacer\"><\/div>\n\n\n\n<p class=\"has-text-align-center wp-block-paragraph\"><strong>Para cualquier otra consulta, no dudes en escribirnos a <\/strong><a href=\"mailto:hello@gopopup.com\"><strong>hello@gopopup.com<\/strong><\/a><\/p>\n\n\n\n<p class=\"wp-block-paragraph\"><\/p>\n","protected":false},"excerpt":{"rendered":"<p>Mientras las grandes ferias se despliegan en los pabellones de IFEMA, el pulso creativo de Madrid hace latir sus calles. Descubre c\u00f3mo las pop-ups est\u00e1n redefiniendo la visibilidad de artistas, marcas y galer\u00edas durante la semana m\u00e1s el\u00e9ctrica del a\u00f1o. Con la llegada de ARCO, Art Madrid y UVNT, los d\u00edas 4 a 8 de marzo de 2026, la capital se convierte en el epicentro de un ecosistema que atrae a miles de coleccionistas, galeristas y artistas emergentes de todo el mundo. No obstante, en las \u00faltimas ediciones, hemos sido testigos de un fen\u00f3meno imparable: la deslocalizaci\u00f3n del arte. El [&hellip;]<\/p>\n","protected":false},"author":20,"featured_media":24275,"comment_status":"open","ping_status":"open","sticky":false,"template":"","format":"standard","meta":{"footnotes":""},"categories":[343,77],"tags":[642,652,654,648,325,646,650,644],"class_list":["post-24258","post","type-post","status-publish","format-standard","has-post-thumbnail","hentry","category-guias-how-to-es","category-trending-es","tag-activacion-de-marca","tag-branding","tag-estrategia","tag-kiosks","tag-pop-up-store-es","tag-quioscos","tag-stand","tag-trending"],"_links":{"self":[{"href":"https:\/\/magazinetest.atomic4dev.net\/es\/wp-json\/wp\/v2\/posts\/24258","targetHints":{"allow":["GET"]}}],"collection":[{"href":"https:\/\/magazinetest.atomic4dev.net\/es\/wp-json\/wp\/v2\/posts"}],"about":[{"href":"https:\/\/magazinetest.atomic4dev.net\/es\/wp-json\/wp\/v2\/types\/post"}],"author":[{"embeddable":true,"href":"https:\/\/magazinetest.atomic4dev.net\/es\/wp-json\/wp\/v2\/users\/20"}],"replies":[{"embeddable":true,"href":"https:\/\/magazinetest.atomic4dev.net\/es\/wp-json\/wp\/v2\/comments?post=24258"}],"version-history":[{"count":8,"href":"https:\/\/magazinetest.atomic4dev.net\/es\/wp-json\/wp\/v2\/posts\/24258\/revisions"}],"predecessor-version":[{"id":24405,"href":"https:\/\/magazinetest.atomic4dev.net\/es\/wp-json\/wp\/v2\/posts\/24258\/revisions\/24405"}],"wp:featuredmedia":[{"embeddable":true,"href":"https:\/\/magazinetest.atomic4dev.net\/es\/wp-json\/wp\/v2\/media\/24275"}],"wp:attachment":[{"href":"https:\/\/magazinetest.atomic4dev.net\/es\/wp-json\/wp\/v2\/media?parent=24258"}],"wp:term":[{"taxonomy":"category","embeddable":true,"href":"https:\/\/magazinetest.atomic4dev.net\/es\/wp-json\/wp\/v2\/categories?post=24258"},{"taxonomy":"post_tag","embeddable":true,"href":"https:\/\/magazinetest.atomic4dev.net\/es\/wp-json\/wp\/v2\/tags?post=24258"}],"curies":[{"name":"wp","href":"https:\/\/api.w.org\/{rel}","templated":true}]}}