{"id":24215,"date":"2026-02-03T17:00:00","date_gmt":"2026-02-03T16:00:00","guid":{"rendered":"https:\/\/magazinetest.atomic4dev.net\/?p=24215"},"modified":"2026-06-29T13:54:20","modified_gmt":"2026-06-29T11:54:20","slug":"milan-abril-2026-porque-ser-parte-de-la-semana-del-diseno","status":"publish","type":"post","link":"https:\/\/magazinetest.atomic4dev.net\/es\/milan-abril-2026-porque-ser-parte-de-la-semana-del-diseno\/","title":{"rendered":"Mil\u00e1n, abril 2026: porque debes ser parte de la Semana del Dise\u00f1o. \u00a0"},"content":{"rendered":"\n<h5 class=\"wp-block-heading has-text-align-left\">Hay una semana al a\u00f1o en la que Mil\u00e1n deja de pertenecer a los milaneses para entregarse al dise\u00f1o. No es una feria al uso ni una simple convenci\u00f3n de la industria. <br><br>El<em> <strong>Salone del Mobile<\/strong> <\/em>y su <strong><em>Fuorisalone<\/em><\/strong> dictan c\u00f3mo se dise\u00f1ar\u00e1n los entornos el pr\u00f3ximo a\u00f1o. <br><\/h5>\n\n\n\n<h3 class=\"wp-block-heading\"><strong>\u00bfPor qu\u00e9 es tan importante estar cerca de los visionarios?<\/strong><\/h3>\n\n\n\n<p class=\"wp-block-paragraph\">Del <strong>21 al 26 de abril de 2026<\/strong>, la ciudad de Mil\u00e1n se fragmenta en sus conocidos distritos para acoger a los grandes dise\u00f1adores mobiliarios. Cada mes de abril, la ciudad deja de ser una ciudad para convertirse en un manifiesto vivo. <span style=\"box-sizing: border-box; margin: 0px; padding: 0px;\">En los pabellones de\u00a0<strong>Rho Fier<\/strong><\/span><strong>a,\u00a0el pulso es t\u00e9cnico y comercial; en las calles de\u00a0Brera, Tortona o las 5VIE, el dise\u00f1o se despoja de su etiqueta para convertirse en experiencia.<\/strong> <br><\/p>\n\n\n\n<p class=\"wp-block-paragraph\">Estar en Mil\u00e1n durante la <em>Design Week<\/em> no es una disyuntiva, es una clara declaraci\u00f3n de <strong>relevancia<\/strong>. Con la celebraci\u00f3n del <strong><em>Salone del Mobile<\/em><\/strong>, nutrirse de las pr\u00f3ximas tendencias de dise\u00f1o es un paso decisivo para cualquier marca. <\/p>\n\n\n\n<div style=\"height:20px\" aria-hidden=\"true\" class=\"wp-block-spacer\"><\/div>\n\n\n<div class=\"wp-block-image\">\n<figure class=\"aligncenter size-full is-resized\"><a href=\"http:\/\/magazinetest.atomic4dev.net\/wp-content\/uploads\/2026\/02\/02_Campagna-di-comunicazione_A-Matter-of-Salone_SDM-2026_0.jpg.webp\"><img loading=\"lazy\" decoding=\"async\" width=\"700\" height=\"1060\" src=\"http:\/\/magazinetest.atomic4dev.net\/wp-content\/uploads\/2026\/02\/02_Campagna-di-comunicazione_A-Matter-of-Salone_SDM-2026_0.jpg.webp\" alt=\"\" class=\"wp-image-24224\" style=\"width:467px;height:auto\" srcset=\"https:\/\/magazinetest.atomic4dev.net\/wp-content\/uploads\/2026\/02\/02_Campagna-di-comunicazione_A-Matter-of-Salone_SDM-2026_0.jpg.webp 700w, https:\/\/magazinetest.atomic4dev.net\/wp-content\/uploads\/2026\/02\/02_Campagna-di-comunicazione_A-Matter-of-Salone_SDM-2026_0.jpg-198x300.webp 198w, https:\/\/magazinetest.atomic4dev.net\/wp-content\/uploads\/2026\/02\/02_Campagna-di-comunicazione_A-Matter-of-Salone_SDM-2026_0.jpg-676x1024.webp 676w, https:\/\/magazinetest.atomic4dev.net\/wp-content\/uploads\/2026\/02\/02_Campagna-di-comunicazione_A-Matter-of-Salone_SDM-2026_0.jpg-16x24.webp 16w, https:\/\/magazinetest.atomic4dev.net\/wp-content\/uploads\/2026\/02\/02_Campagna-di-comunicazione_A-Matter-of-Salone_SDM-2026_0.jpg-24x36.webp 24w, https:\/\/magazinetest.atomic4dev.net\/wp-content\/uploads\/2026\/02\/02_Campagna-di-comunicazione_A-Matter-of-Salone_SDM-2026_0.jpg-32x48.webp 32w\" sizes=\"auto, (max-width: 700px) 100vw, 700px\" \/><\/a><figcaption class=\"wp-element-caption\">MILAN SE CONVIERTE EN LA CAPITAL DEL DISE\u00d1O <\/figcaption><\/figure>\n<\/div>\n\n\n<h3 class=\"wp-block-heading\"><strong><strong>Salone di Mobile: \u00bfpor qu\u00e9 el mundo mira a Mil\u00e1n?<\/strong><\/strong><\/h3>\n\n\n\n<p class=\"wp-block-paragraph\">La 64\u00aa edici\u00f3n del <em>Salone<\/em> se presenta bajo el lema <em>\u00abA Matter of Salone\u00bb<\/em>. Este a\u00f1o, el foco no est\u00e1 solo en el objeto final, sino en la <strong>materia prima y la innovaci\u00f3n sensorial<\/strong>.<\/p>\n\n\n\n<p class=\"wp-block-paragraph\">La relevancia radica en la capacidad de esta convenci\u00f3n para actuar como filtro en un mundo saturado de im\u00e1genes digitales. Mil\u00e1n ofrece el <strong>retorno a lo t\u00e1ctil,<\/strong> a lo presencial y al intercambio de ideas que marcar\u00e1n las pr\u00f3ximas tendencias.<\/p>\n\n\n\n<div style=\"height:20px\" aria-hidden=\"true\" class=\"wp-block-spacer\"><\/div>\n\n\n<div class=\"wp-block-image\">\n<figure class=\"aligncenter size-full is-resized\"><a href=\"http:\/\/magazinetest.atomic4dev.net\/wp-content\/uploads\/2026\/02\/5d76dca3722a28bc4e70817f40c9aadd.jpg\"><img loading=\"lazy\" decoding=\"async\" width=\"735\" height=\"1029\" src=\"http:\/\/magazinetest.atomic4dev.net\/wp-content\/uploads\/2026\/02\/5d76dca3722a28bc4e70817f40c9aadd.jpg\" alt=\"\" class=\"wp-image-24233\" style=\"width:471px;height:auto\" srcset=\"https:\/\/magazinetest.atomic4dev.net\/wp-content\/uploads\/2026\/02\/5d76dca3722a28bc4e70817f40c9aadd.jpg 735w, https:\/\/magazinetest.atomic4dev.net\/wp-content\/uploads\/2026\/02\/5d76dca3722a28bc4e70817f40c9aadd-214x300.jpg 214w, https:\/\/magazinetest.atomic4dev.net\/wp-content\/uploads\/2026\/02\/5d76dca3722a28bc4e70817f40c9aadd-731x1024.jpg 731w, https:\/\/magazinetest.atomic4dev.net\/wp-content\/uploads\/2026\/02\/5d76dca3722a28bc4e70817f40c9aadd-17x24.jpg 17w, https:\/\/magazinetest.atomic4dev.net\/wp-content\/uploads\/2026\/02\/5d76dca3722a28bc4e70817f40c9aadd-26x36.jpg 26w, https:\/\/magazinetest.atomic4dev.net\/wp-content\/uploads\/2026\/02\/5d76dca3722a28bc4e70817f40c9aadd-34x48.jpg 34w\" sizes=\"auto, (max-width: 735px) 100vw, 735px\" \/><\/a><figcaption class=\"wp-element-caption\"> PREPARA YA TU POP UP EN MILAN DESIGN WEEK <\/figcaption><\/figure>\n<\/div>\n\n\n<p class=\"wp-block-paragraph\"><br>Como marca que ya se plantea la idea de estar presente en Mil\u00e1n, es importante entender c\u00f3mo realmente este evento est\u00e1 definido por su <strong>dualidad<\/strong>:<\/p>\n\n\n\n<ol class=\"wp-block-list\">\n<li><strong>El <em>Salone<\/em> (Rho Fiera):<\/strong> El n\u00facleo de la industria es el espacio oficial reservado para profesionales del dise\u00f1o mobiliario, pero abre sus puertas a otros grupos en d\u00edas espec\u00edficos.<br><\/li>\n\n\n\n<li><strong>El <em>Fuorisalone<\/em>:<\/strong> La ciudad tomada por las marcas de <em>retail<\/em>, <em>beauty<\/em> y <em>lifestyle<\/em>. Es aqu\u00ed donde el <strong>concepto de pop-up store alcanza su m\u00e1xima expresi\u00f3n,<\/strong> un conjunto de eventos repartidos por todo Mil\u00e1n. <strong>Aqu\u00ed es donde debes estar.<\/strong><\/li>\n<\/ol>\n\n\n\n<div style=\"height:20px\" aria-hidden=\"true\" class=\"wp-block-spacer\"><\/div>\n\n\n<div class=\"wp-block-image\">\n<figure class=\"aligncenter size-full is-resized\"><a href=\"http:\/\/magazinetest.atomic4dev.net\/wp-content\/uploads\/2026\/02\/Alef_phClaraParmigiani_PAR0144-slider.jpg\"><img loading=\"lazy\" decoding=\"async\" width=\"667\" height=\"1000\" src=\"http:\/\/magazinetest.atomic4dev.net\/wp-content\/uploads\/2026\/02\/Alef_phClaraParmigiani_PAR0144-slider.jpg\" alt=\"\" class=\"wp-image-24247\" style=\"width:470px;height:auto\" srcset=\"https:\/\/magazinetest.atomic4dev.net\/wp-content\/uploads\/2026\/02\/Alef_phClaraParmigiani_PAR0144-slider.jpg 667w, https:\/\/magazinetest.atomic4dev.net\/wp-content\/uploads\/2026\/02\/Alef_phClaraParmigiani_PAR0144-slider-200x300.jpg 200w, https:\/\/magazinetest.atomic4dev.net\/wp-content\/uploads\/2026\/02\/Alef_phClaraParmigiani_PAR0144-slider-16x24.jpg 16w, https:\/\/magazinetest.atomic4dev.net\/wp-content\/uploads\/2026\/02\/Alef_phClaraParmigiani_PAR0144-slider-24x36.jpg 24w, https:\/\/magazinetest.atomic4dev.net\/wp-content\/uploads\/2026\/02\/Alef_phClaraParmigiani_PAR0144-slider-32x48.jpg 32w\" sizes=\"auto, (max-width: 667px) 100vw, 667px\" \/><\/a><figcaption class=\"wp-element-caption\">ESPACIO GO\u2014POP UP<\/figcaption><\/figure>\n<\/div>\n\n\n<div style=\"height:20px\" aria-hidden=\"true\" class=\"wp-block-spacer\"><\/div>\n\n\n\n<h3 class=\"wp-block-heading\"><strong><strong>El valor estrat\u00e9gico: \u00bfPor qu\u00e9 tu marca debe estar all\u00ed?<\/strong><\/strong><\/h3>\n\n\n\n<p class=\"wp-block-paragraph\">Efectivamente, estar presente en Mil\u00e1n durante esta semana y ser parte del movimiento que genera esta feria en torno a la ciudad <strong>ofrece una visibilidad inigualable.<\/strong> <br><br>Es el lugar donde convergen los tres pilares del \u00e9xito comercial moderno y las claves que, desde Go\u2014Pop Up, te recomendamos para despuntar: <\/p>\n\n\n\n<ul class=\"wp-block-list\">\n<li><strong>Validaci\u00f3n Cultural:<\/strong> las tendencias de dise\u00f1o no influyen solo en mobiliaria, abarcan toda la industria del lujo y el <em>lifestyle<\/em>. Estar presente esta semana podr\u00e1 hacer que tu marca gane una p\u00e1tina de prestigio internacional autom\u00e1tica.<br><\/li>\n\n\n\n<li><strong>Networking de Alto Nivel:<\/strong> No solo atrae a compradores; atrae a arquitectos, prescriptores, prensa global y <em>decision makers<\/em> que buscan la pr\u00f3xima gran colaboraci\u00f3n.<br><\/li>\n\n\n\n<li><strong>Laboratorio de Tendencias:<\/strong> Es el escenario perfecto para testear conceptos de <em>retail<\/em> arriesgados antes de escalarlos a nivel global.<\/li>\n<\/ul>\n\n\n\n<div style=\"height:20px\" aria-hidden=\"true\" class=\"wp-block-spacer\"><\/div>\n\n\n<div class=\"wp-block-image\">\n<figure class=\"aligncenter size-full is-resized\"><a href=\"http:\/\/magazinetest.atomic4dev.net\/wp-content\/uploads\/2026\/02\/ugmlxJBM-slider-1-1.jpg\"><img loading=\"lazy\" decoding=\"async\" width=\"563\" height=\"1000\" src=\"http:\/\/magazinetest.atomic4dev.net\/wp-content\/uploads\/2026\/02\/ugmlxJBM-slider-1-1-edited.jpg\" alt=\"\" class=\"wp-image-24249\" style=\"width:477px;height:auto\" srcset=\"https:\/\/magazinetest.atomic4dev.net\/wp-content\/uploads\/2026\/02\/ugmlxJBM-slider-1-1-edited.jpg 563w, https:\/\/magazinetest.atomic4dev.net\/wp-content\/uploads\/2026\/02\/ugmlxJBM-slider-1-1-edited-169x300.jpg 169w, https:\/\/magazinetest.atomic4dev.net\/wp-content\/uploads\/2026\/02\/ugmlxJBM-slider-1-1-edited-14x24.jpg 14w, https:\/\/magazinetest.atomic4dev.net\/wp-content\/uploads\/2026\/02\/ugmlxJBM-slider-1-1-edited-20x36.jpg 20w, https:\/\/magazinetest.atomic4dev.net\/wp-content\/uploads\/2026\/02\/ugmlxJBM-slider-1-1-edited-27x48.jpg 27w\" sizes=\"auto, (max-width: 563px) 100vw, 563px\" \/><\/a><figcaption class=\"wp-element-caption\">ESPACIO GO\u2014POP UP<\/figcaption><\/figure>\n<\/div>\n\n\n<div style=\"height:20px\" aria-hidden=\"true\" class=\"wp-block-spacer\"><\/div>\n\n\n\n<h3 class=\"wp-block-heading\"><strong><strong>La oportunidad es ahora<\/strong><\/strong><\/h3>\n\n\n\n<p class=\"wp-block-paragraph\">El <em>Salone del Mobile<\/em> 2026 reafirma que el futuro del <em>retail<\/em> es <strong>sin\u00e9rgico con otras industrias e inmersivo<\/strong>. <\/p>\n\n\n\n<p class=\"wp-block-paragraph\"><\/p>\n\n\n\n<p class=\"wp-block-paragraph\">Para <strong>las marcas, <\/strong>el reto no es solo \u00abestar\u00bb, sino \u00abaportar\u00bb algo al di\u00e1logo cultural de la ciudad. Una pop-up bien ejecutada en el coraz\u00f3n del <em>Fuorisalone<\/em> puede ser el hito que defina el a\u00f1o para cualquier firma.<br><\/p>\n\n\n\n<p class=\"wp-block-paragraph\">Para l<strong>os propietarios de espacios<\/strong>, alquilar tus espacios durante la <em><strong>Milan Design Week 2026<\/strong> <\/em>no es solo una oportunidad de negocio, sino una decisi\u00f3n estrat\u00e9gica de alt\u00edsima rentabilidad. El <strong><em>Fuorisalone<\/em><\/strong> permite a los due\u00f1os de locales posicionar sus propiedades en el escaparate global del dise\u00f1o, atrayendo a marcas de lujo y empresas internacionales que buscan <strong>ubicaciones exclusivas para sus <em>pop-up stores<\/em> <\/strong>e instalaciones art\u00edsticas.<\/p>\n\n\n\n<div style=\"height:20px\" aria-hidden=\"true\" class=\"wp-block-spacer\"><\/div>\n\n\n<div class=\"wp-block-image\">\n<figure class=\"aligncenter size-full is-resized\"><a href=\"http:\/\/magazinetest.atomic4dev.net\/wp-content\/uploads\/2026\/02\/8ff5c5f14db420c25b5c99613ffb6c1e.jpg\"><img loading=\"lazy\" decoding=\"async\" width=\"1200\" height=\"1500\" src=\"http:\/\/magazinetest.atomic4dev.net\/wp-content\/uploads\/2026\/02\/8ff5c5f14db420c25b5c99613ffb6c1e.jpg\" alt=\"\" class=\"wp-image-24225\" style=\"width:471px;height:auto\" srcset=\"https:\/\/magazinetest.atomic4dev.net\/wp-content\/uploads\/2026\/02\/8ff5c5f14db420c25b5c99613ffb6c1e.jpg 1200w, https:\/\/magazinetest.atomic4dev.net\/wp-content\/uploads\/2026\/02\/8ff5c5f14db420c25b5c99613ffb6c1e-240x300.jpg 240w, https:\/\/magazinetest.atomic4dev.net\/wp-content\/uploads\/2026\/02\/8ff5c5f14db420c25b5c99613ffb6c1e-819x1024.jpg 819w, https:\/\/magazinetest.atomic4dev.net\/wp-content\/uploads\/2026\/02\/8ff5c5f14db420c25b5c99613ffb6c1e-768x960.jpg 768w, https:\/\/magazinetest.atomic4dev.net\/wp-content\/uploads\/2026\/02\/8ff5c5f14db420c25b5c99613ffb6c1e-19x24.jpg 19w, https:\/\/magazinetest.atomic4dev.net\/wp-content\/uploads\/2026\/02\/8ff5c5f14db420c25b5c99613ffb6c1e-29x36.jpg 29w, https:\/\/magazinetest.atomic4dev.net\/wp-content\/uploads\/2026\/02\/8ff5c5f14db420c25b5c99613ffb6c1e-38x48.jpg 38w\" sizes=\"auto, (max-width: 1200px) 100vw, 1200px\" \/><\/a><\/figure>\n<\/div>\n\n\n<div style=\"height:20px\" aria-hidden=\"true\" class=\"wp-block-spacer\"><\/div>\n\n\n\n<p class=\"wp-block-paragraph\">El dise\u00f1o no solo son muebles, es el futuro de nuestra relaci\u00f3n con el entorno. <\/p>\n\n\n\n<h2 class=\"wp-block-heading\">Participar este abril en el ecosistema del dise\u00f1o te obliga a adaptarte al ritmo de Mil\u00e1n, una coreograf\u00eda de log\u00edstica y creatividad visionaria.<\/h2>\n\n\n\n<p class=\"has-text-align-center wp-block-paragraph\">\u00bfQuieres estar presente y aceptar el reto de ser parte de la conversaci\u00f3n m\u00e1s importante del dise\u00f1o global? <\/p>\n\n\n\n<p class=\"has-text-align-center wp-block-paragraph\">Solo quedan algunos lugares disponibles, haz que lo ef\u00edmero se convierta en una identidad de una marca potente.<\/p>\n\n\n\n<p class=\"has-text-align-center wp-block-paragraph\"><strong>\u00a1Reserva ya tu espacio!<\/strong><\/p>\n\n\n\n<div style=\"height:20px\" aria-hidden=\"true\" class=\"wp-block-spacer\"><\/div>\n\n\n\n<p class=\"has-text-align-center wp-block-paragraph\"><strong>Explora nuestros espacios, crea tu pop-up.<\/strong> <\/p>\n\n\n\n<p class=\"has-text-align-center wp-block-paragraph\">\u00a1<strong>Te esperamos en Mil\u00e1n<\/strong>!<\/p>\n\n\n\n<p class=\"has-text-align-center wp-block-paragraph\"><\/p>\n\n\n\n<div class=\"wp-block-buttons is-content-justification-center is-layout-flex wp-container-core-buttons-is-layout-fe48e5de wp-block-buttons-is-layout-flex\">\n<div class=\"wp-block-button is-style-fill\"><a class=\"wp-block-button__link wp-element-button\" href=\"https:\/\/app.gopopup.com\/es\/search\/europe\/\" target=\"_blank\" rel=\"noreferrer noopener\">VISITA NUESTRO MARKETPLACE<\/a><\/div>\n<\/div>\n\n\n\n<div style=\"height:20px\" aria-hidden=\"true\" class=\"wp-block-spacer\"><\/div>\n\n\n\n<div class=\"wp-block-buttons is-content-justification-center is-layout-flex wp-container-core-buttons-is-layout-fe48e5de wp-block-buttons-is-layout-flex\">\n<div class=\"wp-block-button\"><a class=\"wp-block-button__link wp-element-button\" href=\"https:\/\/app.gopopup.com\/es\/products\/request?openPersonalizedRequest=\" rel=\"noopener\">HAZ UNA SOLICITUD<\/a><\/div>\n<\/div>\n\n\n\n<div style=\"height:20px\" aria-hidden=\"true\" class=\"wp-block-spacer\"><\/div>\n\n\n\n<div style=\"height:20px\" aria-hidden=\"true\" class=\"wp-block-spacer\"><\/div>\n\n\n\n<p class=\"has-text-align-center wp-block-paragraph\"><strong>Para cualquier otra consulta, no dudes en escribirnos a <\/strong><a href=\"mailto:hello@gopopup.com\"><strong>hello@gopopup.com<\/strong><\/a><\/p>\n\n\n\n<p class=\"wp-block-paragraph\"><\/p>\n","protected":false},"excerpt":{"rendered":"<p>Hay una semana al a\u00f1o en la que Mil\u00e1n deja de pertenecer a los milaneses para entregarse al dise\u00f1o. No es una feria al uso ni una simple convenci\u00f3n de la industria. El Salone del Mobile y su Fuorisalone dictan c\u00f3mo se dise\u00f1ar\u00e1n los entornos el pr\u00f3ximo a\u00f1o. \u00bfPor qu\u00e9 es tan importante estar cerca de los visionarios? Del 21 al 26 de abril de 2026, la ciudad de Mil\u00e1n se fragmenta en sus conocidos distritos para acoger a los grandes dise\u00f1adores mobiliarios. Cada mes de abril, la ciudad deja de ser una ciudad para convertirse en un manifiesto vivo. [&hellip;]<\/p>\n","protected":false},"author":20,"featured_media":24224,"comment_status":"open","ping_status":"open","sticky":false,"template":"","format":"standard","meta":{"footnotes":""},"categories":[343,959,77],"tags":[642,652,654,648,960,646,650,644],"class_list":["post-24215","post","type-post","status-publish","format-standard","has-post-thumbnail","hentry","category-guias-how-to-es","category-imp_es","category-trending-es","tag-activacion-de-marca","tag-branding","tag-estrategia","tag-kiosks","tag-pop-up-store","tag-quioscos","tag-stand","tag-trending"],"_links":{"self":[{"href":"https:\/\/magazinetest.atomic4dev.net\/es\/wp-json\/wp\/v2\/posts\/24215","targetHints":{"allow":["GET"]}}],"collection":[{"href":"https:\/\/magazinetest.atomic4dev.net\/es\/wp-json\/wp\/v2\/posts"}],"about":[{"href":"https:\/\/magazinetest.atomic4dev.net\/es\/wp-json\/wp\/v2\/types\/post"}],"author":[{"embeddable":true,"href":"https:\/\/magazinetest.atomic4dev.net\/es\/wp-json\/wp\/v2\/users\/20"}],"replies":[{"embeddable":true,"href":"https:\/\/magazinetest.atomic4dev.net\/es\/wp-json\/wp\/v2\/comments?post=24215"}],"version-history":[{"count":15,"href":"https:\/\/magazinetest.atomic4dev.net\/es\/wp-json\/wp\/v2\/posts\/24215\/revisions"}],"predecessor-version":[{"id":24257,"href":"https:\/\/magazinetest.atomic4dev.net\/es\/wp-json\/wp\/v2\/posts\/24215\/revisions\/24257"}],"wp:featuredmedia":[{"embeddable":true,"href":"https:\/\/magazinetest.atomic4dev.net\/es\/wp-json\/wp\/v2\/media\/24224"}],"wp:attachment":[{"href":"https:\/\/magazinetest.atomic4dev.net\/es\/wp-json\/wp\/v2\/media?parent=24215"}],"wp:term":[{"taxonomy":"category","embeddable":true,"href":"https:\/\/magazinetest.atomic4dev.net\/es\/wp-json\/wp\/v2\/categories?post=24215"},{"taxonomy":"post_tag","embeddable":true,"href":"https:\/\/magazinetest.atomic4dev.net\/es\/wp-json\/wp\/v2\/tags?post=24215"}],"curies":[{"name":"wp","href":"https:\/\/api.w.org\/{rel}","templated":true}]}}