{"id":24189,"date":"2026-01-20T18:00:00","date_gmt":"2026-01-20T17:00:00","guid":{"rendered":"https:\/\/magazinetest.atomic4dev.net\/?p=24189"},"modified":"2026-04-14T12:25:37","modified_gmt":"2026-04-14T10:25:37","slug":"paris-fashion-week-por-que-debes-apostar-por-el-physical-storytelling-este-proximo-junio-2026","status":"publish","type":"post","link":"https:\/\/magazinetest.atomic4dev.net\/es\/paris-fashion-week-por-que-debes-apostar-por-el-physical-storytelling-este-proximo-junio-2026\/","title":{"rendered":"Par\u00eds Fashion Week: por qu\u00e9 debes apostar por el \u00abphysical storytelling\u00bb este pr\u00f3ximo junio 2026"},"content":{"rendered":"\n<h5 class=\"wp-block-heading\">Para las marcas que buscan trascender la narrativa digital, la Fashion Week no es solo una fecha; es la oportunidad definitiva de tangibilizar tu presencia como marca.<\/h5>\n\n\n\n<p class=\"wp-block-paragraph\">En un mundo saturado de pantallas, el espacio f\u00edsico se alza como el nuevo<strong> canal <em>premium<\/em><\/strong> de comunicaci\u00f3n.<\/p>\n\n\n\n<p class=\"wp-block-paragraph\">La temporada de la moda 2026 comienza en enero, aunque muchos ya fijan su mirada en el calendario de verano. Par\u00eds se transforma en algo m\u00e1s que una ciudad y se convierte en el <strong>epicentro de la relevancia cultural<\/strong>. En este nuevo a\u00f1o, el cambio en las estrategias que observamos aplican las marcas, el <em>physical storytelling<\/em> se posiciona como uno de los <strong>motores de diferenciaci\u00f3n m\u00e1s potentes del mercado<\/strong>.<\/p>\n\n\n\n<p class=\"wp-block-paragraph\"><\/p>\n\n\n\n<p class=\"wp-block-paragraph\"><span style=\"box-sizing: border-box; margin: 0px; padding: 0px;\">Hoy en d\u00eda, las marcas de moda ya no bu<\/span>scan solo un local; buscan un <strong>escenario que valide su discurso<\/strong>, la\u00a0conexi\u00f3n con su comunidad, creando activaciones relevantes en espacios de calidad. En la era de la sobre estimulaci\u00f3n digital, estas recurren a su presencia f\u00edsica para llegar a su audiencia de forma aut\u00e9ntica. La pregunta para este pr\u00f3ximo junio no es qu\u00e9 colecci\u00f3n presentar\u00e1n, sino <strong>qu\u00e9 universo van a construir<\/strong>. Y tu marca tambi\u00e9n puede <strong>formar parte de la <a href=\"https:\/\/magazinetest.atomic4dev.net\/es\/paris-fashion-week\/\">Par\u00eds <em>Fashion Week 2026<\/em><\/a><em>.<\/em><\/strong><\/p>\n\n\n\n<div style=\"height:20px\" aria-hidden=\"true\" class=\"wp-block-spacer\"><\/div>\n\n\n<div class=\"wp-block-image\">\n<figure class=\"aligncenter size-full is-resized\"><a href=\"http:\/\/magazinetest.atomic4dev.net\/wp-content\/uploads\/2026\/01\/0d2d46cc36e70c979cd6a7de9423eb4c.jpg\"><img loading=\"lazy\" decoding=\"async\" width=\"812\" height=\"968\" src=\"http:\/\/magazinetest.atomic4dev.net\/wp-content\/uploads\/2026\/01\/0d2d46cc36e70c979cd6a7de9423eb4c.jpg\" alt=\"\" class=\"wp-image-24190\" style=\"width:467px;height:auto\" srcset=\"https:\/\/magazinetest.atomic4dev.net\/wp-content\/uploads\/2026\/01\/0d2d46cc36e70c979cd6a7de9423eb4c.jpg 812w, https:\/\/magazinetest.atomic4dev.net\/wp-content\/uploads\/2026\/01\/0d2d46cc36e70c979cd6a7de9423eb4c-252x300.jpg 252w, https:\/\/magazinetest.atomic4dev.net\/wp-content\/uploads\/2026\/01\/0d2d46cc36e70c979cd6a7de9423eb4c-768x916.jpg 768w, https:\/\/magazinetest.atomic4dev.net\/wp-content\/uploads\/2026\/01\/0d2d46cc36e70c979cd6a7de9423eb4c-20x24.jpg 20w, https:\/\/magazinetest.atomic4dev.net\/wp-content\/uploads\/2026\/01\/0d2d46cc36e70c979cd6a7de9423eb4c-30x36.jpg 30w, https:\/\/magazinetest.atomic4dev.net\/wp-content\/uploads\/2026\/01\/0d2d46cc36e70c979cd6a7de9423eb4c-40x48.jpg 40w\" sizes=\"auto, (max-width: 812px) 100vw, 812px\" \/><\/a><\/figure>\n<\/div>\n\n\n<div style=\"height:20px\" aria-hidden=\"true\" class=\"wp-block-spacer\"><\/div>\n\n\n\n<h5 class=\"wp-block-heading has-text-align-center\" style=\"text-transform:uppercase\"><strong><strong>Por qu\u00e9 es una oportunidad estrat\u00e9gica para las marcas<\/strong><\/strong><\/h5>\n\n\n\n<h3 class=\"wp-block-heading\"><strong>1. La estrategia del espacio<\/strong><\/h3>\n\n\n\n<p class=\"wp-block-paragraph\">\u00bfPor qu\u00e9 un espacio f\u00edsico en <strong>Le Marais<\/strong> o una esquina ef\u00edmera en <strong>Saint-Germain<\/strong> tienen, a dia de hoy,  m\u00e1s peso que una campa\u00f1a viral? La respuesta es puramente humana. El espacio f\u00edsico permite algo que la pantalla no puede replicar, el <strong>encuentro real entre el consumidor y la narrativa de la marca.<\/strong><\/p>\n\n\n\n<p class=\"wp-block-paragraph\">El <em>retail<\/em> ef\u00edmero durante las semanas de la moda atraen la oportunidad de un <strong>manifiesto de marca<\/strong>. Es el lugar donde el <em>storytelling<\/em> se vuelve <strong>tangible<\/strong>. Es por ello que para las marcas, este 2026 representa una oportunidad \u00fanica para aplicar <strong>estas nuevas estrategias de mercado. <\/strong><\/p>\n\n\n\n<div style=\"height:20px\" aria-hidden=\"true\" class=\"wp-block-spacer\"><\/div>\n\n\n<div class=\"wp-block-image\">\n<figure class=\"aligncenter size-full is-resized\"><a href=\"http:\/\/magazinetest.atomic4dev.net\/wp-content\/uploads\/2026\/01\/ea6cad2282ad43760f7caa653ffc6468.jpg\"><img loading=\"lazy\" decoding=\"async\" width=\"550\" height=\"825\" src=\"http:\/\/magazinetest.atomic4dev.net\/wp-content\/uploads\/2026\/01\/ea6cad2282ad43760f7caa653ffc6468.jpg\" alt=\"\" class=\"wp-image-24191\" style=\"width:471px;height:auto\" srcset=\"https:\/\/magazinetest.atomic4dev.net\/wp-content\/uploads\/2026\/01\/ea6cad2282ad43760f7caa653ffc6468.jpg 550w, https:\/\/magazinetest.atomic4dev.net\/wp-content\/uploads\/2026\/01\/ea6cad2282ad43760f7caa653ffc6468-200x300.jpg 200w, https:\/\/magazinetest.atomic4dev.net\/wp-content\/uploads\/2026\/01\/ea6cad2282ad43760f7caa653ffc6468-16x24.jpg 16w, https:\/\/magazinetest.atomic4dev.net\/wp-content\/uploads\/2026\/01\/ea6cad2282ad43760f7caa653ffc6468-24x36.jpg 24w, https:\/\/magazinetest.atomic4dev.net\/wp-content\/uploads\/2026\/01\/ea6cad2282ad43760f7caa653ffc6468-32x48.jpg 32w\" sizes=\"auto, (max-width: 550px) 100vw, 550px\" \/><\/a><\/figure>\n<\/div>\n\n\n<div style=\"height:20px\" aria-hidden=\"true\" class=\"wp-block-spacer\"><\/div>\n\n\n\n<h5 class=\"wp-block-heading has-text-align-center\" style=\"text-transform:uppercase\"><strong><strong>PRESENCIA EN PARIS FASHION WEEK: C\u00d3MO HACER QUE TU MARCA DESTAQUE<\/strong><\/strong><\/h5>\n\n\n\n<h3 class=\"wp-block-heading\"><strong>2. Del concepto a la creaci\u00f3n <\/strong><\/h3>\n\n\n\n<p class=\"wp-block-paragraph\">Sin embargo, construir este universo en el epicentro de la moda global requiere m\u00e1s que una idea visionaria; requiere una <strong>infraestructura <\/strong>y <strong>producci\u00f3n alineadas.<\/strong> Aqu\u00ed es donde la log\u00edstica se encuentra con la creatividad.<\/p>\n\n\n\n<p class=\"wp-block-paragraph\">El panorama est\u00e1 cambiando: las marcas m\u00e1s inteligentes ya no buscan locales, buscan <strong>contextos<\/strong>. Lugares que puedan ser transformados en extensiones de su propia identidad para dar paso a <strong>experiencias inmersivas. <\/strong><\/p>\n\n\n\n<div style=\"height:20px\" aria-hidden=\"true\" class=\"wp-block-spacer\"><\/div>\n\n\n<div class=\"wp-block-image\">\n<figure class=\"aligncenter size-full is-resized\"><a href=\"http:\/\/magazinetest.atomic4dev.net\/wp-content\/uploads\/2026\/01\/b4023c39ee31dfc1da655397befea667.jpg\"><img loading=\"lazy\" decoding=\"async\" width=\"736\" height=\"1308\" src=\"http:\/\/magazinetest.atomic4dev.net\/wp-content\/uploads\/2026\/01\/b4023c39ee31dfc1da655397befea667.jpg\" alt=\"\" class=\"wp-image-24194\" style=\"width:470px;height:auto\" srcset=\"https:\/\/magazinetest.atomic4dev.net\/wp-content\/uploads\/2026\/01\/b4023c39ee31dfc1da655397befea667.jpg 736w, https:\/\/magazinetest.atomic4dev.net\/wp-content\/uploads\/2026\/01\/b4023c39ee31dfc1da655397befea667-169x300.jpg 169w, https:\/\/magazinetest.atomic4dev.net\/wp-content\/uploads\/2026\/01\/b4023c39ee31dfc1da655397befea667-576x1024.jpg 576w, https:\/\/magazinetest.atomic4dev.net\/wp-content\/uploads\/2026\/01\/b4023c39ee31dfc1da655397befea667-14x24.jpg 14w, https:\/\/magazinetest.atomic4dev.net\/wp-content\/uploads\/2026\/01\/b4023c39ee31dfc1da655397befea667-20x36.jpg 20w, https:\/\/magazinetest.atomic4dev.net\/wp-content\/uploads\/2026\/01\/b4023c39ee31dfc1da655397befea667-27x48.jpg 27w\" sizes=\"auto, (max-width: 736px) 100vw, 736px\" \/><\/a><\/figure>\n<\/div>\n\n\n<div style=\"height:20px\" aria-hidden=\"true\" class=\"wp-block-spacer\"><\/div>\n\n\n\n<h5 class=\"wp-block-heading has-text-align-center\" style=\"text-transform:uppercase\">TIPOS DE <strong><strong> pop-up para PARIS FASHION WEEK <\/strong><\/strong><\/h5>\n\n\n\n<h2 class=\"wp-block-heading\"><strong>La edici\u00f3n de Junio: Paris Men\u2019s Fashion Week<\/strong><\/h2>\n\n\n\n<p class=\"wp-block-paragraph\">Mientras el calendario se llena, la disponibilidad en los distritos m\u00e1s estrat\u00e9gicos de la capital francesa se reduce. La clave de una presencia exitosa radica en la <strong>anticipaci\u00f3n<\/strong> a las fechas clave. <\/p>\n\n\n\n<p class=\"wp-block-paragraph\">En <strong>Go\u2014PopUp<\/strong>, actuamos como el puente entre la visi\u00f3n creativa y el paisaje urbano de Par\u00eds. Nuestra labor es <strong>orquestar esa transici\u00f3n<\/strong>: desde el <em>scouting<\/em> de ubicaciones con alma hasta la ejecuci\u00f3n t\u00e9cnica que permite que tu marca este <strong>en el lugar adecuado, en el momento adecuado.<\/strong><\/p>\n\n\n\n<p class=\"wp-block-paragraph\">Desde marcas de moda, joyer\u00eda, cosm\u00e9tica o lifestyle, hasta food concepts, florister\u00edas, papeler\u00eda creativa o marcas DTC, el pop-up se convierte en un <strong>canal directo de conversi\u00f3n<\/strong>.<\/p>\n\n\n\n<div style=\"height:20px\" aria-hidden=\"true\" class=\"wp-block-spacer\"><\/div>\n\n\n<div class=\"wp-block-image\">\n<figure class=\"aligncenter size-full is-resized\"><a href=\"http:\/\/magazinetest.atomic4dev.net\/wp-content\/uploads\/2026\/01\/bee09e6452deae61bb4d01c1e2461d9b.jpg\"><img loading=\"lazy\" decoding=\"async\" width=\"736\" height=\"1124\" src=\"http:\/\/magazinetest.atomic4dev.net\/wp-content\/uploads\/2026\/01\/bee09e6452deae61bb4d01c1e2461d9b.jpg\" alt=\"\" class=\"wp-image-24195\" style=\"width:477px;height:auto\" srcset=\"https:\/\/magazinetest.atomic4dev.net\/wp-content\/uploads\/2026\/01\/bee09e6452deae61bb4d01c1e2461d9b.jpg 736w, https:\/\/magazinetest.atomic4dev.net\/wp-content\/uploads\/2026\/01\/bee09e6452deae61bb4d01c1e2461d9b-196x300.jpg 196w, https:\/\/magazinetest.atomic4dev.net\/wp-content\/uploads\/2026\/01\/bee09e6452deae61bb4d01c1e2461d9b-671x1024.jpg 671w, https:\/\/magazinetest.atomic4dev.net\/wp-content\/uploads\/2026\/01\/bee09e6452deae61bb4d01c1e2461d9b-16x24.jpg 16w, https:\/\/magazinetest.atomic4dev.net\/wp-content\/uploads\/2026\/01\/bee09e6452deae61bb4d01c1e2461d9b-24x36.jpg 24w, https:\/\/magazinetest.atomic4dev.net\/wp-content\/uploads\/2026\/01\/bee09e6452deae61bb4d01c1e2461d9b-31x48.jpg 31w\" sizes=\"auto, (max-width: 736px) 100vw, 736px\" \/><\/a><\/figure>\n<\/div>\n\n\n<div style=\"height:20px\" aria-hidden=\"true\" class=\"wp-block-spacer\"><\/div>\n\n\n\n<h5 class=\"wp-block-heading has-text-align-center\" style=\"text-transform:uppercase\"><strong><strong>LA LOCALIZACI\u00d3N COMO ESTRATEGIA<\/strong><\/strong><\/h5>\n\n\n\n<h2 class=\"wp-block-heading\">Formatos de Presencia: El Lienzo de tu Narrativa<\/h2>\n\n\n\n<p class=\"wp-block-paragraph\">Si te interesa estar presente en Paris FW hay m\u00faltiples formas. No existe un molde \u00fanico, sino un <strong>formato ideal para cada objetivo estrat\u00e9gico:<\/strong><\/p>\n\n\n\n<ul class=\"wp-block-list\">\n<li><strong>The Curated Showroom:<\/strong> El epicentro B2B. Un espacio privado, dise\u00f1ado para que compradores y prensa interact\u00faen con la colecci\u00f3n de cerca. Aqu\u00ed, el minimalismo de las galer\u00edas de arte del distrito 3 se convierte en el aliado perfecto para que el producto sea el \u00fanico protagonista.<\/li>\n\n\n\n<li><strong>The Concept Pop-Up:<\/strong> La cara p\u00fablica de la marca. No es solo venta, es una declaraci\u00f3n de intenciones. Desde cafeter\u00edas ef\u00edmeras que fusionan <em>lifestyle<\/em> y moda, hasta instalaciones inmersivas que utilizan tecnolog\u00eda y dise\u00f1o ef\u00edmero para crear un momento de alta captaci\u00f3n de potenciales consumidores. <\/li>\n\n\n\n<li><strong>The Secret Event Space:<\/strong> Espacios exclusivos escondidos tras patios parisinos. Ideales para cenas privadas, lanzamientos de c\u00e1psulas exclusivas o <em>after-parties<\/em> que buscan ese aire de exclusividad.<\/li>\n\n\n\n<li><strong>The Street Takeover (Stands &amp; Kiosks):<\/strong> Peque\u00f1as intervenciones de gran impacto. Un quiosco de revistas customizado o un stand de dise\u00f1o en una plaza estrat\u00e9gica puede generar m\u00e1s ruido org\u00e1nico que cualquier valla publicitaria tradicional. Es la marca integr\u00e1ndose en el d\u00eda a d\u00eda parisino.<\/li>\n<\/ul>\n\n\n\n<div style=\"height:20px\" aria-hidden=\"true\" class=\"wp-block-spacer\"><\/div>\n\n\n<div class=\"wp-block-image\">\n<figure class=\"aligncenter size-full is-resized\"><a href=\"http:\/\/magazinetest.atomic4dev.net\/wp-content\/uploads\/2026\/01\/b0dce59f03257709c71f4fcaee86e207.jpg\"><img loading=\"lazy\" decoding=\"async\" width=\"736\" height=\"1104\" src=\"http:\/\/magazinetest.atomic4dev.net\/wp-content\/uploads\/2026\/01\/b0dce59f03257709c71f4fcaee86e207.jpg\" alt=\"\" class=\"wp-image-24196\" style=\"width:471px;height:auto\" srcset=\"https:\/\/magazinetest.atomic4dev.net\/wp-content\/uploads\/2026\/01\/b0dce59f03257709c71f4fcaee86e207.jpg 736w, https:\/\/magazinetest.atomic4dev.net\/wp-content\/uploads\/2026\/01\/b0dce59f03257709c71f4fcaee86e207-200x300.jpg 200w, https:\/\/magazinetest.atomic4dev.net\/wp-content\/uploads\/2026\/01\/b0dce59f03257709c71f4fcaee86e207-683x1024.jpg 683w, https:\/\/magazinetest.atomic4dev.net\/wp-content\/uploads\/2026\/01\/b0dce59f03257709c71f4fcaee86e207-16x24.jpg 16w, https:\/\/magazinetest.atomic4dev.net\/wp-content\/uploads\/2026\/01\/b0dce59f03257709c71f4fcaee86e207-24x36.jpg 24w, https:\/\/magazinetest.atomic4dev.net\/wp-content\/uploads\/2026\/01\/b0dce59f03257709c71f4fcaee86e207-32x48.jpg 32w\" sizes=\"auto, (max-width: 736px) 100vw, 736px\" \/><\/a><\/figure>\n<\/div>\n\n\n<div style=\"height:20px\" aria-hidden=\"true\" class=\"wp-block-spacer\"><\/div>\n\n\n\n<h5 class=\"wp-block-heading has-text-align-center\" style=\"text-transform:uppercase\"><strong><strong>Haz que esta fecha clave trabaje para tu marca<\/strong><\/strong><\/h5>\n\n\n\n<p class=\"wp-block-paragraph\">La excelencia en la ejecuci\u00f3n es lo que transforma una idea en relevante. En <strong>Go\u2014PopUp,<\/strong> no solo encontramos el lugar; seleccionamos el contexto donde su marca cobrar\u00e1 vida este pr\u00f3ximo junio. Asegura tu presencia en los distritos clave de la capital francesa antes de que el calendario se complete.<\/p>\n\n\n\n<p class=\"wp-block-paragraph\"><\/p>\n\n\n\n<p class=\"has-text-align-center wp-block-paragraph\">Si est\u00e1 listo para que su marca deje de ser una espectadora y se convierta en protagonista, estamos aqu\u00ed para trazar el mapa. <\/p>\n\n\n\n<p class=\"has-text-align-center wp-block-paragraph\">Del concepto a la apertura de puertas, hagamos que la visi\u00f3n sea tangible.<\/p>\n\n\n\n<p class=\"has-text-align-center wp-block-paragraph\"><strong>Si tienes un producto, una idea o una campa\u00f1a lista para activarse y necesitas el espacio perfecto para hacerlo realidad,<\/strong><br><strong> el momento es ahora y el lugar Go-PopUp.<\/strong><\/p>\n\n\n\n<div style=\"height:20px\" aria-hidden=\"true\" class=\"wp-block-spacer\"><\/div>\n\n\n\n<p class=\"has-text-align-center wp-block-paragraph\"><strong>Explora espacios, activa tu marca y convierte esta fecha clave en resultados reales.<\/strong><\/p>\n\n\n\n<p class=\"has-text-align-center wp-block-paragraph\">Porque en fechas clave como Paris Fashion Week, <strong>las marcas que se muestran, venden<\/strong><\/p>\n\n\n\n<div style=\"height:20px\" aria-hidden=\"true\" class=\"wp-block-spacer\"><\/div>\n\n\n\n<div class=\"wp-block-buttons is-content-justification-center is-layout-flex wp-container-core-buttons-is-layout-fe48e5de wp-block-buttons-is-layout-flex\">\n<div class=\"wp-block-button\"><a class=\"wp-block-button__link wp-element-button\" href=\"https:\/\/app.gopopup.com\/es\/search\/europe\/\" target=\"_blank\" rel=\"noreferrer noopener\">VISITA NUESTRO MARKETPLACE<\/a><\/div>\n<\/div>\n\n\n\n<div style=\"height:20px\" aria-hidden=\"true\" class=\"wp-block-spacer\"><\/div>\n\n\n\n<div class=\"wp-block-buttons is-content-justification-center is-layout-flex wp-container-core-buttons-is-layout-fe48e5de wp-block-buttons-is-layout-flex\">\n<div class=\"wp-block-button\"><a class=\"wp-block-button__link wp-element-button\" href=\"https:\/\/app.gopopup.com\/es\/products\/request?openPersonalizedRequest=\" rel=\"noopener\">HAZ UNA SOLICITUD<\/a><\/div>\n<\/div>\n\n\n\n<div style=\"height:20px\" aria-hidden=\"true\" class=\"wp-block-spacer\"><\/div>\n\n\n\n<div style=\"height:20px\" aria-hidden=\"true\" class=\"wp-block-spacer\"><\/div>\n\n\n\n<p class=\"has-text-align-center wp-block-paragraph\"><strong>Para cualquier otra consulta, no dudes en escribirnos a <\/strong><a href=\"mailto:hello@gopopup.com\"><strong>hello@gopopup.com<\/strong><\/a><\/p>\n\n\n\n<p class=\"wp-block-paragraph\"><\/p>\n","protected":false},"excerpt":{"rendered":"<p>Para las marcas que buscan trascender la narrativa digital, la Fashion Week no es solo una fecha; es la oportunidad definitiva de tangibilizar tu presencia como marca. En un mundo saturado de pantallas, el espacio f\u00edsico se alza como el nuevo canal premium de comunicaci\u00f3n. La temporada de la moda 2026 comienza en enero, aunque muchos ya fijan su mirada en el calendario de verano. Par\u00eds se transforma en algo m\u00e1s que una ciudad y se convierte en el epicentro de la relevancia cultural. En este nuevo a\u00f1o, el cambio en las estrategias que observamos aplican las marcas, el physical [&hellip;]<\/p>\n","protected":false},"author":20,"featured_media":0,"comment_status":"open","ping_status":"open","sticky":false,"template":"","format":"standard","meta":{"footnotes":""},"categories":[343,77],"tags":[642,640,325,644],"class_list":["post-24189","post","type-post","status-publish","format-standard","hentry","category-guias-how-to-es","category-trending-es","tag-activacion-de-marca","tag-paris-fashion-week","tag-pop-up-store-es","tag-trending"],"_links":{"self":[{"href":"https:\/\/magazinetest.atomic4dev.net\/es\/wp-json\/wp\/v2\/posts\/24189","targetHints":{"allow":["GET"]}}],"collection":[{"href":"https:\/\/magazinetest.atomic4dev.net\/es\/wp-json\/wp\/v2\/posts"}],"about":[{"href":"https:\/\/magazinetest.atomic4dev.net\/es\/wp-json\/wp\/v2\/types\/post"}],"author":[{"embeddable":true,"href":"https:\/\/magazinetest.atomic4dev.net\/es\/wp-json\/wp\/v2\/users\/20"}],"replies":[{"embeddable":true,"href":"https:\/\/magazinetest.atomic4dev.net\/es\/wp-json\/wp\/v2\/comments?post=24189"}],"version-history":[{"count":4,"href":"https:\/\/magazinetest.atomic4dev.net\/es\/wp-json\/wp\/v2\/posts\/24189\/revisions"}],"predecessor-version":[{"id":24519,"href":"https:\/\/magazinetest.atomic4dev.net\/es\/wp-json\/wp\/v2\/posts\/24189\/revisions\/24519"}],"wp:attachment":[{"href":"https:\/\/magazinetest.atomic4dev.net\/es\/wp-json\/wp\/v2\/media?parent=24189"}],"wp:term":[{"taxonomy":"category","embeddable":true,"href":"https:\/\/magazinetest.atomic4dev.net\/es\/wp-json\/wp\/v2\/categories?post=24189"},{"taxonomy":"post_tag","embeddable":true,"href":"https:\/\/magazinetest.atomic4dev.net\/es\/wp-json\/wp\/v2\/tags?post=24189"}],"curies":[{"name":"wp","href":"https:\/\/api.w.org\/{rel}","templated":true}]}}