{"id":24099,"date":"2025-12-16T11:12:39","date_gmt":"2025-12-16T10:12:39","guid":{"rendered":"https:\/\/magazinetest.atomic4dev.net\/?p=24099"},"modified":"2026-06-29T13:53:34","modified_gmt":"2026-06-29T11:53:34","slug":"calendario-de-eventos-y-fechas-clave-2026","status":"publish","type":"post","link":"https:\/\/magazinetest.atomic4dev.net\/es\/calendario-de-eventos-y-fechas-clave-2026\/","title":{"rendered":"Calendario de eventos y fechas clave 2026"},"content":{"rendered":"\n<h5 class=\"wp-block-heading\">La gu\u00eda definitiva para planificar activaciones, pop-ups y campa\u00f1as con impacto<\/h5>\n\n\n\n<p class=\"wp-block-paragraph\">Planificar con antelaci\u00f3n ya no es una opci\u00f3n: es una ventaja competitiva.<br>Las marcas que logran mayor visibilidad, ventas y reconocimiento no improvisan, <strong>se anticipan<\/strong>.<\/p>\n\n\n\n<p class=\"wp-block-paragraph\">El 2026 viene cargado de oportunidades para conectar con audiencias reales, activar espacios estrat\u00e9gicos y aprovechar momentos de alto impacto a nivel internacional.<\/p>\n\n\n\n<p class=\"wp-block-paragraph\">En esta gu\u00eda encontrar\u00e1s un <strong>calendario de fechas clave 2026<\/strong>, pensado para ayudarte a decidir <strong>cu\u00e1ndo, d\u00f3nde y por qu\u00e9<\/strong> lanzar tu pr\u00f3xima activaci\u00f3n, pop-up, evento o campa\u00f1a experiencial.<\/p>\n\n\n\n<p class=\"wp-block-paragraph\">Nuestra misi\u00f3n es clara: <strong>convertir tu presencia temporal en un impacto duradero<\/strong>, con estrategia, creatividad y un soporte operativo impecable.<\/p>\n\n\n\n<div style=\"height:20px\" aria-hidden=\"true\" class=\"wp-block-spacer\"><\/div>\n\n\n<div class=\"wp-block-image\">\n<figure class=\"aligncenter size-full is-resized\"><a href=\"http:\/\/magazinetest.atomic4dev.net\/wp-content\/uploads\/2025\/02\/An-immersive-lounge-installation-for-Farfetch-x-Art-Basel-Random-Studio.jpg\"><img loading=\"lazy\" decoding=\"async\" width=\"736\" height=\"1104\" src=\"http:\/\/magazinetest.atomic4dev.net\/wp-content\/uploads\/2025\/02\/An-immersive-lounge-installation-for-Farfetch-x-Art-Basel-Random-Studio.jpg\" alt=\"\" class=\"wp-image-22924\" style=\"width:555px;height:auto\" srcset=\"https:\/\/magazinetest.atomic4dev.net\/wp-content\/uploads\/2025\/02\/An-immersive-lounge-installation-for-Farfetch-x-Art-Basel-Random-Studio.jpg 736w, https:\/\/magazinetest.atomic4dev.net\/wp-content\/uploads\/2025\/02\/An-immersive-lounge-installation-for-Farfetch-x-Art-Basel-Random-Studio-200x300.jpg 200w, https:\/\/magazinetest.atomic4dev.net\/wp-content\/uploads\/2025\/02\/An-immersive-lounge-installation-for-Farfetch-x-Art-Basel-Random-Studio-683x1024.jpg 683w, https:\/\/magazinetest.atomic4dev.net\/wp-content\/uploads\/2025\/02\/An-immersive-lounge-installation-for-Farfetch-x-Art-Basel-Random-Studio-16x24.jpg 16w, https:\/\/magazinetest.atomic4dev.net\/wp-content\/uploads\/2025\/02\/An-immersive-lounge-installation-for-Farfetch-x-Art-Basel-Random-Studio-24x36.jpg 24w, https:\/\/magazinetest.atomic4dev.net\/wp-content\/uploads\/2025\/02\/An-immersive-lounge-installation-for-Farfetch-x-Art-Basel-Random-Studio-32x48.jpg 32w\" sizes=\"auto, (max-width: 736px) 100vw, 736px\" \/><\/a><\/figure>\n<\/div>\n\n\n<div style=\"height:20px\" aria-hidden=\"true\" class=\"wp-block-spacer\"><\/div>\n\n\n\n<h5 class=\"wp-block-heading has-text-align-center\" style=\"text-transform:uppercase\"><strong>\u00bfPor qu\u00e9 planificar tu a\u00f1o por eventos y fechas clave?<\/strong><\/h5>\n\n\n\n<p class=\"wp-block-paragraph\">Porque el contexto lo es todo.<\/p>\n\n\n\n<p class=\"wp-block-paragraph\">Los grandes momentos del a\u00f1o concentran:<\/p>\n\n\n\n<ul class=\"wp-block-list\">\n<li>Mayor afluencia de p\u00fablico<\/li>\n\n\n\n<li>Mayor intenci\u00f3n de compra<\/li>\n\n\n\n<li>M\u00e1s atenci\u00f3n medi\u00e1tica<\/li>\n\n\n\n<li>M\u00e1s predisposici\u00f3n a descubrir nuevas marcas<\/li>\n<\/ul>\n\n\n\n<p class=\"wp-block-paragraph\">Activar tu marca en el momento adecuado puede marcar la diferencia entre <strong>pasar desapercibido o destacar<\/strong>.<\/p>\n\n\n\n<div style=\"height:20px\" aria-hidden=\"true\" class=\"wp-block-spacer\"><\/div>\n\n\n<div class=\"wp-block-image\">\n<figure class=\"aligncenter size-full is-resized\"><a href=\"http:\/\/magazinetest.atomic4dev.net\/wp-content\/uploads\/2025\/08\/Nic-Ford-London-Photographer-on-Instagram_-_Last-night-with-@jakkeldn-\ud83d\udcf8_.jpg\"><img loading=\"lazy\" decoding=\"async\" width=\"512\" height=\"640\" src=\"http:\/\/magazinetest.atomic4dev.net\/wp-content\/uploads\/2025\/08\/Nic-Ford-London-Photographer-on-Instagram_-_Last-night-with-@jakkeldn-\ud83d\udcf8_.jpg\" alt=\"\" class=\"wp-image-23597\" style=\"width:475px;height:auto\" srcset=\"https:\/\/magazinetest.atomic4dev.net\/wp-content\/uploads\/2025\/08\/Nic-Ford-London-Photographer-on-Instagram_-_Last-night-with-@jakkeldn-\ud83d\udcf8_.jpg 512w, https:\/\/magazinetest.atomic4dev.net\/wp-content\/uploads\/2025\/08\/Nic-Ford-London-Photographer-on-Instagram_-_Last-night-with-@jakkeldn-\ud83d\udcf8_-240x300.jpg 240w, https:\/\/magazinetest.atomic4dev.net\/wp-content\/uploads\/2025\/08\/Nic-Ford-London-Photographer-on-Instagram_-_Last-night-with-@jakkeldn-\ud83d\udcf8_-19x24.jpg 19w, https:\/\/magazinetest.atomic4dev.net\/wp-content\/uploads\/2025\/08\/Nic-Ford-London-Photographer-on-Instagram_-_Last-night-with-@jakkeldn-\ud83d\udcf8_-29x36.jpg 29w, https:\/\/magazinetest.atomic4dev.net\/wp-content\/uploads\/2025\/08\/Nic-Ford-London-Photographer-on-Instagram_-_Last-night-with-@jakkeldn-\ud83d\udcf8_-38x48.jpg 38w\" sizes=\"auto, (max-width: 512px) 100vw, 512px\" \/><\/a><\/figure>\n<\/div>\n\n\n<div style=\"height:20px\" aria-hidden=\"true\" class=\"wp-block-spacer\"><\/div>\n\n\n\n<h5 class=\"wp-block-heading has-text-align-center\" style=\"text-transform:uppercase\">CALENDARIO EVENTOS 2026<\/h5>\n\n\n\n<p class=\"wp-block-paragraph\"><strong>ENERO 2026 \u00b7 El inicio del a\u00f1o y la moda masculina<\/strong><\/p>\n\n\n\n<p class=\"wp-block-paragraph\"><strong>Paris Fashion Week Men<\/strong><br><em>20\u201325 de enero<\/em><\/p>\n\n\n\n<p class=\"wp-block-paragraph\"><strong>Rebajas de invierno (Europa)<\/strong><br><em>Enero \u2013 febrero<\/em><\/p>\n\n\n\n<p class=\"wp-block-paragraph\">\ud83d\udd39 Ideal para:<\/p>\n\n\n\n<ul class=\"wp-block-list\">\n<li>Pop-ups de moda y lifestyle<\/li>\n\n\n\n<li>Lanzamientos de colecci\u00f3n<\/li>\n\n\n\n<li>Activaciones premium en ciudades clave<\/li>\n<\/ul>\n\n\n\n<p class=\"wp-block-paragraph\">Enero marca el arranque del a\u00f1o creativo y comercial, especialmente en moda y dise\u00f1o.<\/p>\n\n\n\n<div style=\"height:20px\" aria-hidden=\"true\" class=\"wp-block-spacer\"><\/div>\n\n\n\n<p class=\"wp-block-paragraph\"><strong>FEBRERO 2026 \u00b7 Moda, tendencias y visibilidad global<\/strong><\/p>\n\n\n\n<p class=\"wp-block-paragraph\"><strong>New York Fashion Week<\/strong><br><em>5\u201310 de febrero<\/em><\/p>\n\n\n\n<p class=\"wp-block-paragraph\"><strong>London Fashion Week<\/strong><br><em>20\u201324 de febrero<\/em><\/p>\n\n\n\n<p class=\"wp-block-paragraph\"><strong>Milan Fashion Week<\/strong><br><em>24 de febrero \u2013 2 de marzo<\/em><\/p>\n\n\n\n<p class=\"wp-block-paragraph\">\ud83d\udd39 Ideal para:<\/p>\n\n\n\n<ul class=\"wp-block-list\">\n<li>Showrooms temporales<\/li>\n\n\n\n<li>Eventos privados y press days<\/li>\n\n\n\n<li>Activaciones para buyer y medios<\/li>\n<\/ul>\n\n\n\n<p class=\"wp-block-paragraph\">Un mes clave para marcas que buscan posicionamiento internacional.<\/p>\n\n\n\n<div style=\"height:20px\" aria-hidden=\"true\" class=\"wp-block-spacer\"><\/div>\n\n\n\n<p class=\"wp-block-paragraph\"><strong>MARZO 2026 \u00b7 El gran momento de la moda femenina<\/strong><\/p>\n\n\n\n<p class=\"wp-block-paragraph\"><strong>Paris Fashion Week Women<\/strong><br><em>2\u201310 de marzo<\/em><\/p>\n\n\n\n<p class=\"wp-block-paragraph\">\ud83d\udd39 Ideal para:<\/p>\n\n\n\n<ul class=\"wp-block-list\">\n<li>Pop-ups conceptuales<\/li>\n\n\n\n<li>Experiencias de marca<\/li>\n\n\n\n<li>Acciones exclusivas para clientes y prensa<\/li>\n<\/ul>\n\n\n\n<p class=\"wp-block-paragraph\">Par\u00eds se convierte en el epicentro mundial de la moda y la creatividad.<\/p>\n\n\n\n<div style=\"height:20px\" aria-hidden=\"true\" class=\"wp-block-spacer\"><\/div>\n\n\n\n<p class=\"wp-block-paragraph\"><strong>ABRIL 2026 \u00b7 Dise\u00f1o, creatividad y consumo consciente<\/strong><\/p>\n\n\n\n<p class=\"wp-block-paragraph\"><strong>Salone del Mobile (Mil\u00e1n)<\/strong><br><em>21\u201326 de abril<\/em><\/p>\n\n\n\n<p class=\"wp-block-paragraph\"><strong>Semana Santa \/ Easter Campaigns<\/strong><br><em>5 de abril<\/em><\/p>\n\n\n\n<p class=\"wp-block-paragraph\">\ud83d\udd39 Ideal para:<\/p>\n\n\n\n<ul class=\"wp-block-list\">\n<li>Marcas de dise\u00f1o, interiorismo y lifestyle<\/li>\n\n\n\n<li>Activaciones creativas y experienciales<\/li>\n\n\n\n<li>Eventos de storytelling de marca<\/li>\n<\/ul>\n\n\n\n<p class=\"wp-block-paragraph\">Abril es sin\u00f3nimo de inspiraci\u00f3n y nuevas narrativas.<\/p>\n\n\n\n<div style=\"height:20px\" aria-hidden=\"true\" class=\"wp-block-spacer\"><\/div>\n\n\n\n<p class=\"wp-block-paragraph\"><strong>MAYO 2026 \u00b7 Cultura, cine y lujo<\/strong><\/p>\n\n\n\n<p class=\"wp-block-paragraph\"><strong>Festival de Cannes<\/strong><br><em>12\u201323 de mayo<\/em><\/p>\n\n\n\n<p class=\"wp-block-paragraph\">\ud83d\udd39 Ideal para:<\/p>\n\n\n\n<ul class=\"wp-block-list\">\n<li>Eventos de marca premium<\/li>\n\n\n\n<li>Activaciones vinculadas a cine, moda y lujo<\/li>\n\n\n\n<li>Experiencias exclusivas<\/li>\n<\/ul>\n\n\n\n<p class=\"wp-block-paragraph\">Un contexto perfecto para marcas aspiracionales.<\/p>\n\n\n\n<div style=\"height:20px\" aria-hidden=\"true\" class=\"wp-block-spacer\"><\/div>\n\n\n\n<p class=\"wp-block-paragraph\"><strong>JUNIO \u2013 JULIO 2026 \u00b7 Ventas y experiencias de verano<\/strong><\/p>\n\n\n\n<p class=\"wp-block-paragraph\"><strong>Rebajas de verano (Europa)<\/strong><br>Junio \u2013 julio<\/p>\n\n\n\n<p class=\"wp-block-paragraph\"><strong>Temporada de festivales<\/strong><br>Verano<\/p>\n\n\n\n<p class=\"wp-block-paragraph\">\ud83d\udd39 Ideal para:<\/p>\n\n\n\n<ul class=\"wp-block-list\">\n<li>Pop-ups comerciales<\/li>\n\n\n\n<li>Sampling y activaciones outdoor<\/li>\n\n\n\n<li>Experiencias vinculadas a m\u00fasica, ocio y turismo<\/li>\n<\/ul>\n\n\n\n<p class=\"wp-block-paragraph\">El verano multiplica el tr\u00e1fico y la exposici\u00f3n.<\/p>\n\n\n\n<div style=\"height:20px\" aria-hidden=\"true\" class=\"wp-block-spacer\"><\/div>\n\n\n\n<p class=\"wp-block-paragraph\"><strong>SEPTIEMBRE \u2013 OCTUBRE 2026 \u00b7 El gran regreso<\/strong><\/p>\n\n\n\n<p class=\"wp-block-paragraph\"><strong>Fashion Weeks (NY, Londres, Mil\u00e1n, Par\u00eds)<\/strong><br>Septiembre \u2013 octubre<\/p>\n\n\n\n<p class=\"wp-block-paragraph\">\ud83d\udd39 Ideal para:<\/p>\n\n\n\n<ul class=\"wp-block-list\">\n<li>Relanzamientos<\/li>\n\n\n\n<li>Nuevas colecciones<\/li>\n\n\n\n<li>Acciones de alto impacto tras el verano<\/li>\n<\/ul>\n\n\n\n<p class=\"wp-block-paragraph\">Uno de los momentos m\u00e1s potentes del a\u00f1o para activar marca.<\/p>\n\n\n\n<div style=\"height:20px\" aria-hidden=\"true\" class=\"wp-block-spacer\"><\/div>\n\n\n\n<p class=\"wp-block-paragraph\"><strong>NOVIEMBRE 2026 \u00b7 El pico de ventas<\/strong><\/p>\n\n\n\n<p class=\"wp-block-paragraph\"><strong>Singles\u2019 Day<\/strong><br><em>11 de noviembre<\/em><\/p>\n\n\n\n<p class=\"wp-block-paragraph\"><strong>Black Friday<\/strong><br><em>27 de noviembre<\/em><\/p>\n\n\n\n<p class=\"wp-block-paragraph\"><strong>Cyber Monday<\/strong><br><em>30 de noviembre<\/em><\/p>\n\n\n\n<p class=\"wp-block-paragraph\">\ud83d\udd39 Ideal para:<\/p>\n\n\n\n<ul class=\"wp-block-list\">\n<li>Pop-ups orientados a venta directa<\/li>\n\n\n\n<li>Activaciones comerciales intensivas<\/li>\n\n\n\n<li>Estrategias omnicanal<\/li>\n<\/ul>\n\n\n\n<p class=\"wp-block-paragraph\">Noviembre es el mes donde la planificaci\u00f3n lo es todo.<\/p>\n\n\n\n<div style=\"height:20px\" aria-hidden=\"true\" class=\"wp-block-spacer\"><\/div>\n\n\n\n<p class=\"wp-block-paragraph\"><strong>DICIEMBRE 2026 \u00b7 Cierre de a\u00f1o y emociones<\/strong><\/p>\n\n\n\n<p class=\"wp-block-paragraph\"><strong>Campa\u00f1as de Navidad<\/strong><br>Todo el mes<\/p>\n\n\n\n<p class=\"wp-block-paragraph\"><strong>Eventos corporativos y celebraciones<\/strong><br>Diciembre<\/p>\n\n\n\n<p class=\"wp-block-paragraph\"><strong>Nochevieja<\/strong><br>31 de diciembre<\/p>\n\n\n\n<p class=\"wp-block-paragraph\">\ud83d\udd39 Ideal para:<\/p>\n\n\n\n<ul class=\"wp-block-list\">\n<li>Pop-ups navide\u00f1os<\/li>\n\n\n\n<li>Eventos de marca y empresa<\/li>\n\n\n\n<li>Experiencias emocionales<\/li>\n<\/ul>\n\n\n\n<p class=\"wp-block-paragraph\">El momento perfecto para cerrar el a\u00f1o con impacto.<\/p>\n\n\n\n<div style=\"height:20px\" aria-hidden=\"true\" class=\"wp-block-spacer\"><\/div>\n\n\n<div class=\"wp-block-image\">\n<figure class=\"aligncenter size-full\"><a href=\"http:\/\/magazinetest.atomic4dev.net\/wp-content\/uploads\/2025\/05\/Imagen-de-WhatsApp-2025-05-12-a-las-20.07.55_b835cf4c-567x1024-1.jpg\"><img loading=\"lazy\" decoding=\"async\" width=\"567\" height=\"1024\" src=\"http:\/\/magazinetest.atomic4dev.net\/wp-content\/uploads\/2025\/05\/Imagen-de-WhatsApp-2025-05-12-a-las-20.07.55_b835cf4c-567x1024-1.jpg\" alt=\"\" class=\"wp-image-23333\" srcset=\"https:\/\/magazinetest.atomic4dev.net\/wp-content\/uploads\/2025\/05\/Imagen-de-WhatsApp-2025-05-12-a-las-20.07.55_b835cf4c-567x1024-1.jpg 567w, https:\/\/magazinetest.atomic4dev.net\/wp-content\/uploads\/2025\/05\/Imagen-de-WhatsApp-2025-05-12-a-las-20.07.55_b835cf4c-567x1024-1-166x300.jpg 166w, https:\/\/magazinetest.atomic4dev.net\/wp-content\/uploads\/2025\/05\/Imagen-de-WhatsApp-2025-05-12-a-las-20.07.55_b835cf4c-567x1024-1-13x24.jpg 13w, https:\/\/magazinetest.atomic4dev.net\/wp-content\/uploads\/2025\/05\/Imagen-de-WhatsApp-2025-05-12-a-las-20.07.55_b835cf4c-567x1024-1-20x36.jpg 20w, https:\/\/magazinetest.atomic4dev.net\/wp-content\/uploads\/2025\/05\/Imagen-de-WhatsApp-2025-05-12-a-las-20.07.55_b835cf4c-567x1024-1-27x48.jpg 27w\" sizes=\"auto, (max-width: 567px) 100vw, 567px\" \/><\/a><\/figure>\n<\/div>\n\n\n<div style=\"height:20px\" aria-hidden=\"true\" class=\"wp-block-spacer\"><\/div>\n\n\n\n<h5 class=\"wp-block-heading has-text-align-center\" style=\"text-transform:uppercase\">C\u00f3mo usar este calendario estrat\u00e9gicamente<\/h5>\n\n\n\n<p class=\"wp-block-paragraph\">\u2714 Elige las fechas alineadas con tus objetivos<br>\u2714 Reserva espacios con antelaci\u00f3n<br>\u2714 Dise\u00f1a experiencias adaptadas al contexto<br>\u2714 Piensa en visibilidad + ventas + conexi\u00f3n real<\/p>\n\n\n\n<p class=\"wp-block-paragraph\">Las marcas que planifican con tiempo <strong>consiguen mejores espacios, mejores resultados y menos estr\u00e9s<\/strong>.<\/p>\n\n\n\n<div style=\"height:20px\" aria-hidden=\"true\" class=\"wp-block-spacer\"><\/div>\n\n\n<div class=\"wp-block-image\">\n<figure class=\"aligncenter size-full is-resized\"><a href=\"http:\/\/magazinetest.atomic4dev.net\/wp-content\/uploads\/2025\/12\/9cbf112665d6811d0202c52fc41b0f5d.jpg\"><img loading=\"lazy\" decoding=\"async\" width=\"1200\" height=\"1791\" src=\"http:\/\/magazinetest.atomic4dev.net\/wp-content\/uploads\/2025\/12\/9cbf112665d6811d0202c52fc41b0f5d.jpg\" alt=\"\" class=\"wp-image-24104\" style=\"width:577px;height:auto\" srcset=\"https:\/\/magazinetest.atomic4dev.net\/wp-content\/uploads\/2025\/12\/9cbf112665d6811d0202c52fc41b0f5d.jpg 1200w, https:\/\/magazinetest.atomic4dev.net\/wp-content\/uploads\/2025\/12\/9cbf112665d6811d0202c52fc41b0f5d-201x300.jpg 201w, https:\/\/magazinetest.atomic4dev.net\/wp-content\/uploads\/2025\/12\/9cbf112665d6811d0202c52fc41b0f5d-686x1024.jpg 686w, https:\/\/magazinetest.atomic4dev.net\/wp-content\/uploads\/2025\/12\/9cbf112665d6811d0202c52fc41b0f5d-768x1146.jpg 768w, https:\/\/magazinetest.atomic4dev.net\/wp-content\/uploads\/2025\/12\/9cbf112665d6811d0202c52fc41b0f5d-1029x1536.jpg 1029w, https:\/\/magazinetest.atomic4dev.net\/wp-content\/uploads\/2025\/12\/9cbf112665d6811d0202c52fc41b0f5d-16x24.jpg 16w, https:\/\/magazinetest.atomic4dev.net\/wp-content\/uploads\/2025\/12\/9cbf112665d6811d0202c52fc41b0f5d-24x36.jpg 24w, https:\/\/magazinetest.atomic4dev.net\/wp-content\/uploads\/2025\/12\/9cbf112665d6811d0202c52fc41b0f5d-32x48.jpg 32w\" sizes=\"auto, (max-width: 1200px) 100vw, 1200px\" \/><\/a><\/figure>\n<\/div>\n\n\n<div style=\"height:20px\" aria-hidden=\"true\" class=\"wp-block-spacer\"><\/div>\n\n\n\n<h5 class=\"wp-block-heading has-text-align-center\" style=\"text-transform:uppercase\">Planifica tu 2026 con Go\u2014PopUp<\/h5>\n\n\n\n<p class=\"has-text-align-left wp-block-paragraph\">En Go\u2014PopUp te ayudamos a:<\/p>\n\n\n\n<ul class=\"wp-block-list\">\n<li>Encontrar el espacio perfecto<\/li>\n\n\n\n<li>Dise\u00f1ar activaciones estrat\u00e9gicas<\/li>\n\n\n\n<li>Ejecutar pop-ups y eventos de principio a fin<\/li>\n<\/ul>\n\n\n\n<div style=\"height:20px\" aria-hidden=\"true\" class=\"wp-block-spacer\"><\/div>\n\n\n<div class=\"wp-block-image\">\n<figure class=\"aligncenter size-full is-resized\"><a href=\"http:\/\/magazinetest.atomic4dev.net\/wp-content\/uploads\/2025\/12\/98929a38b07983b010fa71c9d80a66fb-1.jpg\"><img loading=\"lazy\" decoding=\"async\" width=\"736\" height=\"917\" src=\"http:\/\/magazinetest.atomic4dev.net\/wp-content\/uploads\/2025\/12\/98929a38b07983b010fa71c9d80a66fb-1.jpg\" alt=\"\" class=\"wp-image-24105\" style=\"width:594px;height:auto\" srcset=\"https:\/\/magazinetest.atomic4dev.net\/wp-content\/uploads\/2025\/12\/98929a38b07983b010fa71c9d80a66fb-1.jpg 736w, https:\/\/magazinetest.atomic4dev.net\/wp-content\/uploads\/2025\/12\/98929a38b07983b010fa71c9d80a66fb-1-241x300.jpg 241w, https:\/\/magazinetest.atomic4dev.net\/wp-content\/uploads\/2025\/12\/98929a38b07983b010fa71c9d80a66fb-1-19x24.jpg 19w, https:\/\/magazinetest.atomic4dev.net\/wp-content\/uploads\/2025\/12\/98929a38b07983b010fa71c9d80a66fb-1-29x36.jpg 29w, https:\/\/magazinetest.atomic4dev.net\/wp-content\/uploads\/2025\/12\/98929a38b07983b010fa71c9d80a66fb-1-39x48.jpg 39w\" sizes=\"auto, (max-width: 736px) 100vw, 736px\" \/><\/a><\/figure>\n<\/div>\n\n\n<div style=\"height:20px\" aria-hidden=\"true\" class=\"wp-block-spacer\"><\/div>\n\n\n\n<h5 class=\"wp-block-heading has-text-align-center\" style=\"text-transform:uppercase\">\u00bf<strong><strong><strong><strong><strong><strong>Listo para activar tu pr\u00f3xima idea?<\/strong><\/strong><\/strong><\/strong><\/strong><\/strong><\/h5>\n\n\n\n<p class=\"has-text-align-center wp-block-paragraph\">\u00a1Explora nuestro marketplace y empieza a planificar tu 2026 hoy mismo!<\/p>\n\n\n\n<div style=\"height:20px\" aria-hidden=\"true\" class=\"wp-block-spacer\"><\/div>\n\n\n\n<div class=\"wp-block-buttons is-content-justification-center is-layout-flex wp-container-core-buttons-is-layout-fe48e5de wp-block-buttons-is-layout-flex\">\n<div class=\"wp-block-button\"><a class=\"wp-block-button__link wp-element-button\" href=\"https:\/\/app.gopopup.com\/es\/search\/europe\/\" target=\"_blank\" rel=\"noreferrer noopener\">IR AL MARKETPLACE<\/a><\/div>\n<\/div>\n\n\n\n<div style=\"height:20px\" aria-hidden=\"true\" class=\"wp-block-spacer\"><\/div>\n\n\n\n<p class=\"has-text-align-center wp-block-paragraph\"><strong>Para cualquier otra consulta, no dudes en escribirnos a <\/strong><a href=\"mailto:hello@gopopup.com\"><strong>hello@gopopup.com<\/strong><\/a><\/p>\n\n\n\n<p class=\"wp-block-paragraph\"><\/p>\n","protected":false},"excerpt":{"rendered":"<p>La gu\u00eda definitiva para planificar activaciones, pop-ups y campa\u00f1as con impacto Planificar con antelaci\u00f3n ya no es una opci\u00f3n: es una ventaja competitiva.Las marcas que logran mayor visibilidad, ventas y reconocimiento no improvisan, se anticipan. El 2026 viene cargado de oportunidades para conectar con audiencias reales, activar espacios estrat\u00e9gicos y aprovechar momentos de alto impacto a nivel internacional. En esta gu\u00eda encontrar\u00e1s un calendario de fechas clave 2026, pensado para ayudarte a decidir cu\u00e1ndo, d\u00f3nde y por qu\u00e9 lanzar tu pr\u00f3xima activaci\u00f3n, pop-up, evento o campa\u00f1a experiencial. Nuestra misi\u00f3n es clara: convertir tu presencia temporal en un impacto duradero, con [&hellip;]<\/p>\n","protected":false},"author":20,"featured_media":24108,"comment_status":"open","ping_status":"open","sticky":false,"template":"","format":"standard","meta":{"footnotes":""},"categories":[],"tags":[],"class_list":["post-24099","post","type-post","status-publish","format-standard","has-post-thumbnail","hentry"],"_links":{"self":[{"href":"https:\/\/magazinetest.atomic4dev.net\/es\/wp-json\/wp\/v2\/posts\/24099","targetHints":{"allow":["GET"]}}],"collection":[{"href":"https:\/\/magazinetest.atomic4dev.net\/es\/wp-json\/wp\/v2\/posts"}],"about":[{"href":"https:\/\/magazinetest.atomic4dev.net\/es\/wp-json\/wp\/v2\/types\/post"}],"author":[{"embeddable":true,"href":"https:\/\/magazinetest.atomic4dev.net\/es\/wp-json\/wp\/v2\/users\/20"}],"replies":[{"embeddable":true,"href":"https:\/\/magazinetest.atomic4dev.net\/es\/wp-json\/wp\/v2\/comments?post=24099"}],"version-history":[{"count":4,"href":"https:\/\/magazinetest.atomic4dev.net\/es\/wp-json\/wp\/v2\/posts\/24099\/revisions"}],"predecessor-version":[{"id":24106,"href":"https:\/\/magazinetest.atomic4dev.net\/es\/wp-json\/wp\/v2\/posts\/24099\/revisions\/24106"}],"wp:featuredmedia":[{"embeddable":true,"href":"https:\/\/magazinetest.atomic4dev.net\/es\/wp-json\/wp\/v2\/media\/24108"}],"wp:attachment":[{"href":"https:\/\/magazinetest.atomic4dev.net\/es\/wp-json\/wp\/v2\/media?parent=24099"}],"wp:term":[{"taxonomy":"category","embeddable":true,"href":"https:\/\/magazinetest.atomic4dev.net\/es\/wp-json\/wp\/v2\/categories?post=24099"},{"taxonomy":"post_tag","embeddable":true,"href":"https:\/\/magazinetest.atomic4dev.net\/es\/wp-json\/wp\/v2\/tags?post=24099"}],"curies":[{"name":"wp","href":"https:\/\/api.w.org\/{rel}","templated":true}]}}