{"id":23835,"date":"2025-10-28T14:56:44","date_gmt":"2025-10-28T13:56:44","guid":{"rendered":"https:\/\/magazinetest.atomic4dev.net\/?p=23835"},"modified":"2026-06-29T13:53:35","modified_gmt":"2026-06-29T11:53:35","slug":"paris-se-prepara-para-brillar-las-fechas-clave-de-la-fashion-week-2026","status":"publish","type":"post","link":"https:\/\/magazinetest.atomic4dev.net\/es\/paris-se-prepara-para-brillar-las-fechas-clave-de-la-fashion-week-2026\/","title":{"rendered":"Par\u00eds se prepara para brillar: las fechas clave de la Fashion Week 2026"},"content":{"rendered":"\n<h4 class=\"wp-block-heading\">\u00a1Y por qu\u00e9 deber\u00edas reservar tu espacio ya!<\/h4>\n\n\n\n<p class=\"wp-block-paragraph\">Cada enero, Par\u00eds se convierte en el epicentro de la moda mundial. Dise\u00f1adores, marcas, compradores, prensa y creadores de contenido llenan la ciudad para vivir una de las semanas m\u00e1s influyentes del a\u00f1o: <strong>la Paris Fashion Week<\/strong>.<br>Y si hay un momento perfecto para <strong>activar tu marca<\/strong> en la capital francesa, <strong>es este<\/strong>..<\/p>\n\n\n\n<div style=\"height:20px\" aria-hidden=\"true\" class=\"wp-block-spacer\"><\/div>\n\n\n\n<figure class=\"wp-block-gallery has-nested-images columns-default is-cropped wp-block-gallery-1 is-layout-flex wp-block-gallery-is-layout-flex\">\n<figure class=\"wp-block-image size-large\"><a href=\"http:\/\/magazinetest.atomic4dev.net\/wp-content\/uploads\/2025\/10\/PFW-2026-1-1.png\"><img loading=\"lazy\" decoding=\"async\" width=\"576\" height=\"1024\" data-id=\"23916\" src=\"http:\/\/magazinetest.atomic4dev.net\/wp-content\/uploads\/2025\/10\/PFW-2026-1-1-576x1024.png\" alt=\"\" class=\"wp-image-23916\" srcset=\"https:\/\/magazinetest.atomic4dev.net\/wp-content\/uploads\/2025\/10\/PFW-2026-1-1-576x1024.png 576w, https:\/\/magazinetest.atomic4dev.net\/wp-content\/uploads\/2025\/10\/PFW-2026-1-1-169x300.png 169w, https:\/\/magazinetest.atomic4dev.net\/wp-content\/uploads\/2025\/10\/PFW-2026-1-1-768x1365.png 768w, https:\/\/magazinetest.atomic4dev.net\/wp-content\/uploads\/2025\/10\/PFW-2026-1-1-864x1536.png 864w, https:\/\/magazinetest.atomic4dev.net\/wp-content\/uploads\/2025\/10\/PFW-2026-1-1-14x24.png 14w, https:\/\/magazinetest.atomic4dev.net\/wp-content\/uploads\/2025\/10\/PFW-2026-1-1-20x36.png 20w, https:\/\/magazinetest.atomic4dev.net\/wp-content\/uploads\/2025\/10\/PFW-2026-1-1-27x48.png 27w, https:\/\/magazinetest.atomic4dev.net\/wp-content\/uploads\/2025\/10\/PFW-2026-1-1.png 1080w\" sizes=\"auto, (max-width: 576px) 100vw, 576px\" \/><\/a><\/figure>\n\n\n\n<figure class=\"wp-block-image size-large\"><a href=\"http:\/\/magazinetest.atomic4dev.net\/wp-content\/uploads\/2025\/10\/descarga-2025-10-16T173100.547.jpeg\"><img loading=\"lazy\" decoding=\"async\" width=\"576\" height=\"1024\" data-id=\"23839\" src=\"http:\/\/magazinetest.atomic4dev.net\/wp-content\/uploads\/2025\/10\/descarga-2025-10-16T173100.547-576x1024.jpeg\" alt=\"\" class=\"wp-image-23839\" srcset=\"https:\/\/magazinetest.atomic4dev.net\/wp-content\/uploads\/2025\/10\/descarga-2025-10-16T173100.547-576x1024.jpeg 576w, https:\/\/magazinetest.atomic4dev.net\/wp-content\/uploads\/2025\/10\/descarga-2025-10-16T173100.547-169x300.jpeg 169w, https:\/\/magazinetest.atomic4dev.net\/wp-content\/uploads\/2025\/10\/descarga-2025-10-16T173100.547-14x24.jpeg 14w, https:\/\/magazinetest.atomic4dev.net\/wp-content\/uploads\/2025\/10\/descarga-2025-10-16T173100.547-20x36.jpeg 20w, https:\/\/magazinetest.atomic4dev.net\/wp-content\/uploads\/2025\/10\/descarga-2025-10-16T173100.547-27x48.jpeg 27w, https:\/\/magazinetest.atomic4dev.net\/wp-content\/uploads\/2025\/10\/descarga-2025-10-16T173100.547.jpeg 736w\" sizes=\"auto, (max-width: 576px) 100vw, 576px\" \/><\/a><\/figure>\n<\/figure>\n\n\n\n<div style=\"height:20px\" aria-hidden=\"true\" class=\"wp-block-spacer\"><\/div>\n\n\n\n<h5 class=\"has-text-align-center wp-block-heading\" style=\"text-transform:uppercase\"><strong><strong><strong>LAS FECHAS QUE DEBES MARCAR EN TU CALENDARIO<\/strong><\/strong><\/strong><\/h5>\n\n\n\n<ul class=\"wp-block-list\"><li><strong>Paris Fashion Week \u2013 Menswear Fall\/Winter 2026\u20132027:<\/strong> del <strong>martes 20 al domingo 25 de enero de 2026<\/strong><\/li><li><strong>Haute Couture Spring\/Summer 2026:<\/strong> del <strong>lunes 26 al jueves 29 de enero de 2026<\/strong><\/li><\/ul>\n\n\n\n<p class=\"wp-block-paragraph\">Dos semanas consecutivas en las que <strong>todas las miradas estar\u00e1n puestas en Par\u00eds<\/strong>, y donde las activaciones de marca, pop-ups, showrooms y eventos privados se convierten en el mejor escaparate para destacar.<\/p>\n\n\n\n<div style=\"height:20px\" aria-hidden=\"true\" class=\"wp-block-spacer\"><\/div>\n\n\n\n<figure class=\"wp-block-gallery has-nested-images columns-default is-cropped wp-block-gallery-2 is-layout-flex wp-block-gallery-is-layout-flex\">\n<figure class=\"wp-block-image size-large\"><a href=\"http:\/\/magazinetest.atomic4dev.net\/wp-content\/uploads\/2025\/10\/PFW-2026-2.png\"><img loading=\"lazy\" decoding=\"async\" width=\"576\" height=\"1024\" data-id=\"23915\" src=\"http:\/\/magazinetest.atomic4dev.net\/wp-content\/uploads\/2025\/10\/PFW-2026-2-576x1024.png\" alt=\"\" class=\"wp-image-23915\" srcset=\"https:\/\/magazinetest.atomic4dev.net\/wp-content\/uploads\/2025\/10\/PFW-2026-2-576x1024.png 576w, https:\/\/magazinetest.atomic4dev.net\/wp-content\/uploads\/2025\/10\/PFW-2026-2-169x300.png 169w, https:\/\/magazinetest.atomic4dev.net\/wp-content\/uploads\/2025\/10\/PFW-2026-2-768x1365.png 768w, https:\/\/magazinetest.atomic4dev.net\/wp-content\/uploads\/2025\/10\/PFW-2026-2-864x1536.png 864w, https:\/\/magazinetest.atomic4dev.net\/wp-content\/uploads\/2025\/10\/PFW-2026-2-14x24.png 14w, https:\/\/magazinetest.atomic4dev.net\/wp-content\/uploads\/2025\/10\/PFW-2026-2-20x36.png 20w, https:\/\/magazinetest.atomic4dev.net\/wp-content\/uploads\/2025\/10\/PFW-2026-2-27x48.png 27w, https:\/\/magazinetest.atomic4dev.net\/wp-content\/uploads\/2025\/10\/PFW-2026-2.png 1080w\" sizes=\"auto, (max-width: 576px) 100vw, 576px\" \/><\/a><\/figure>\n\n\n\n<figure class=\"wp-block-image size-large\"><a href=\"http:\/\/magazinetest.atomic4dev.net\/wp-content\/uploads\/2025\/10\/descarga-2025-10-16T172816.263.jpeg\"><img loading=\"lazy\" decoding=\"async\" width=\"576\" height=\"1024\" data-id=\"23837\" src=\"http:\/\/magazinetest.atomic4dev.net\/wp-content\/uploads\/2025\/10\/descarga-2025-10-16T172816.263-576x1024.jpeg\" alt=\"\" class=\"wp-image-23837\" srcset=\"https:\/\/magazinetest.atomic4dev.net\/wp-content\/uploads\/2025\/10\/descarga-2025-10-16T172816.263-576x1024.jpeg 576w, https:\/\/magazinetest.atomic4dev.net\/wp-content\/uploads\/2025\/10\/descarga-2025-10-16T172816.263-169x300.jpeg 169w, https:\/\/magazinetest.atomic4dev.net\/wp-content\/uploads\/2025\/10\/descarga-2025-10-16T172816.263-14x24.jpeg 14w, https:\/\/magazinetest.atomic4dev.net\/wp-content\/uploads\/2025\/10\/descarga-2025-10-16T172816.263-20x36.jpeg 20w, https:\/\/magazinetest.atomic4dev.net\/wp-content\/uploads\/2025\/10\/descarga-2025-10-16T172816.263-27x48.jpeg 27w, https:\/\/magazinetest.atomic4dev.net\/wp-content\/uploads\/2025\/10\/descarga-2025-10-16T172816.263.jpeg 675w\" sizes=\"auto, (max-width: 576px) 100vw, 576px\" \/><\/a><\/figure>\n<\/figure>\n\n\n\n<div style=\"height:20px\" aria-hidden=\"true\" class=\"wp-block-spacer\"><\/div>\n\n\n\n<h5 class=\"has-text-align-center wp-block-heading\" style=\"text-transform:uppercase\"><strong><strong><strong><strong>\u00bfPor qu\u00e9 es relevante para tu marca?<\/strong><\/strong><\/strong><\/strong><\/h5>\n\n\n\n<p class=\"wp-block-paragraph\">La Paris Fashion Week va mucho m\u00e1s all\u00e1 de las pasarelas. Es <strong>un punto de encuentro global<\/strong> para el dise\u00f1o, la creatividad y las experiencias inmersivas. Participar, o simplemente estar presente en la ciudad durante estas fechas, puede marcar una gran diferencia en t\u00e9rminos de:<\/p>\n\n\n\n<ul class=\"wp-block-list\"><li><strong>Notoriedad y posicionamiento:<\/strong> tu marca se asocia directamente con la escena de moda m\u00e1s influyente del mundo.<\/li><li><strong>Networking y visibilidad:<\/strong> prensa, buyers, stylists, influencers y otros players del sector est\u00e1n all\u00ed.<\/li><li><strong>Momentum de marca:<\/strong> es el momento perfecto para lanzar un producto, presentar una colaboraci\u00f3n o reforzar tu storytelling en un entorno de alto impacto.<\/li><\/ul>\n\n\n\n<p class=\"wp-block-paragraph\">En definitiva: si tu marca tiene algo que contar, <strong>Par\u00eds es el lugar y enero es el momento<\/strong>.<\/p>\n\n\n\n<div style=\"height:20px\" aria-hidden=\"true\" class=\"wp-block-spacer\"><\/div>\n\n\n\n<figure class=\"wp-block-gallery has-nested-images columns-default is-cropped wp-block-gallery-3 is-layout-flex wp-block-gallery-is-layout-flex\">\n<figure class=\"wp-block-image size-full\"><img loading=\"lazy\" decoding=\"async\" width=\"736\" height=\"890\" data-id=\"23840\" src=\"http:\/\/magazinetest.atomic4dev.net\/wp-content\/uploads\/2025\/10\/Elisa-Carsson-concepto-boutique-de-lujo.jpeg\" alt=\"\" class=\"wp-image-23840\" srcset=\"https:\/\/magazinetest.atomic4dev.net\/wp-content\/uploads\/2025\/10\/Elisa-Carsson-concepto-boutique-de-lujo.jpeg 736w, https:\/\/magazinetest.atomic4dev.net\/wp-content\/uploads\/2025\/10\/Elisa-Carsson-concepto-boutique-de-lujo-248x300.jpeg 248w, https:\/\/magazinetest.atomic4dev.net\/wp-content\/uploads\/2025\/10\/Elisa-Carsson-concepto-boutique-de-lujo-20x24.jpeg 20w, https:\/\/magazinetest.atomic4dev.net\/wp-content\/uploads\/2025\/10\/Elisa-Carsson-concepto-boutique-de-lujo-30x36.jpeg 30w, https:\/\/magazinetest.atomic4dev.net\/wp-content\/uploads\/2025\/10\/Elisa-Carsson-concepto-boutique-de-lujo-40x48.jpeg 40w\" sizes=\"auto, (max-width: 736px) 100vw, 736px\" \/><\/figure>\n\n\n\n<figure class=\"wp-block-image size-large\"><img loading=\"lazy\" decoding=\"async\" width=\"579\" height=\"1024\" data-id=\"23842\" src=\"http:\/\/magazinetest.atomic4dev.net\/wp-content\/uploads\/2025\/10\/descarga-2025-10-16T173255.278-579x1024.jpeg\" alt=\"\" class=\"wp-image-23842\" srcset=\"https:\/\/magazinetest.atomic4dev.net\/wp-content\/uploads\/2025\/10\/descarga-2025-10-16T173255.278-579x1024.jpeg 579w, https:\/\/magazinetest.atomic4dev.net\/wp-content\/uploads\/2025\/10\/descarga-2025-10-16T173255.278-170x300.jpeg 170w, https:\/\/magazinetest.atomic4dev.net\/wp-content\/uploads\/2025\/10\/descarga-2025-10-16T173255.278-14x24.jpeg 14w, https:\/\/magazinetest.atomic4dev.net\/wp-content\/uploads\/2025\/10\/descarga-2025-10-16T173255.278-20x36.jpeg 20w, https:\/\/magazinetest.atomic4dev.net\/wp-content\/uploads\/2025\/10\/descarga-2025-10-16T173255.278-27x48.jpeg 27w, https:\/\/magazinetest.atomic4dev.net\/wp-content\/uploads\/2025\/10\/descarga-2025-10-16T173255.278.jpeg 679w\" sizes=\"auto, (max-width: 579px) 100vw, 579px\" \/><\/figure>\n<\/figure>\n\n\n\n<div style=\"height:20px\" aria-hidden=\"true\" class=\"wp-block-spacer\"><\/div>\n\n\n\n<h5 class=\"has-text-align-center wp-block-heading\" style=\"text-transform:uppercase\"><strong><strong><strong><strong><strong><strong>Por qu\u00e9 solicitar tu espacio con antelaci\u00f3n<\/strong><\/strong><\/strong><\/strong><\/strong><\/strong><\/h5>\n\n\n\n<p class=\"wp-block-paragraph\">Los espacios premium en Par\u00eds durante la Fashion Week son <strong>altamente demandados<\/strong>, y literalmente, <strong>vuelan<\/strong>.<br>Reservar con tiempo no solo te garantiza mejores ubicaciones (en zonas como Le Marais, Saint-Germain-des-Pr\u00e9s o Palais Royal), sino tambi\u00e9n <strong>mejores condiciones y precios m\u00e1s competitivos<\/strong>.<\/p>\n\n\n\n<p class=\"wp-block-paragraph\">Adem\u00e1s, anticiparte te permite planificar con calma toda la parte log\u00edstica y creativa: ambientaci\u00f3n, producci\u00f3n, permisos, comunicaci\u00f3n, staffing, catering o contenido audiovisual. Todo suma para que tu activaci\u00f3n sea <strong>una experiencia impecable y memorable<\/strong>.<\/p>\n\n\n\n<div style=\"height:20px\" aria-hidden=\"true\" class=\"wp-block-spacer\"><\/div>\n\n\n\n<figure class=\"wp-block-gallery has-nested-images columns-default is-cropped wp-block-gallery-4 is-layout-flex wp-block-gallery-is-layout-flex\">\n<figure class=\"wp-block-image size-full\"><img loading=\"lazy\" decoding=\"async\" width=\"736\" height=\"920\" data-id=\"23843\" src=\"http:\/\/magazinetest.atomic4dev.net\/wp-content\/uploads\/2025\/10\/descarga-2025-10-16T173559.276.jpeg\" alt=\"\" class=\"wp-image-23843\" srcset=\"https:\/\/magazinetest.atomic4dev.net\/wp-content\/uploads\/2025\/10\/descarga-2025-10-16T173559.276.jpeg 736w, https:\/\/magazinetest.atomic4dev.net\/wp-content\/uploads\/2025\/10\/descarga-2025-10-16T173559.276-240x300.jpeg 240w, https:\/\/magazinetest.atomic4dev.net\/wp-content\/uploads\/2025\/10\/descarga-2025-10-16T173559.276-19x24.jpeg 19w, https:\/\/magazinetest.atomic4dev.net\/wp-content\/uploads\/2025\/10\/descarga-2025-10-16T173559.276-29x36.jpeg 29w, https:\/\/magazinetest.atomic4dev.net\/wp-content\/uploads\/2025\/10\/descarga-2025-10-16T173559.276-38x48.jpeg 38w\" sizes=\"auto, (max-width: 736px) 100vw, 736px\" \/><\/figure>\n\n\n\n<figure class=\"wp-block-image size-large\"><img loading=\"lazy\" decoding=\"async\" width=\"683\" height=\"1024\" data-id=\"23844\" src=\"http:\/\/magazinetest.atomic4dev.net\/wp-content\/uploads\/2025\/10\/From-my-image-archive-683x1024.jpeg\" alt=\"\" class=\"wp-image-23844\" srcset=\"https:\/\/magazinetest.atomic4dev.net\/wp-content\/uploads\/2025\/10\/From-my-image-archive-683x1024.jpeg 683w, https:\/\/magazinetest.atomic4dev.net\/wp-content\/uploads\/2025\/10\/From-my-image-archive-200x300.jpeg 200w, https:\/\/magazinetest.atomic4dev.net\/wp-content\/uploads\/2025\/10\/From-my-image-archive-16x24.jpeg 16w, https:\/\/magazinetest.atomic4dev.net\/wp-content\/uploads\/2025\/10\/From-my-image-archive-24x36.jpeg 24w, https:\/\/magazinetest.atomic4dev.net\/wp-content\/uploads\/2025\/10\/From-my-image-archive-32x48.jpeg 32w, https:\/\/magazinetest.atomic4dev.net\/wp-content\/uploads\/2025\/10\/From-my-image-archive.jpeg 736w\" sizes=\"auto, (max-width: 683px) 100vw, 683px\" \/><\/figure>\n<\/figure>\n\n\n\n<div style=\"height:20px\" aria-hidden=\"true\" class=\"wp-block-spacer\"><\/div>\n\n\n\n<h5 class=\"has-text-align-center wp-block-heading\" style=\"text-transform:uppercase\"><strong><strong><strong><strong>C\u00f3mo podemos ayudarte<\/strong><\/strong><\/strong><\/strong><\/h5>\n\n\n\n<p class=\"wp-block-paragraph\">En <strong>Go\u2014PopUp<\/strong> te acompa\u00f1amos de principio a fin para que tu marca brille durante la Paris Fashion Week.<\/p>\n\n\n\n<ul class=\"wp-block-list\"><li><strong>Scouting de espacios:<\/strong> acceso exclusivo a los mejores venues de la ciudad, desde galer\u00edas y concept stores hasta rooftops o locales industriales.<\/li><li><strong>Gesti\u00f3n integral:<\/strong> dise\u00f1o, producci\u00f3n, staff, permisos y coordinaci\u00f3n.<\/li><li><strong>Activaciones a medida:<\/strong> pop-ups, showrooms, lanzamientos o eventos privados adaptados a tus objetivos y presupuesto.<\/li><\/ul>\n\n\n\n<p class=\"wp-block-paragraph\">Te ayudamos a transformar una simple presencia en <strong>una experiencia que deje huella<\/strong>.<\/p>\n\n\n\n<div style=\"height:20px\" aria-hidden=\"true\" class=\"wp-block-spacer\"><\/div>\n\n\n\n<figure class=\"wp-block-gallery has-nested-images columns-default is-cropped wp-block-gallery-5 is-layout-flex wp-block-gallery-is-layout-flex\">\n<figure class=\"wp-block-image size-full\"><a href=\"http:\/\/magazinetest.atomic4dev.net\/wp-content\/uploads\/2025\/10\/\ud83d\udd4a.jpeg\"><img loading=\"lazy\" decoding=\"async\" width=\"736\" height=\"902\" data-id=\"23850\" src=\"http:\/\/magazinetest.atomic4dev.net\/wp-content\/uploads\/2025\/10\/\ud83d\udd4a.jpeg\" alt=\"\" class=\"wp-image-23850\" srcset=\"https:\/\/magazinetest.atomic4dev.net\/wp-content\/uploads\/2025\/10\/\ud83d\udd4a.jpeg 736w, https:\/\/magazinetest.atomic4dev.net\/wp-content\/uploads\/2025\/10\/\ud83d\udd4a-245x300.jpeg 245w, https:\/\/magazinetest.atomic4dev.net\/wp-content\/uploads\/2025\/10\/\ud83d\udd4a-20x24.jpeg 20w, https:\/\/magazinetest.atomic4dev.net\/wp-content\/uploads\/2025\/10\/\ud83d\udd4a-29x36.jpeg 29w, https:\/\/magazinetest.atomic4dev.net\/wp-content\/uploads\/2025\/10\/\ud83d\udd4a-39x48.jpeg 39w\" sizes=\"auto, (max-width: 736px) 100vw, 736px\" \/><\/a><\/figure>\n\n\n\n<figure class=\"wp-block-image size-large\"><a href=\"http:\/\/magazinetest.atomic4dev.net\/wp-content\/uploads\/2025\/10\/descarga-2025-10-16T173544.168.jpeg\"><img loading=\"lazy\" decoding=\"async\" width=\"577\" height=\"1024\" data-id=\"23846\" src=\"http:\/\/magazinetest.atomic4dev.net\/wp-content\/uploads\/2025\/10\/descarga-2025-10-16T173544.168-577x1024.jpeg\" alt=\"\" class=\"wp-image-23846\" srcset=\"https:\/\/magazinetest.atomic4dev.net\/wp-content\/uploads\/2025\/10\/descarga-2025-10-16T173544.168-577x1024.jpeg 577w, https:\/\/magazinetest.atomic4dev.net\/wp-content\/uploads\/2025\/10\/descarga-2025-10-16T173544.168-169x300.jpeg 169w, https:\/\/magazinetest.atomic4dev.net\/wp-content\/uploads\/2025\/10\/descarga-2025-10-16T173544.168-14x24.jpeg 14w, https:\/\/magazinetest.atomic4dev.net\/wp-content\/uploads\/2025\/10\/descarga-2025-10-16T173544.168-20x36.jpeg 20w, https:\/\/magazinetest.atomic4dev.net\/wp-content\/uploads\/2025\/10\/descarga-2025-10-16T173544.168-27x48.jpeg 27w, https:\/\/magazinetest.atomic4dev.net\/wp-content\/uploads\/2025\/10\/descarga-2025-10-16T173544.168.jpeg 640w\" sizes=\"auto, (max-width: 577px) 100vw, 577px\" \/><\/a><\/figure>\n<\/figure>\n\n\n\n<div style=\"height:20px\" aria-hidden=\"true\" class=\"wp-block-spacer\"><\/div>\n\n\n\n<h5 class=\"has-text-align-center wp-block-heading\" style=\"text-transform:uppercase\"><strong><strong><strong><strong>EL MOMENTO ES AHORA<\/strong><\/strong><\/strong><\/strong><\/h5>\n\n\n\n<p class=\"has-text-align-center wp-block-paragraph\">Par\u00eds ser\u00e1 el centro del universo fashion del <strong>20 al 29 de enero de 2026<\/strong>.<br>Si est\u00e1s pensando en lanzar un pop-up, evento o activaci\u00f3n de marca, <strong>el momento de actuar es ahora<\/strong>.<\/p>\n\n\n\n<p class=\"has-text-align-center wp-block-paragraph\">Los espacios m\u00e1s exclusivos se reservan con meses de antelaci\u00f3n. No te quedes fuera del calendario m\u00e1s inspirador del a\u00f1o.<\/p>\n\n\n\n<p class=\"wp-block-paragraph\"><\/p>\n\n\n\n<p class=\"has-text-align-center wp-block-paragraph\"><strong>Contacta con nuestro equipo y asegura tu espacio antes de que se agoten.<br><\/strong><em>Tu marca merece estar donde todo sucede.<\/em><\/p>\n\n\n\n<div style=\"height:20px\" aria-hidden=\"true\" class=\"wp-block-spacer\"><\/div>\n\n\n\n<div class=\"wp-block-buttons is-content-justification-center is-layout-flex wp-container-core-buttons-is-layout-fe48e5de wp-block-buttons-is-layout-flex\">\n<div class=\"wp-block-button\"><a class=\"wp-block-button__link\" href=\"https:\/\/app.gopopup.com\/es\/products\/request?openPersonalizedRequest=\" target=\"_blank\" rel=\"noreferrer noopener\">ENV\u00cdA TU CONSULTA AQU\u00cd <\/a><\/div>\n<\/div>\n\n\n\n<div style=\"height:40px\" aria-hidden=\"true\" class=\"wp-block-spacer\"><\/div>\n\n\n\n<p class=\"has-text-align-center wp-block-paragraph\"><strong>O si lo prefieres, visita nuestra selecci\u00f3n de espacios en Par\u00eds, donde encontrar el perfecto para tu marca<\/strong><\/p>\n\n\n\n<div style=\"height:20px\" aria-hidden=\"true\" class=\"wp-block-spacer\"><\/div>\n\n\n\n<div class=\"wp-block-buttons is-content-justification-center is-layout-flex wp-container-core-buttons-is-layout-fe48e5de wp-block-buttons-is-layout-flex\">\n<div class=\"wp-block-button\"><a class=\"wp-block-button__link\" href=\"https:\/\/app.gopopup.com\/en\/collection\/pop-up-stores-paris\" target=\"_blank\" rel=\"noreferrer noopener\">VISITA NUESTROS ESPACIOS EN PAR\u00cdS<\/a><\/div>\n<\/div>\n\n\n\n<div style=\"height:20px\" aria-hidden=\"true\" class=\"wp-block-spacer\"><\/div>\n","protected":false},"excerpt":{"rendered":"<p>\u00a1Y por qu\u00e9 deber\u00edas reservar tu espacio ya! Cada enero, Par\u00eds se convierte en el epicentro de la moda mundial. Dise\u00f1adores, marcas, compradores, prensa y creadores de contenido llenan la ciudad para vivir una de las semanas m\u00e1s influyentes del a\u00f1o: la Paris Fashion Week.Y si hay un momento perfecto para activar tu marca en la capital francesa, es este.. LAS FECHAS QUE DEBES MARCAR EN TU CALENDARIO Paris Fashion Week \u2013 Menswear Fall\/Winter 2026\u20132027: del martes 20 al domingo 25 de enero de 2026 Haute Couture Spring\/Summer 2026: del lunes 26 al jueves 29 de enero de 2026 Dos [&hellip;]<\/p>\n","protected":false},"author":20,"featured_media":23913,"comment_status":"open","ping_status":"open","sticky":false,"template":"","format":"standard","meta":{"footnotes":""},"categories":[77],"tags":[],"class_list":["post-23835","post","type-post","status-publish","format-standard","has-post-thumbnail","hentry","category-trending-es"],"_links":{"self":[{"href":"https:\/\/magazinetest.atomic4dev.net\/es\/wp-json\/wp\/v2\/posts\/23835","targetHints":{"allow":["GET"]}}],"collection":[{"href":"https:\/\/magazinetest.atomic4dev.net\/es\/wp-json\/wp\/v2\/posts"}],"about":[{"href":"https:\/\/magazinetest.atomic4dev.net\/es\/wp-json\/wp\/v2\/types\/post"}],"author":[{"embeddable":true,"href":"https:\/\/magazinetest.atomic4dev.net\/es\/wp-json\/wp\/v2\/users\/20"}],"replies":[{"embeddable":true,"href":"https:\/\/magazinetest.atomic4dev.net\/es\/wp-json\/wp\/v2\/comments?post=23835"}],"version-history":[{"count":6,"href":"https:\/\/magazinetest.atomic4dev.net\/es\/wp-json\/wp\/v2\/posts\/23835\/revisions"}],"predecessor-version":[{"id":23919,"href":"https:\/\/magazinetest.atomic4dev.net\/es\/wp-json\/wp\/v2\/posts\/23835\/revisions\/23919"}],"wp:featuredmedia":[{"embeddable":true,"href":"https:\/\/magazinetest.atomic4dev.net\/es\/wp-json\/wp\/v2\/media\/23913"}],"wp:attachment":[{"href":"https:\/\/magazinetest.atomic4dev.net\/es\/wp-json\/wp\/v2\/media?parent=23835"}],"wp:term":[{"taxonomy":"category","embeddable":true,"href":"https:\/\/magazinetest.atomic4dev.net\/es\/wp-json\/wp\/v2\/categories?post=23835"},{"taxonomy":"post_tag","embeddable":true,"href":"https:\/\/magazinetest.atomic4dev.net\/es\/wp-json\/wp\/v2\/tags?post=23835"}],"curies":[{"name":"wp","href":"https:\/\/api.w.org\/{rel}","templated":true}]}}