{"id":22487,"date":"2024-10-15T19:08:03","date_gmt":"2024-10-15T17:08:03","guid":{"rendered":"https:\/\/magazinetest.atomic4dev.net\/?p=22487"},"modified":"2026-06-29T13:52:48","modified_gmt":"2026-06-29T11:52:48","slug":"los-eventos-mas-importantes-de-europa-en-el-primer-trimestre-de-2025-asegura-tu-presencia-y-muestra-tu-marca","status":"publish","type":"post","link":"https:\/\/magazinetest.atomic4dev.net\/es\/los-eventos-mas-importantes-de-europa-en-el-primer-trimestre-de-2025-asegura-tu-presencia-y-muestra-tu-marca\/","title":{"rendered":"Los eventos m\u00e1s importantes de Europa en el primer trimestre de 2025: \u00a1Asegura tu presencia y muestra tu marca!"},"content":{"rendered":"\n<div style=\"height:20px\" aria-hidden=\"true\" class=\"wp-block-spacer\"><\/div>\n\n\n\n<p class=\"wp-block-paragraph\"><\/p>\n\n\n\n<p class=\"wp-block-paragraph\"><strong>El 2025 trae consigo una serie de eventos en Europa que no solo son el centro de atenci\u00f3n de industrias clave, sino que tambi\u00e9n representan una oportunidad dorada para marcas, empresas y emprendedores. Si quieres que tu marca destaque, estos eventos son el lugar perfecto para lanzar productos, abrir pop-up stores, y crear experiencias memorables. En este art\u00edculo, te presentamos los eventos m\u00e1s relevantes del primer trimestre de 2025 y c\u00f3mo puedes aprovecharlos para aumentar la visibilidad de tu negocio.<\/strong><\/p>\n\n\n\n<p class=\"wp-block-paragraph\"><\/p>\n\n\n\n<p class=\"wp-block-paragraph\"><\/p>\n\n\n\n<div style=\"height:20px\" aria-hidden=\"true\" class=\"wp-block-spacer\"><\/div>\n\n\n\n<h4 class=\"has-text-align-center wp-block-heading\" style=\"text-transform:uppercase\"><mark style=\"background-color:#abb8c3\" class=\"has-inline-color has-black-color\">  <strong>  Eventos Relevantes en Europa para el Primer Trimestre de 2025  <\/strong> <\/mark><\/h4>\n\n\n\n<h4 class=\"has-text-align-center wp-block-heading\" style=\"text-transform:uppercase\"><strong><strong><strong>Semana de la Moda de Par\u00eds (24 febrero &#8211; 4 marzo 2025, Par\u00eds, Francia)<\/strong><\/strong><\/strong><\/h4>\n\n\n\n<p class=\"wp-block-paragraph\">Este evento de alta costura es la plataforma perfecta para marcas de lujo y dise\u00f1adores que desean lanzar sus \u00faltimas colecciones. Con la participaci\u00f3n de los nombres m\u00e1s importantes de la moda, un espacio pop-up en esta semana puede ayudarte a posicionar tu marca entre los m\u00e1s grandes del sector.<\/p>\n\n\n\n<div style=\"height:40px\" aria-hidden=\"true\" class=\"wp-block-spacer\"><\/div>\n\n\n\n<figure class=\"wp-block-gallery has-nested-images columns-default is-cropped wp-block-gallery-1 is-layout-flex wp-block-gallery-is-layout-flex\">\n<figure class=\"wp-block-image size-large\"><a href=\"http:\/\/magazinetest.atomic4dev.net\/wp-content\/uploads\/2024\/10\/Another-View-of-the-Spring-2022-Shows-at-Paris-Fashion-Week.jpeg\"><img loading=\"lazy\" decoding=\"async\" width=\"683\" height=\"1024\" data-id=\"22490\" src=\"http:\/\/magazinetest.atomic4dev.net\/wp-content\/uploads\/2024\/10\/Another-View-of-the-Spring-2022-Shows-at-Paris-Fashion-Week-683x1024.jpeg\" alt=\"\" class=\"wp-image-22490\" srcset=\"https:\/\/magazinetest.atomic4dev.net\/wp-content\/uploads\/2024\/10\/Another-View-of-the-Spring-2022-Shows-at-Paris-Fashion-Week-683x1024.jpeg 683w, https:\/\/magazinetest.atomic4dev.net\/wp-content\/uploads\/2024\/10\/Another-View-of-the-Spring-2022-Shows-at-Paris-Fashion-Week-200x300.jpeg 200w, https:\/\/magazinetest.atomic4dev.net\/wp-content\/uploads\/2024\/10\/Another-View-of-the-Spring-2022-Shows-at-Paris-Fashion-Week-16x24.jpeg 16w, https:\/\/magazinetest.atomic4dev.net\/wp-content\/uploads\/2024\/10\/Another-View-of-the-Spring-2022-Shows-at-Paris-Fashion-Week-24x36.jpeg 24w, https:\/\/magazinetest.atomic4dev.net\/wp-content\/uploads\/2024\/10\/Another-View-of-the-Spring-2022-Shows-at-Paris-Fashion-Week-32x48.jpeg 32w, https:\/\/magazinetest.atomic4dev.net\/wp-content\/uploads\/2024\/10\/Another-View-of-the-Spring-2022-Shows-at-Paris-Fashion-Week.jpeg 736w\" sizes=\"auto, (max-width: 683px) 100vw, 683px\" \/><\/a><\/figure>\n\n\n\n<figure class=\"wp-block-image size-large\"><a href=\"http:\/\/magazinetest.atomic4dev.net\/wp-content\/uploads\/2024\/10\/Chanel-Built-A-New-Eiffel-Tower-For-Its-Fall-2017-Couture-Show.jpeg\"><img loading=\"lazy\" decoding=\"async\" width=\"683\" height=\"1024\" data-id=\"22491\" src=\"http:\/\/magazinetest.atomic4dev.net\/wp-content\/uploads\/2024\/10\/Chanel-Built-A-New-Eiffel-Tower-For-Its-Fall-2017-Couture-Show-683x1024.jpeg\" alt=\"\" class=\"wp-image-22491\" srcset=\"https:\/\/magazinetest.atomic4dev.net\/wp-content\/uploads\/2024\/10\/Chanel-Built-A-New-Eiffel-Tower-For-Its-Fall-2017-Couture-Show-683x1024.jpeg 683w, https:\/\/magazinetest.atomic4dev.net\/wp-content\/uploads\/2024\/10\/Chanel-Built-A-New-Eiffel-Tower-For-Its-Fall-2017-Couture-Show-200x300.jpeg 200w, https:\/\/magazinetest.atomic4dev.net\/wp-content\/uploads\/2024\/10\/Chanel-Built-A-New-Eiffel-Tower-For-Its-Fall-2017-Couture-Show-16x24.jpeg 16w, https:\/\/magazinetest.atomic4dev.net\/wp-content\/uploads\/2024\/10\/Chanel-Built-A-New-Eiffel-Tower-For-Its-Fall-2017-Couture-Show-24x36.jpeg 24w, https:\/\/magazinetest.atomic4dev.net\/wp-content\/uploads\/2024\/10\/Chanel-Built-A-New-Eiffel-Tower-For-Its-Fall-2017-Couture-Show-32x48.jpeg 32w, https:\/\/magazinetest.atomic4dev.net\/wp-content\/uploads\/2024\/10\/Chanel-Built-A-New-Eiffel-Tower-For-Its-Fall-2017-Couture-Show.jpeg 736w\" sizes=\"auto, (max-width: 683px) 100vw, 683px\" \/><\/a><\/figure>\n<\/figure>\n\n\n\n<div style=\"height:40px\" aria-hidden=\"true\" class=\"wp-block-spacer\"><\/div>\n\n\n\n<h4 class=\"has-text-align-center wp-block-heading\" style=\"text-transform:uppercase\">Mobile World Congress (24 &#8211; 27 febrero 2025, Barcelona, Espa\u00f1a)<\/h4>\n\n\n\n<p class=\"wp-block-paragraph\">El evento tecnol\u00f3gico m\u00e1s grande del mundo es ideal para las marcas que desean presentar sus innovaciones tecnol\u00f3gicas. Desde stands interactivos hasta lanzamientos de productos y presentaciones, este evento es un trampol\u00edn hacia el \u00e9xito en el competitivo mundo de la tecnolog\u00eda.<\/p>\n\n\n\n<div style=\"height:40px\" aria-hidden=\"true\" class=\"wp-block-spacer\"><\/div>\n\n\n\n<figure class=\"wp-block-gallery has-nested-images columns-default is-cropped wp-block-gallery-2 is-layout-flex wp-block-gallery-is-layout-flex\">\n<figure class=\"wp-block-image size-full\"><a href=\"http:\/\/magazinetest.atomic4dev.net\/wp-content\/uploads\/2024\/10\/Fans-activity.jpeg\"><img loading=\"lazy\" decoding=\"async\" width=\"640\" height=\"960\" data-id=\"22492\" src=\"http:\/\/magazinetest.atomic4dev.net\/wp-content\/uploads\/2024\/10\/Fans-activity.jpeg\" alt=\"\" class=\"wp-image-22492\" srcset=\"https:\/\/magazinetest.atomic4dev.net\/wp-content\/uploads\/2024\/10\/Fans-activity.jpeg 640w, https:\/\/magazinetest.atomic4dev.net\/wp-content\/uploads\/2024\/10\/Fans-activity-200x300.jpeg 200w, https:\/\/magazinetest.atomic4dev.net\/wp-content\/uploads\/2024\/10\/Fans-activity-16x24.jpeg 16w, https:\/\/magazinetest.atomic4dev.net\/wp-content\/uploads\/2024\/10\/Fans-activity-24x36.jpeg 24w, https:\/\/magazinetest.atomic4dev.net\/wp-content\/uploads\/2024\/10\/Fans-activity-32x48.jpeg 32w\" sizes=\"auto, (max-width: 640px) 100vw, 640px\" \/><\/a><\/figure>\n\n\n\n<figure class=\"wp-block-image size-large\"><a href=\"http:\/\/magazinetest.atomic4dev.net\/wp-content\/uploads\/2024\/10\/Stands-by-Servis-Mobile-World-Congress-2014\u2026.jpeg\"><img loading=\"lazy\" decoding=\"async\" width=\"683\" height=\"1024\" data-id=\"22493\" src=\"http:\/\/magazinetest.atomic4dev.net\/wp-content\/uploads\/2024\/10\/Stands-by-Servis-Mobile-World-Congress-2014\u2026-683x1024.jpeg\" alt=\"\" class=\"wp-image-22493\" srcset=\"https:\/\/magazinetest.atomic4dev.net\/wp-content\/uploads\/2024\/10\/Stands-by-Servis-Mobile-World-Congress-2014\u2026-683x1024.jpeg 683w, https:\/\/magazinetest.atomic4dev.net\/wp-content\/uploads\/2024\/10\/Stands-by-Servis-Mobile-World-Congress-2014\u2026-200x300.jpeg 200w, https:\/\/magazinetest.atomic4dev.net\/wp-content\/uploads\/2024\/10\/Stands-by-Servis-Mobile-World-Congress-2014\u2026-16x24.jpeg 16w, https:\/\/magazinetest.atomic4dev.net\/wp-content\/uploads\/2024\/10\/Stands-by-Servis-Mobile-World-Congress-2014\u2026-24x36.jpeg 24w, https:\/\/magazinetest.atomic4dev.net\/wp-content\/uploads\/2024\/10\/Stands-by-Servis-Mobile-World-Congress-2014\u2026-32x48.jpeg 32w, https:\/\/magazinetest.atomic4dev.net\/wp-content\/uploads\/2024\/10\/Stands-by-Servis-Mobile-World-Congress-2014\u2026.jpeg 736w\" sizes=\"auto, (max-width: 683px) 100vw, 683px\" \/><\/a><\/figure>\n<\/figure>\n\n\n\n<div style=\"height:40px\" aria-hidden=\"true\" class=\"wp-block-spacer\"><\/div>\n\n\n\n<h4 class=\"has-text-align-center wp-block-heading\" style=\"text-transform:uppercase\"><strong>ISE \u2013 Integrated Systems Europe (14 &#8211; 17 enero 2025, Barcelona, Espa\u00f1a)<\/strong><\/h4>\n\n\n\n<p class=\"wp-block-paragraph\">Si tu marca est\u00e1 en el sector audiovisual, no puedes perderte ISE. Este evento ofrece la oportunidad de mostrar tus productos en espacios din\u00e1micos e interactivos. Es el lugar perfecto para captar la atenci\u00f3n de los l\u00edderes de la industria y establecer nuevas relaciones comerciales.<\/p>\n\n\n\n<div style=\"height:40px\" aria-hidden=\"true\" class=\"wp-block-spacer\"><\/div>\n\n\n\n<figure class=\"wp-block-gallery has-nested-images columns-default is-cropped wp-block-gallery-3 is-layout-flex wp-block-gallery-is-layout-flex\">\n<figure class=\"wp-block-image size-large\"><a href=\"http:\/\/magazinetest.atomic4dev.net\/wp-content\/uploads\/2024\/10\/NEC-_-ISE-_-AMSTERDAM-2020.jpeg\"><img loading=\"lazy\" decoding=\"async\" width=\"683\" height=\"1024\" data-id=\"22495\" src=\"http:\/\/magazinetest.atomic4dev.net\/wp-content\/uploads\/2024\/10\/NEC-_-ISE-_-AMSTERDAM-2020-683x1024.jpeg\" alt=\"\" class=\"wp-image-22495\" srcset=\"https:\/\/magazinetest.atomic4dev.net\/wp-content\/uploads\/2024\/10\/NEC-_-ISE-_-AMSTERDAM-2020-683x1024.jpeg 683w, https:\/\/magazinetest.atomic4dev.net\/wp-content\/uploads\/2024\/10\/NEC-_-ISE-_-AMSTERDAM-2020-200x300.jpeg 200w, https:\/\/magazinetest.atomic4dev.net\/wp-content\/uploads\/2024\/10\/NEC-_-ISE-_-AMSTERDAM-2020-16x24.jpeg 16w, https:\/\/magazinetest.atomic4dev.net\/wp-content\/uploads\/2024\/10\/NEC-_-ISE-_-AMSTERDAM-2020-24x36.jpeg 24w, https:\/\/magazinetest.atomic4dev.net\/wp-content\/uploads\/2024\/10\/NEC-_-ISE-_-AMSTERDAM-2020-32x48.jpeg 32w, https:\/\/magazinetest.atomic4dev.net\/wp-content\/uploads\/2024\/10\/NEC-_-ISE-_-AMSTERDAM-2020.jpeg 736w\" sizes=\"auto, (max-width: 683px) 100vw, 683px\" \/><\/a><\/figure>\n\n\n\n<figure class=\"wp-block-image size-full\"><a href=\"http:\/\/magazinetest.atomic4dev.net\/wp-content\/uploads\/2024\/10\/PARTTEAM-OEMKIOSKS-at-Integrated-Systems-Europe-ISE-2018-_-PARTTEAM-OEMKIOSKS.jpeg\"><img loading=\"lazy\" decoding=\"async\" width=\"736\" height=\"736\" data-id=\"22496\" src=\"http:\/\/magazinetest.atomic4dev.net\/wp-content\/uploads\/2024\/10\/PARTTEAM-OEMKIOSKS-at-Integrated-Systems-Europe-ISE-2018-_-PARTTEAM-OEMKIOSKS.jpeg\" alt=\"\" class=\"wp-image-22496\" srcset=\"https:\/\/magazinetest.atomic4dev.net\/wp-content\/uploads\/2024\/10\/PARTTEAM-OEMKIOSKS-at-Integrated-Systems-Europe-ISE-2018-_-PARTTEAM-OEMKIOSKS.jpeg 736w, https:\/\/magazinetest.atomic4dev.net\/wp-content\/uploads\/2024\/10\/PARTTEAM-OEMKIOSKS-at-Integrated-Systems-Europe-ISE-2018-_-PARTTEAM-OEMKIOSKS-300x300.jpeg 300w, https:\/\/magazinetest.atomic4dev.net\/wp-content\/uploads\/2024\/10\/PARTTEAM-OEMKIOSKS-at-Integrated-Systems-Europe-ISE-2018-_-PARTTEAM-OEMKIOSKS-150x150.jpeg 150w, https:\/\/magazinetest.atomic4dev.net\/wp-content\/uploads\/2024\/10\/PARTTEAM-OEMKIOSKS-at-Integrated-Systems-Europe-ISE-2018-_-PARTTEAM-OEMKIOSKS-650x650.jpeg 650w, https:\/\/magazinetest.atomic4dev.net\/wp-content\/uploads\/2024\/10\/PARTTEAM-OEMKIOSKS-at-Integrated-Systems-Europe-ISE-2018-_-PARTTEAM-OEMKIOSKS-24x24.jpeg 24w, https:\/\/magazinetest.atomic4dev.net\/wp-content\/uploads\/2024\/10\/PARTTEAM-OEMKIOSKS-at-Integrated-Systems-Europe-ISE-2018-_-PARTTEAM-OEMKIOSKS-36x36.jpeg 36w, https:\/\/magazinetest.atomic4dev.net\/wp-content\/uploads\/2024\/10\/PARTTEAM-OEMKIOSKS-at-Integrated-Systems-Europe-ISE-2018-_-PARTTEAM-OEMKIOSKS-48x48.jpeg 48w\" sizes=\"auto, (max-width: 736px) 100vw, 736px\" \/><\/a><\/figure>\n<\/figure>\n\n\n\n<div style=\"height:40px\" aria-hidden=\"true\" class=\"wp-block-spacer\"><\/div>\n\n\n\n<h4 class=\"has-text-align-center wp-block-heading\" style=\"text-transform:uppercase\"><strong>FITUR \u2013 Feria Internacional del Turismo (22 &#8211; 26 enero 2025, Madrid, Espa\u00f1a)<\/strong><\/h4>\n\n\n\n<p class=\"wp-block-paragraph\">Con empresas de turismo y servicios relacionados de todo el mundo, FITUR es el escenario ideal para lanzar nuevos productos tur\u00edsticos, realizar networking, y asegurar colaboraciones estrat\u00e9gicas. Un espacio bien seleccionado para un pop-up store puede ser clave para captar la atenci\u00f3n de compradores y visitantes internacionales.<\/p>\n\n\n\n<div style=\"height:40px\" aria-hidden=\"true\" class=\"wp-block-spacer\"><\/div>\n\n\n\n<figure class=\"wp-block-gallery has-nested-images columns-default is-cropped wp-block-gallery-4 is-layout-flex wp-block-gallery-is-layout-flex\">\n<figure class=\"wp-block-image size-full\"><a href=\"http:\/\/magazinetest.atomic4dev.net\/wp-content\/uploads\/2024\/10\/Stand-TurismoAlmonte-RocioJubilar-Fitur2013.jpeg\"><img loading=\"lazy\" decoding=\"async\" width=\"600\" height=\"800\" data-id=\"22498\" src=\"http:\/\/magazinetest.atomic4dev.net\/wp-content\/uploads\/2024\/10\/Stand-TurismoAlmonte-RocioJubilar-Fitur2013.jpeg\" alt=\"\" class=\"wp-image-22498\" srcset=\"https:\/\/magazinetest.atomic4dev.net\/wp-content\/uploads\/2024\/10\/Stand-TurismoAlmonte-RocioJubilar-Fitur2013.jpeg 600w, https:\/\/magazinetest.atomic4dev.net\/wp-content\/uploads\/2024\/10\/Stand-TurismoAlmonte-RocioJubilar-Fitur2013-225x300.jpeg 225w, https:\/\/magazinetest.atomic4dev.net\/wp-content\/uploads\/2024\/10\/Stand-TurismoAlmonte-RocioJubilar-Fitur2013-18x24.jpeg 18w, https:\/\/magazinetest.atomic4dev.net\/wp-content\/uploads\/2024\/10\/Stand-TurismoAlmonte-RocioJubilar-Fitur2013-27x36.jpeg 27w, https:\/\/magazinetest.atomic4dev.net\/wp-content\/uploads\/2024\/10\/Stand-TurismoAlmonte-RocioJubilar-Fitur2013-36x48.jpeg 36w\" sizes=\"auto, (max-width: 600px) 100vw, 600px\" \/><\/a><\/figure>\n\n\n\n<figure class=\"wp-block-image size-full\"><a href=\"http:\/\/magazinetest.atomic4dev.net\/wp-content\/uploads\/2024\/10\/Como-se-hizo-el-tunel-de-Korea-en-FITUR-2020-1.jpeg\"><img loading=\"lazy\" decoding=\"async\" width=\"736\" height=\"736\" data-id=\"22500\" src=\"http:\/\/magazinetest.atomic4dev.net\/wp-content\/uploads\/2024\/10\/Como-se-hizo-el-tunel-de-Korea-en-FITUR-2020-1.jpeg\" alt=\"\" class=\"wp-image-22500\" srcset=\"https:\/\/magazinetest.atomic4dev.net\/wp-content\/uploads\/2024\/10\/Como-se-hizo-el-tunel-de-Korea-en-FITUR-2020-1.jpeg 736w, https:\/\/magazinetest.atomic4dev.net\/wp-content\/uploads\/2024\/10\/Como-se-hizo-el-tunel-de-Korea-en-FITUR-2020-1-300x300.jpeg 300w, https:\/\/magazinetest.atomic4dev.net\/wp-content\/uploads\/2024\/10\/Como-se-hizo-el-tunel-de-Korea-en-FITUR-2020-1-150x150.jpeg 150w, https:\/\/magazinetest.atomic4dev.net\/wp-content\/uploads\/2024\/10\/Como-se-hizo-el-tunel-de-Korea-en-FITUR-2020-1-650x650.jpeg 650w, https:\/\/magazinetest.atomic4dev.net\/wp-content\/uploads\/2024\/10\/Como-se-hizo-el-tunel-de-Korea-en-FITUR-2020-1-24x24.jpeg 24w, https:\/\/magazinetest.atomic4dev.net\/wp-content\/uploads\/2024\/10\/Como-se-hizo-el-tunel-de-Korea-en-FITUR-2020-1-36x36.jpeg 36w, https:\/\/magazinetest.atomic4dev.net\/wp-content\/uploads\/2024\/10\/Como-se-hizo-el-tunel-de-Korea-en-FITUR-2020-1-48x48.jpeg 48w\" sizes=\"auto, (max-width: 736px) 100vw, 736px\" \/><\/a><\/figure>\n<\/figure>\n\n\n\n<div style=\"height:40px\" aria-hidden=\"true\" class=\"wp-block-spacer\"><\/div>\n\n\n\n<h4 class=\"has-text-align-center wp-block-heading\" style=\"text-transform:uppercase\"><strong>Sal\u00f3n Internacional del Autom\u00f3vil de Ginebra (6 &#8211; 16 marzo 2025, Ginebra, Suiza)<\/strong><\/h4>\n\n\n\n<p class=\"wp-block-paragraph\">Uno de los eventos m\u00e1s prestigiosos del sector automotriz. Las marcas automotrices y tecnol\u00f3gicas pueden aprovechar los stands para exhibir sus \u00faltimos avances y veh\u00edculos en un entorno que atrae tanto a la prensa internacional como a los compradores de alto nivel.<\/p>\n\n\n\n<div style=\"height:40px\" aria-hidden=\"true\" class=\"wp-block-spacer\"><\/div>\n\n\n\n<figure class=\"wp-block-gallery has-nested-images columns-default is-cropped wp-block-gallery-5 is-layout-flex wp-block-gallery-is-layout-flex\">\n<figure class=\"wp-block-image size-full\"><a href=\"http:\/\/magazinetest.atomic4dev.net\/wp-content\/uploads\/2024\/10\/Paris-2016_-el-encuentro-entre-la-razon-y-la-emocion.jpeg\"><img loading=\"lazy\" decoding=\"async\" width=\"736\" height=\"507\" data-id=\"22501\" src=\"http:\/\/magazinetest.atomic4dev.net\/wp-content\/uploads\/2024\/10\/Paris-2016_-el-encuentro-entre-la-razon-y-la-emocion.jpeg\" alt=\"\" class=\"wp-image-22501\" srcset=\"https:\/\/magazinetest.atomic4dev.net\/wp-content\/uploads\/2024\/10\/Paris-2016_-el-encuentro-entre-la-razon-y-la-emocion.jpeg 736w, https:\/\/magazinetest.atomic4dev.net\/wp-content\/uploads\/2024\/10\/Paris-2016_-el-encuentro-entre-la-razon-y-la-emocion-300x207.jpeg 300w, https:\/\/magazinetest.atomic4dev.net\/wp-content\/uploads\/2024\/10\/Paris-2016_-el-encuentro-entre-la-razon-y-la-emocion-24x17.jpeg 24w, https:\/\/magazinetest.atomic4dev.net\/wp-content\/uploads\/2024\/10\/Paris-2016_-el-encuentro-entre-la-razon-y-la-emocion-36x25.jpeg 36w, https:\/\/magazinetest.atomic4dev.net\/wp-content\/uploads\/2024\/10\/Paris-2016_-el-encuentro-entre-la-razon-y-la-emocion-48x33.jpeg 48w\" sizes=\"auto, (max-width: 736px) 100vw, 736px\" \/><\/a><\/figure>\n\n\n\n<figure class=\"wp-block-image size-full\"><a href=\"http:\/\/magazinetest.atomic4dev.net\/wp-content\/uploads\/2024\/10\/Estos-dias-se-celebra-el-salon-del-automovil\u2026.jpeg\"><img loading=\"lazy\" decoding=\"async\" width=\"400\" height=\"400\" data-id=\"22502\" src=\"http:\/\/magazinetest.atomic4dev.net\/wp-content\/uploads\/2024\/10\/Estos-dias-se-celebra-el-salon-del-automovil\u2026.jpeg\" alt=\"\" class=\"wp-image-22502\" srcset=\"https:\/\/magazinetest.atomic4dev.net\/wp-content\/uploads\/2024\/10\/Estos-dias-se-celebra-el-salon-del-automovil\u2026.jpeg 400w, https:\/\/magazinetest.atomic4dev.net\/wp-content\/uploads\/2024\/10\/Estos-dias-se-celebra-el-salon-del-automovil\u2026-300x300.jpeg 300w, https:\/\/magazinetest.atomic4dev.net\/wp-content\/uploads\/2024\/10\/Estos-dias-se-celebra-el-salon-del-automovil\u2026-150x150.jpeg 150w, https:\/\/magazinetest.atomic4dev.net\/wp-content\/uploads\/2024\/10\/Estos-dias-se-celebra-el-salon-del-automovil\u2026-24x24.jpeg 24w, https:\/\/magazinetest.atomic4dev.net\/wp-content\/uploads\/2024\/10\/Estos-dias-se-celebra-el-salon-del-automovil\u2026-36x36.jpeg 36w, https:\/\/magazinetest.atomic4dev.net\/wp-content\/uploads\/2024\/10\/Estos-dias-se-celebra-el-salon-del-automovil\u2026-48x48.jpeg 48w\" sizes=\"auto, (max-width: 400px) 100vw, 400px\" \/><\/a><\/figure>\n<\/figure>\n\n\n\n<div style=\"height:40px\" aria-hidden=\"true\" class=\"wp-block-spacer\"><\/div>\n\n\n\n<h4 class=\"has-text-align-center wp-block-heading\" style=\"text-transform:uppercase\">s<strong>emana de la Moda de Mil\u00e1n (19 &#8211; 25 febrero 2025, Mil\u00e1n, Italia)<\/strong><\/h4>\n\n\n\n<p class=\"wp-block-paragraph\">Otra cita ineludible para las marcas de moda. El alquiler de espacios para desfiles y pop-up stores es una excelente manera de conectar con la \u00e9lite de la industria en una de las capitales mundiales del dise\u00f1o y la moda.<\/p>\n\n\n\n<div style=\"height:40px\" aria-hidden=\"true\" class=\"wp-block-spacer\"><\/div>\n\n\n\n<figure class=\"wp-block-gallery has-nested-images columns-default is-cropped wp-block-gallery-6 is-layout-flex wp-block-gallery-is-layout-flex\">\n<figure class=\"wp-block-image size-full\"><a href=\"http:\/\/magazinetest.atomic4dev.net\/wp-content\/uploads\/2024\/10\/milano-fashion-week.jpeg\"><img loading=\"lazy\" decoding=\"async\" width=\"736\" height=\"912\" data-id=\"22503\" src=\"http:\/\/magazinetest.atomic4dev.net\/wp-content\/uploads\/2024\/10\/milano-fashion-week.jpeg\" alt=\"\" class=\"wp-image-22503\" srcset=\"https:\/\/magazinetest.atomic4dev.net\/wp-content\/uploads\/2024\/10\/milano-fashion-week.jpeg 736w, https:\/\/magazinetest.atomic4dev.net\/wp-content\/uploads\/2024\/10\/milano-fashion-week-242x300.jpeg 242w, https:\/\/magazinetest.atomic4dev.net\/wp-content\/uploads\/2024\/10\/milano-fashion-week-19x24.jpeg 19w, https:\/\/magazinetest.atomic4dev.net\/wp-content\/uploads\/2024\/10\/milano-fashion-week-29x36.jpeg 29w, https:\/\/magazinetest.atomic4dev.net\/wp-content\/uploads\/2024\/10\/milano-fashion-week-39x48.jpeg 39w\" sizes=\"auto, (max-width: 736px) 100vw, 736px\" \/><\/a><\/figure>\n\n\n\n<figure class=\"wp-block-image size-full\"><a href=\"http:\/\/magazinetest.atomic4dev.net\/wp-content\/uploads\/2024\/10\/\u2661.jpeg\"><img loading=\"lazy\" decoding=\"async\" width=\"736\" height=\"827\" data-id=\"22504\" src=\"http:\/\/magazinetest.atomic4dev.net\/wp-content\/uploads\/2024\/10\/\u2661.jpeg\" alt=\"\" class=\"wp-image-22504\" srcset=\"https:\/\/magazinetest.atomic4dev.net\/wp-content\/uploads\/2024\/10\/\u2661.jpeg 736w, https:\/\/magazinetest.atomic4dev.net\/wp-content\/uploads\/2024\/10\/\u2661-267x300.jpeg 267w, https:\/\/magazinetest.atomic4dev.net\/wp-content\/uploads\/2024\/10\/\u2661-21x24.jpeg 21w, https:\/\/magazinetest.atomic4dev.net\/wp-content\/uploads\/2024\/10\/\u2661-32x36.jpeg 32w, https:\/\/magazinetest.atomic4dev.net\/wp-content\/uploads\/2024\/10\/\u2661-43x48.jpeg 43w\" sizes=\"auto, (max-width: 736px) 100vw, 736px\" \/><\/a><\/figure>\n<\/figure>\n\n\n\n<div style=\"height:40px\" aria-hidden=\"true\" class=\"wp-block-spacer\"><\/div>\n\n\n\n<h4 class=\"has-text-align-center wp-block-heading\" style=\"text-transform:uppercase\"><strong>Cosmoprof Worldwide Bologna (13 &#8211; 17 marzo 2025, Bolonia, Italia)<\/strong><\/h4>\n\n\n\n<p class=\"wp-block-paragraph\">Este evento es el punto de encuentro para los profesionales del sector cosm\u00e9tico. Aqu\u00ed, las marcas de belleza y cuidado personal pueden realizar lanzamientos de productos, crear stands interactivos y organizar experiencias pop-up que capturen a los consumidores y distribuidores internacionales.<br><\/p>\n\n\n\n<div style=\"height:40px\" aria-hidden=\"true\" class=\"wp-block-spacer\"><\/div>\n\n\n\n<p class=\"wp-block-paragraph\"><\/p>\n\n\n\n<figure class=\"wp-block-gallery has-nested-images columns-default is-cropped wp-block-gallery-7 is-layout-flex wp-block-gallery-is-layout-flex\">\n<figure class=\"wp-block-image size-full\"><a href=\"http:\/\/magazinetest.atomic4dev.net\/wp-content\/uploads\/2024\/10\/Arrivederci-Cosmoprof-Chiude-con-successo-la-53\u00b0-edizione-della-manifestazione-dedicata-alla-cosmetica.jpeg\"><img loading=\"lazy\" decoding=\"async\" width=\"736\" height=\"736\" data-id=\"22505\" src=\"http:\/\/magazinetest.atomic4dev.net\/wp-content\/uploads\/2024\/10\/Arrivederci-Cosmoprof-Chiude-con-successo-la-53\u00b0-edizione-della-manifestazione-dedicata-alla-cosmetica.jpeg\" alt=\"\" class=\"wp-image-22505\" srcset=\"https:\/\/magazinetest.atomic4dev.net\/wp-content\/uploads\/2024\/10\/Arrivederci-Cosmoprof-Chiude-con-successo-la-53\u00b0-edizione-della-manifestazione-dedicata-alla-cosmetica.jpeg 736w, https:\/\/magazinetest.atomic4dev.net\/wp-content\/uploads\/2024\/10\/Arrivederci-Cosmoprof-Chiude-con-successo-la-53\u00b0-edizione-della-manifestazione-dedicata-alla-cosmetica-300x300.jpeg 300w, https:\/\/magazinetest.atomic4dev.net\/wp-content\/uploads\/2024\/10\/Arrivederci-Cosmoprof-Chiude-con-successo-la-53\u00b0-edizione-della-manifestazione-dedicata-alla-cosmetica-150x150.jpeg 150w, https:\/\/magazinetest.atomic4dev.net\/wp-content\/uploads\/2024\/10\/Arrivederci-Cosmoprof-Chiude-con-successo-la-53\u00b0-edizione-della-manifestazione-dedicata-alla-cosmetica-650x650.jpeg 650w, https:\/\/magazinetest.atomic4dev.net\/wp-content\/uploads\/2024\/10\/Arrivederci-Cosmoprof-Chiude-con-successo-la-53\u00b0-edizione-della-manifestazione-dedicata-alla-cosmetica-24x24.jpeg 24w, https:\/\/magazinetest.atomic4dev.net\/wp-content\/uploads\/2024\/10\/Arrivederci-Cosmoprof-Chiude-con-successo-la-53\u00b0-edizione-della-manifestazione-dedicata-alla-cosmetica-36x36.jpeg 36w, https:\/\/magazinetest.atomic4dev.net\/wp-content\/uploads\/2024\/10\/Arrivederci-Cosmoprof-Chiude-con-successo-la-53\u00b0-edizione-della-manifestazione-dedicata-alla-cosmetica-48x48.jpeg 48w\" sizes=\"auto, (max-width: 736px) 100vw, 736px\" \/><\/a><\/figure>\n\n\n\n<figure class=\"wp-block-image size-full\"><a href=\"http:\/\/magazinetest.atomic4dev.net\/wp-content\/uploads\/2024\/10\/Cosmoprof-Worldwide-Bologna-2023.jpeg\"><img loading=\"lazy\" decoding=\"async\" width=\"736\" height=\"981\" data-id=\"22506\" src=\"http:\/\/magazinetest.atomic4dev.net\/wp-content\/uploads\/2024\/10\/Cosmoprof-Worldwide-Bologna-2023.jpeg\" alt=\"\" class=\"wp-image-22506\" srcset=\"https:\/\/magazinetest.atomic4dev.net\/wp-content\/uploads\/2024\/10\/Cosmoprof-Worldwide-Bologna-2023.jpeg 736w, https:\/\/magazinetest.atomic4dev.net\/wp-content\/uploads\/2024\/10\/Cosmoprof-Worldwide-Bologna-2023-225x300.jpeg 225w, https:\/\/magazinetest.atomic4dev.net\/wp-content\/uploads\/2024\/10\/Cosmoprof-Worldwide-Bologna-2023-18x24.jpeg 18w, https:\/\/magazinetest.atomic4dev.net\/wp-content\/uploads\/2024\/10\/Cosmoprof-Worldwide-Bologna-2023-27x36.jpeg 27w, https:\/\/magazinetest.atomic4dev.net\/wp-content\/uploads\/2024\/10\/Cosmoprof-Worldwide-Bologna-2023-36x48.jpeg 36w\" sizes=\"auto, (max-width: 736px) 100vw, 736px\" \/><\/a><\/figure>\n<\/figure>\n\n\n\n<div style=\"height:40px\" aria-hidden=\"true\" class=\"wp-block-spacer\"><\/div>\n\n\n\n<h4 class=\"has-text-align-center wp-block-heading\" style=\"text-transform:uppercase\"><strong>World Retail Congress (25 &#8211; 27 marzo 2025, Barcelona, Espa\u00f1a)<\/strong><\/h4>\n\n\n\n<p class=\"wp-block-paragraph\">Este evento re\u00fane a los l\u00edderes del sector retail global. Las marcas pueden aprovechar la oportunidad de mostrar sus innovaciones, tanto en tiendas f\u00edsicas como en el entorno digital. Aqu\u00ed, los pop-up stores y los stands ofrecen una forma ideal para que las marcas se diferencien y destaquen ante los principales actores de la industria.<\/p>\n\n\n\n<div style=\"height:40px\" aria-hidden=\"true\" class=\"wp-block-spacer\"><\/div>\n\n\n\n<figure class=\"wp-block-gallery has-nested-images columns-default is-cropped wp-block-gallery-8 is-layout-flex wp-block-gallery-is-layout-flex\">\n<figure class=\"wp-block-image size-full\"><a href=\"http:\/\/magazinetest.atomic4dev.net\/wp-content\/uploads\/2024\/10\/Storeage-Designs-New-Retail-Store-for-BTube-Cosmetics-in-China-to-Appeal-to-Gen-Z-Interior-Design.jpeg\"><img loading=\"lazy\" decoding=\"async\" width=\"736\" height=\"753\" data-id=\"22507\" src=\"http:\/\/magazinetest.atomic4dev.net\/wp-content\/uploads\/2024\/10\/Storeage-Designs-New-Retail-Store-for-BTube-Cosmetics-in-China-to-Appeal-to-Gen-Z-Interior-Design.jpeg\" alt=\"\" class=\"wp-image-22507\" srcset=\"https:\/\/magazinetest.atomic4dev.net\/wp-content\/uploads\/2024\/10\/Storeage-Designs-New-Retail-Store-for-BTube-Cosmetics-in-China-to-Appeal-to-Gen-Z-Interior-Design.jpeg 736w, https:\/\/magazinetest.atomic4dev.net\/wp-content\/uploads\/2024\/10\/Storeage-Designs-New-Retail-Store-for-BTube-Cosmetics-in-China-to-Appeal-to-Gen-Z-Interior-Design-293x300.jpeg 293w, https:\/\/magazinetest.atomic4dev.net\/wp-content\/uploads\/2024\/10\/Storeage-Designs-New-Retail-Store-for-BTube-Cosmetics-in-China-to-Appeal-to-Gen-Z-Interior-Design-24x24.jpeg 24w, https:\/\/magazinetest.atomic4dev.net\/wp-content\/uploads\/2024\/10\/Storeage-Designs-New-Retail-Store-for-BTube-Cosmetics-in-China-to-Appeal-to-Gen-Z-Interior-Design-36x36.jpeg 36w, https:\/\/magazinetest.atomic4dev.net\/wp-content\/uploads\/2024\/10\/Storeage-Designs-New-Retail-Store-for-BTube-Cosmetics-in-China-to-Appeal-to-Gen-Z-Interior-Design-48x48.jpeg 48w\" sizes=\"auto, (max-width: 736px) 100vw, 736px\" \/><\/a><\/figure>\n\n\n\n<figure class=\"wp-block-image size-full\"><a href=\"http:\/\/magazinetest.atomic4dev.net\/wp-content\/uploads\/2024\/10\/0de6b893-db40-4d43-81bd-8ee715c29419.jpeg\"><img loading=\"lazy\" decoding=\"async\" width=\"720\" height=\"863\" data-id=\"22508\" src=\"http:\/\/magazinetest.atomic4dev.net\/wp-content\/uploads\/2024\/10\/0de6b893-db40-4d43-81bd-8ee715c29419.jpeg\" alt=\"\" class=\"wp-image-22508\" srcset=\"https:\/\/magazinetest.atomic4dev.net\/wp-content\/uploads\/2024\/10\/0de6b893-db40-4d43-81bd-8ee715c29419.jpeg 720w, https:\/\/magazinetest.atomic4dev.net\/wp-content\/uploads\/2024\/10\/0de6b893-db40-4d43-81bd-8ee715c29419-250x300.jpeg 250w, https:\/\/magazinetest.atomic4dev.net\/wp-content\/uploads\/2024\/10\/0de6b893-db40-4d43-81bd-8ee715c29419-20x24.jpeg 20w, https:\/\/magazinetest.atomic4dev.net\/wp-content\/uploads\/2024\/10\/0de6b893-db40-4d43-81bd-8ee715c29419-30x36.jpeg 30w, https:\/\/magazinetest.atomic4dev.net\/wp-content\/uploads\/2024\/10\/0de6b893-db40-4d43-81bd-8ee715c29419-40x48.jpeg 40w\" sizes=\"auto, (max-width: 720px) 100vw, 720px\" \/><\/a><\/figure>\n<\/figure>\n\n\n\n<div style=\"height:40px\" aria-hidden=\"true\" class=\"wp-block-spacer\"><\/div>\n\n\n\n<h4 class=\"has-text-align-center wp-block-heading\" style=\"text-transform:uppercase\"><strong><strong><strong>Empieza a Planificar Hoy Mismo<\/strong><\/strong><\/strong><br><strong><strong><strong> \u00a1El Momento es Ahora!<\/strong><\/strong><\/strong><\/h4>\n\n\n\n<p class=\"wp-block-paragraph\">Estos eventos no son solo escaparates globales, son una oportunidad estrat\u00e9gica para impulsar tu marca. Al alquilar un espacio adecuado para lanzamientos de productos, pop-up stores o eventos, puedes generar un impacto duradero en tu audiencia. No solo atraer\u00e1s la atenci\u00f3n de clientes potenciales, sino que tambi\u00e9n tendr\u00e1s la posibilidad de establecer valiosas conexiones profesionales y aumentar la visibilidad de tu empresa en mercados internacionales.<\/p>\n\n\n\n<p class=\"wp-block-paragraph\"><strong>En Go\u2014PopUp te ayudamos a encontrar el espacio perfecto para destacar en cualquiera de estos eventos internacionales. <\/strong><br><strong>\u00bfListo para hacer brillar tu marca? Cont\u00e1ctanos hoy mismo y asegura un lugar destacado en el evento que cambiar\u00e1 el futuro de tu negocio.<\/strong><\/p>\n\n\n\n<p class=\"wp-block-paragraph\"><\/p>\n\n\n\n<div style=\"height:31px\" aria-hidden=\"true\" class=\"wp-block-spacer\"><\/div>\n\n\n\n<div class=\"wp-block-buttons is-content-justification-center is-layout-flex wp-container-core-buttons-is-layout-fe48e5de wp-block-buttons-is-layout-flex\">\n<div class=\"wp-block-button\"><a class=\"wp-block-button__link\" href=\"https:\/\/app.gopopup.com\/es\/products\/request?openPersonalizedRequest=\" target=\"_blank\" rel=\"noreferrer noopener\">HACER UNA SOLICITUD<\/a><\/div>\n<\/div>\n\n\n\n<div style=\"height:40px\" aria-hidden=\"true\" class=\"wp-block-spacer\"><\/div>\n\n\n\n<div style=\"height:20px\" aria-hidden=\"true\" class=\"wp-block-spacer\"><\/div>\n\n\n\n<div class=\"wp-block-buttons is-content-justification-center is-layout-flex wp-container-core-buttons-is-layout-fe48e5de wp-block-buttons-is-layout-flex\">\n<div class=\"wp-block-button\"><a class=\"wp-block-button__link\" href=\"https:\/\/app.gopopup.com\/es\/search\/europe\/\" target=\"_blank\" rel=\"noreferrer noopener\">VISITA NUESTRO MARKETPLACE<\/a><\/div>\n<\/div>\n\n\n\n<div style=\"height:39px\" aria-hidden=\"true\" class=\"wp-block-spacer\"><\/div>\n\n\n\n<p class=\"has-text-align-center wp-block-paragraph\"><strong>Para cualquier otra consulta no dudes en escribirnos a<a href=\"mailto:hello@gopopup.com\">&nbsp;<strong><\/strong><\/a><a href=\"mailto:hello@gopopup.com\">&nbsp;hello@gopopup.com<\/a><\/strong><\/p>\n","protected":false},"excerpt":{"rendered":"<p>El 2025 trae consigo una serie de eventos en Europa que no solo son el centro de atenci\u00f3n de industrias clave, sino que tambi\u00e9n representan una oportunidad dorada para marcas, empresas y emprendedores. Si quieres que tu marca destaque, estos eventos son el lugar perfecto para lanzar productos, abrir pop-up stores, y crear experiencias memorables. En este art\u00edculo, te presentamos los eventos m\u00e1s relevantes del primer trimestre de 2025 y c\u00f3mo puedes aprovecharlos para aumentar la visibilidad de tu negocio. Eventos Relevantes en Europa para el Primer Trimestre de 2025 Semana de la Moda de Par\u00eds (24 febrero &#8211; 4 [&hellip;]<\/p>\n","protected":false},"author":20,"featured_media":22511,"comment_status":"open","ping_status":"open","sticky":false,"template":"","format":"standard","meta":{"footnotes":""},"categories":[77],"tags":[777],"class_list":["post-22487","post","type-post","status-publish","format-standard","has-post-thumbnail","hentry","category-trending-es","tag-eventos-destacados-2025"],"_links":{"self":[{"href":"https:\/\/magazinetest.atomic4dev.net\/es\/wp-json\/wp\/v2\/posts\/22487","targetHints":{"allow":["GET"]}}],"collection":[{"href":"https:\/\/magazinetest.atomic4dev.net\/es\/wp-json\/wp\/v2\/posts"}],"about":[{"href":"https:\/\/magazinetest.atomic4dev.net\/es\/wp-json\/wp\/v2\/types\/post"}],"author":[{"embeddable":true,"href":"https:\/\/magazinetest.atomic4dev.net\/es\/wp-json\/wp\/v2\/users\/20"}],"replies":[{"embeddable":true,"href":"https:\/\/magazinetest.atomic4dev.net\/es\/wp-json\/wp\/v2\/comments?post=22487"}],"version-history":[{"count":8,"href":"https:\/\/magazinetest.atomic4dev.net\/es\/wp-json\/wp\/v2\/posts\/22487\/revisions"}],"predecessor-version":[{"id":22518,"href":"https:\/\/magazinetest.atomic4dev.net\/es\/wp-json\/wp\/v2\/posts\/22487\/revisions\/22518"}],"wp:featuredmedia":[{"embeddable":true,"href":"https:\/\/magazinetest.atomic4dev.net\/es\/wp-json\/wp\/v2\/media\/22511"}],"wp:attachment":[{"href":"https:\/\/magazinetest.atomic4dev.net\/es\/wp-json\/wp\/v2\/media?parent=22487"}],"wp:term":[{"taxonomy":"category","embeddable":true,"href":"https:\/\/magazinetest.atomic4dev.net\/es\/wp-json\/wp\/v2\/categories?post=22487"},{"taxonomy":"post_tag","embeddable":true,"href":"https:\/\/magazinetest.atomic4dev.net\/es\/wp-json\/wp\/v2\/tags?post=22487"}],"curies":[{"name":"wp","href":"https:\/\/api.w.org\/{rel}","templated":true}]}}