{"id":16243,"date":"2020-05-07T14:00:42","date_gmt":"2020-05-07T12:00:42","guid":{"rendered":"https:\/\/magazinetest.atomic4dev.net\/?post_type=magazine-entry&#038;p=16243"},"modified":"2022-05-25T15:08:25","modified_gmt":"2022-05-25T13:08:25","slug":"go-popup-firmo-un-acuerdo-comercial-con-the-hood","status":"publish","type":"post","link":"https:\/\/magazinetest.atomic4dev.net\/es\/go-popup-firmo-un-acuerdo-comercial-con-the-hood\/","title":{"rendered":"GO\u2013POPUP FIRM\u00d3 UN ACUERDO COMERCIAL CON THE HOOD"},"content":{"rendered":"<p>Estamos encantados de compartir con vosotros que Go\u2013PopUp firm\u00f3 un acuerdo comercial con <span style=\"color: #808080;\"><a style=\"color: #808080;\" href=\"https:\/\/www.livethehood.com\/en\" rel=\"noopener\">The Hood<\/a><\/span>.<\/p>\n<h3 style=\"text-align: center;\"><strong>\/\/Acerca de The Hood<\/strong><\/h3>\n<p>The Hood, situado en Lisboa (Portugal), se define a s\u00ed mismo como \u00abel <em>anti-mall<\/em>\u00bb. Promueve un concepto innovador dirigido a un p\u00fablico movido por el deseo de compartir ideas, arte y experiencias, creando un sentimiento de barrio y comunidad.<\/p>\n<p>Lo que destaca de este concepto es que los componentes art\u00edsticos, creativos y l\u00fadicos coexisten en pie de igualdad con el segmento comercial. El centro ofrece una combinaci\u00f3n seleccionada de ocio, cultura, comida y comercio minorista, para todos aquellos que buscan nuevas tendencias.<\/p>\n<p style=\"text-align: center;\"><iframe loading=\"lazy\" style=\"border: none; overflow: hidden;\" src=\"https:\/\/www.facebook.com\/plugins\/video.php?href=https%3A%2F%2Fwww.facebook.com%2Flivethehood%2Fvideos%2F961298974255650%2F&amp;show_text=0&amp;width=560\" width=\"560\" height=\"245\" frameborder=\"0\" scrolling=\"no\" allowfullscreen=\"allowfullscreen\"><\/iframe><\/p>\n<h3 style=\"text-align: center;\"><strong>\/\/El acuerdo<\/strong><\/h3>\n<p>Go\u2013PopUp siempre se centra en encontrar socios que puedan garantizar experiencias \u00fanicas y diversificadas. Para los clientes que est\u00e1n buscando algo fuera de lo com\u00fan. Para las marcas que trabajan con Go\u2013PopUp y para las marcas que buscan nuevos conceptos. The Hood representa un lugar donde la presencia de tu marca puede destacar.<\/p>\n<p>Los espacios, como siempre, ser\u00e1n temporales y en formato rotatorio. Por ahora, en el formato de un <span style=\"color: #00b09f;\">container<\/span> y dos autobuses- ideales para adaptar cualquier evento a los nuevos requerimientos de distanciamiento social.<\/p>\n<blockquote><p><strong>\u00ab<\/strong><em>La elecci\u00f3n de este tipo de soluciones est\u00e1 relacionada con nuestro inter\u00e9s en mantener consistentemente una oferta din\u00e1mica y sorprendente en el segmento minorista y alimentario, pero tambi\u00e9n en proporcionar una experiencia \u00fanica, una sensaci\u00f3n de exclusividad, y un nuevo impulso de confianza hacia The Hood y las\u00a0<span style=\"font-size: 16px;\">\u00faltimas marcas. Tambi\u00e9n tenemos la intenci\u00f3n de ofrecer nuevos caminos a las marcas, aumentando su flexibilidad, y\u00a0<\/span><\/em><span style=\"font-size: 16px;\"><em>brindando nuevas oportunidades para explorar el marketing experiencial.<\/em>\u00bb<\/span><\/p>\n<p style=\"text-align: center;\"><span style=\"text-align: right; font-size: 16px;\">\u00a0 \u00a0 \u00a0 \u00a0 \u00a0 \u00a0 \u00a0 \u00a0 \u00a0 \u00a0 \u00a0 \u00a0 \u00a0 \u00a0 \u00a0 \u00a0 \u00a0 \u00a0 \u00a0 \u00a0 \u00a0 \u00a0 \u00a0 \u00a0 \u00a0 -Ivan Moreno,\u00a0Director de operaciones de The Hood<\/span><\/p>\n<p>&nbsp;<\/p><\/blockquote>\n<p><img loading=\"lazy\" decoding=\"async\" class=\"aligncenter size-full wp-image-16285\" src=\"http:\/\/magazinetest.atomic4dev.net\/wp-content\/uploads\/2020\/05\/THE-HOOD-BRISTOL-BUS.jpg\" alt=\"\" width=\"750\" height=\"469\" srcset=\"https:\/\/magazinetest.atomic4dev.net\/wp-content\/uploads\/2020\/05\/THE-HOOD-BRISTOL-BUS.jpg 750w, https:\/\/magazinetest.atomic4dev.net\/wp-content\/uploads\/2020\/05\/THE-HOOD-BRISTOL-BUS-300x188.jpg 300w\" sizes=\"auto, (max-width: 750px) 100vw, 750px\" \/><\/p>\n<h3 style=\"text-align: center;\"><strong>\/\/Pr\u00f3ximas etapas<\/strong><\/h3>\n<p>The Hood anunciar\u00e1 las primeras marcas que participar\u00e1n. Tambi\u00e9n la fecha de apertura, que debe estar a la vuelta de la esquina. A partir de esta semana, el Gobierno portugu\u00e9s ha comenzado a permitir la reanudaci\u00f3n de algunas actividades. En el esfuerzo por llegar progresivamente al levantamiento del estado de emergencia, debido a la pandemia COVID-19.<\/p>\n<p>Go\u2013PopUp firm\u00f3 un acuerdo comercial con The Hood. Y fue posible gracias a la dedicaci\u00f3n de nuestra colega <strong>Susana Almonacid, Leasing and Strategic Partnership Director.\u00a0<\/strong><\/p>\n<p>Si usted est\u00e1 interesado en probar este nuevo concepto \u00ab<em>anti-mall<\/em>\u00bb o desea expandirse a Portugal, p\u00f3ngase en contacto con ella en la siguiente direcci\u00f3n de correo electr\u00f3nico: <span style=\"color: #00b09f;\"><a style=\"color: #00b09f;\" href=\"mailto:Susana.almonacid@gopopup.com\">Susana.almonacid@gopopup.com<\/a>.<\/span><\/p>\n<hr \/>\n<p>&nbsp;<\/p>\n<div style=\"text-align: center;\"><a class=\"btn btn-primary btn-lg bg-turquoise\" href=\"https:\/\/www.gopopup.com\/es\/aboutus\/\" target=\"\u201c_blank&quot;\" rel=\"noopener noreferrer\">Solicita una llamada<\/a><\/div>\n<p>&nbsp;<\/p>\n","protected":false},"excerpt":{"rendered":"<p>Estamos encantados de compartir con vosotros que Go\u2013PopUp firm\u00f3 un acuerdo comercial con The Hood. \/\/Acerca de The Hood The Hood, situado en Lisboa (Portugal), se define a s\u00ed mismo como \u00abel anti-mall\u00bb. Promueve un concepto innovador dirigido a un p\u00fablico movido por el deseo de compartir ideas, arte y experiencias, creando un sentimiento de barrio y comunidad. Lo que destaca de este concepto es que los componentes art\u00edsticos, creativos y l\u00fadicos coexisten en pie de igualdad con el segmento comercial. El centro ofrece una combinaci\u00f3n seleccionada de ocio, cultura, comida y comercio minorista, para todos aquellos que buscan nuevas [&hellip;]<\/p>\n","protected":false},"author":1,"featured_media":16289,"comment_status":"closed","ping_status":"closed","sticky":false,"template":"","format":"standard","meta":{"footnotes":""},"categories":[331],"tags":[],"class_list":["post-16243","post","type-post","status-publish","format-standard","has-post-thumbnail","hentry","category-noticias-go-popup-es"],"_links":{"self":[{"href":"https:\/\/magazinetest.atomic4dev.net\/es\/wp-json\/wp\/v2\/posts\/16243","targetHints":{"allow":["GET"]}}],"collection":[{"href":"https:\/\/magazinetest.atomic4dev.net\/es\/wp-json\/wp\/v2\/posts"}],"about":[{"href":"https:\/\/magazinetest.atomic4dev.net\/es\/wp-json\/wp\/v2\/types\/post"}],"author":[{"embeddable":true,"href":"https:\/\/magazinetest.atomic4dev.net\/es\/wp-json\/wp\/v2\/users\/1"}],"replies":[{"embeddable":true,"href":"https:\/\/magazinetest.atomic4dev.net\/es\/wp-json\/wp\/v2\/comments?post=16243"}],"version-history":[{"count":1,"href":"https:\/\/magazinetest.atomic4dev.net\/es\/wp-json\/wp\/v2\/posts\/16243\/revisions"}],"predecessor-version":[{"id":19581,"href":"https:\/\/magazinetest.atomic4dev.net\/es\/wp-json\/wp\/v2\/posts\/16243\/revisions\/19581"}],"wp:featuredmedia":[{"embeddable":true,"href":"https:\/\/magazinetest.atomic4dev.net\/es\/wp-json\/wp\/v2\/media\/16289"}],"wp:attachment":[{"href":"https:\/\/magazinetest.atomic4dev.net\/es\/wp-json\/wp\/v2\/media?parent=16243"}],"wp:term":[{"taxonomy":"category","embeddable":true,"href":"https:\/\/magazinetest.atomic4dev.net\/es\/wp-json\/wp\/v2\/categories?post=16243"},{"taxonomy":"post_tag","embeddable":true,"href":"https:\/\/magazinetest.atomic4dev.net\/es\/wp-json\/wp\/v2\/tags?post=16243"}],"curies":[{"name":"wp","href":"https:\/\/api.w.org\/{rel}","templated":true}]}}