{"id":14873,"date":"2019-07-17T12:13:10","date_gmt":"2019-07-17T10:13:10","guid":{"rendered":"https:\/\/magazinetest.atomic4dev.net\/?post_type=magazine-entry&#038;p=14873"},"modified":"2022-05-26T11:32:59","modified_gmt":"2022-05-26T09:32:59","slug":"como-estar-preparado-para-la-epoca-mas-bonita-del-ano-comienza-a-planificar-tu-tienda-pop-up-ahora","status":"publish","type":"post","link":"https:\/\/magazinetest.atomic4dev.net\/es\/como-estar-preparado-para-la-epoca-mas-bonita-del-ano-comienza-a-planificar-tu-tienda-pop-up-ahora\/","title":{"rendered":"C\u00f3mo estar preparado para \u201cLa \u00e9poca m\u00e1s bonita del a\u00f1o?\u201d Comienza a planificar tu tienda Pop-up ahora!"},"content":{"rendered":"<p><b>Un poco de contexto sobre c\u00f3mo Black Friday se ha convertido en un d\u00eda fren\u00e9tico para las compras tambi\u00e9n en Europa y por qu\u00e9 la temporada de vacaciones es un per\u00edodo importante para planificar una tienda emergente.<\/b><\/p>\n<p><span style=\"font-weight: 400;\">En este momento, las temperaturas externas est\u00e1n batiendo r\u00e9cords, en Europa, solo la semana pasada hubo una ola de calor, por lo que es muy dif\u00edcil pensar en la Navidad cuando lo \u00fanico que tenemos en mente son nuestras pr\u00f3ximas vacaciones de verano.<\/span><\/p>\n<p><span style=\"font-weight: 400;\">Sin embargo, tenemos aproximadamente 4 meses para llegar a la \u00ab\u00e9poca m\u00e1s maravillosa del a\u00f1o\u00bb y quien trabaja en el comercio minorista sabe que la temporada de vacaciones es, para la mayor\u00eda de las marcas y sectores, uno de los per\u00edodos m\u00e1s concurridos del a\u00f1o. Entonces, \u00bfpor qu\u00e9 no empiezas a pensar con anticipaci\u00f3n y planificas tu pr\u00f3ximo pop-up ahora?<\/span><\/p>\n<p>&nbsp;<\/p>\n<p><b>\u00bfNecesitamos convencerte de tener tu pop-up en este per\u00edodo del a\u00f1o? \u00a1Rel\u00e1jate y lee!<\/b><\/p>\n<p><span style=\"font-weight: 400;\">Con la globalizaci\u00f3n, la de compras navide\u00f1as, se ha convertido en un largo tramo de acontecimientos:<\/span><\/p>\n<p><span style=\"font-weight: 400;\">Black Friday y Cyber \u200b\u200bMonday, originarios de Am\u00e9rica del Norte, se han convertido en 2 d\u00edas importantes para hacer compras tambi\u00e9n en Europa y en otros pa\u00edses del mundo, si sumas las fiestas de Los Reyes celebrados en en Espa\u00f1a e Italia y en muchos pa\u00edses de Am\u00e9rica Latina y por \u00faltimo sumas las rebajas a partir de enero: tenemos aproximadamente 2 meses y medio de compras continuas!<\/span><\/p>\n<p><span style=\"font-weight: 400;\">Otro factor que afecta los gastos en regalos y en la industria de la hospitalidad, es un mayor poder adquisitivo debido a la paga extra de Navidad o bonus de fin de a\u00f1o, t\u00edpicos de la temporada navide\u00f1a en muchos pa\u00edses de todo el mundo.<\/span><\/p>\n<p><span style=\"font-weight: 400;\">Entonces, hagamos unos c\u00e1lculos: aunque el dia de Black Friday es un d\u00eda normal de trabajo aqu\u00ed en Europa, tan pronto como baja la noche, comienza la compra desenfrenada.\u00a0 Seg\u00fan <\/span><a href=\"https:\/\/www.mckinsey.com\/\" rel=\"noopener\"><span style=\"font-weight: 400;\">McKinsey &amp; Company<\/span><\/a><span style=\"font-weight: 400;\">, solo en el Reino Unido, en medio de las preocupaciones por el Brexit, la participaci\u00f3n aument\u00f3 un 37% desde 2015 hasta 2017, mientras que en Alemania el salto fue del 43%. En Italia, las ventas de productos de consumo de tecnolog\u00eda aumentaron un 182% en comparaci\u00f3n con una semana normal. En general, en Europa, \u00a1las ventas del Viernes Negro, que determinan el inicio de la temporada de vacaciones, han mejorado!<\/span><\/p>\n<p>&nbsp;<\/p>\n<p><b>Un poco de historia<\/b><\/p>\n<p><span style=\"font-weight: 400;\">El viernes negro fue inventado en la d\u00e9cada de 1960 en los EE. UU. por los minoristas que quer\u00edan aumentar sus ingresos. El nombre hace referencia a la temporada navide\u00f1a que marca el momento en que los minoristas generalmente alcanzan la rentabilidad del a\u00f1o, y los contadores ingresan los ingresos positivos y los rendimientos en los libros en n\u00fameros negros (ya que las p\u00e9rdidas se registran en rojo). Desde que se introdujo el viernes negro en Europa, para copiar el mismo modelo exitoso de los EE. UU., se ha transformado en una pr\u00e1ctica comercial establecida.<\/span><\/p>\n<div id=\"attachment_14868\" style=\"width: 775px\" class=\"wp-caption aligncenter\"><img loading=\"lazy\" decoding=\"async\" aria-describedby=\"caption-attachment-14868\" class=\" wp-image-14868\" src=\"http:\/\/magazinetest.atomic4dev.net\/wp-content\/uploads\/2019\/07\/W29_How_To_Prepare_For_fano-miasta-1024x684.jpg\" alt=\"\" width=\"765\" height=\"511\" srcset=\"https:\/\/magazinetest.atomic4dev.net\/wp-content\/uploads\/2019\/07\/W29_How_To_Prepare_For_fano-miasta-1024x684.jpg 1024w, https:\/\/magazinetest.atomic4dev.net\/wp-content\/uploads\/2019\/07\/W29_How_To_Prepare_For_fano-miasta-300x200.jpg 300w, https:\/\/magazinetest.atomic4dev.net\/wp-content\/uploads\/2019\/07\/W29_How_To_Prepare_For_fano-miasta-768x513.jpg 768w\" sizes=\"auto, (max-width: 765px) 100vw, 765px\" \/><p id=\"caption-attachment-14868\" class=\"wp-caption-text\">@Fano Miasta<\/p><\/div>\n<p><a href=\"https:\/\/www.amazon.com\/\" target=\"_blank\" rel=\"noopener\"><span style=\"font-weight: 400;\">Amazon<\/span><\/a><span style=\"font-weight: 400;\">, con sede en Seattle, ha sido una de las empresas promotoras e impulsoras de este modelo en Europa. De hecho, el noviembre pasado, para celebrar esta fecha especial, Amazon ofreci\u00f3 a sus clientes una experiencia \u00fanica al abrir una tienda pop-up en Londres, llamada \u00abThe Home of Black Friday\u00bb con el hashtag dedicado #HomeOfBlackFriday y manteniendo abierto las 24 horas durante el mismo dia del Black Friday.<\/span><\/p>\n<p><span style=\"font-weight: 400;\">El evento se centr\u00f3 en las ofertas del \u201cViernes Negro\u201d, los clientes pod\u00edan navegar por la tienda, tocar los productos y comprar con la aplicaci\u00f3n de Amazon; las compras se entregraron directamente a casa, integrando lo digital con el mundo f\u00edsico y proporcionando una experiencia pr\u00e1ctica y a la vez \u00fanica.<\/span><\/p>\n<p><span style=\"font-weight: 400;\">Si eres una compa\u00f1\u00eda con solo presencia on-line, la temporada navide\u00f1a puede ser el momento para brillar tambi\u00e9n offline; una tienda pop-up es el escenario perfecto para experimentar una tienda f\u00edsica en plena temporada de compras, que comienza justo con el Black Friday.<\/span><\/p>\n<p><span style=\"font-weight: 400;\">Si ya tienes una tienda f\u00edsica, no temas! Una tienda ef\u00edmera dedicada a uno de los temas de la temporada navide\u00f1a podr\u00eda ser lo que necesitas para aumentar las ventas y conectar con los microsegmentos de tu grupo de clientes.<\/span><\/p>\n<p><span style=\"font-weight: 400;\">Sea cual sea tu situaci\u00f3n, ponte en contacto con nosotros! Somos un equipo dedicado a encontrar las mejores soluciones para ayudar a las marcas que quieren Go<\/span><span style=\"font-weight: 400;\">\u2014 <\/span><span style=\"font-weight: 400;\">PopUp, \u00a1podemos brindarle todo el conocimiento que necesitas para tener \u00e9xito durante la \u00e9poca m\u00e1s maravillosa del a\u00f1o!<\/span><\/p>\n<p>&nbsp;<\/p>\n<p>&nbsp;<\/p>\n<div style=\"text-align: center;\"> <a class=\"btn btn-primary btn-lg bg-turquoise\" href=\"https:\/\/www.gopopup.com\/es\/aboutus\/\" rel=\"noopener\" target=\"_blank\">Solicita una llamada<\/a><\/div>\n<p>&nbsp;<\/p>\n","protected":false},"excerpt":{"rendered":"<p>Un poco de contexto sobre c\u00f3mo Black Friday se ha convertido en un d\u00eda fren\u00e9tico para las compras tambi\u00e9n en Europa y por qu\u00e9 la temporada de vacaciones es un per\u00edodo importante para planificar una tienda emergente. En este momento, las temperaturas externas est\u00e1n batiendo r\u00e9cords, en Europa, solo la semana pasada hubo una ola de calor, por lo que es muy dif\u00edcil pensar en la Navidad cuando lo \u00fanico que tenemos en mente son nuestras pr\u00f3ximas vacaciones de verano. Sin embargo, tenemos aproximadamente 4 meses para llegar a la \u00ab\u00e9poca m\u00e1s maravillosa del a\u00f1o\u00bb y quien trabaja en el [&hellip;]<\/p>\n","protected":false},"author":1,"featured_media":14864,"comment_status":"closed","ping_status":"closed","sticky":false,"template":"","format":"standard","meta":{"footnotes":""},"categories":[343],"tags":[],"class_list":["post-14873","post","type-post","status-publish","format-standard","has-post-thumbnail","hentry","category-guias-how-to-es"],"_links":{"self":[{"href":"https:\/\/magazinetest.atomic4dev.net\/es\/wp-json\/wp\/v2\/posts\/14873","targetHints":{"allow":["GET"]}}],"collection":[{"href":"https:\/\/magazinetest.atomic4dev.net\/es\/wp-json\/wp\/v2\/posts"}],"about":[{"href":"https:\/\/magazinetest.atomic4dev.net\/es\/wp-json\/wp\/v2\/types\/post"}],"author":[{"embeddable":true,"href":"https:\/\/magazinetest.atomic4dev.net\/es\/wp-json\/wp\/v2\/users\/1"}],"replies":[{"embeddable":true,"href":"https:\/\/magazinetest.atomic4dev.net\/es\/wp-json\/wp\/v2\/comments?post=14873"}],"version-history":[{"count":1,"href":"https:\/\/magazinetest.atomic4dev.net\/es\/wp-json\/wp\/v2\/posts\/14873\/revisions"}],"predecessor-version":[{"id":19726,"href":"https:\/\/magazinetest.atomic4dev.net\/es\/wp-json\/wp\/v2\/posts\/14873\/revisions\/19726"}],"wp:featuredmedia":[{"embeddable":true,"href":"https:\/\/magazinetest.atomic4dev.net\/es\/wp-json\/wp\/v2\/media\/14864"}],"wp:attachment":[{"href":"https:\/\/magazinetest.atomic4dev.net\/es\/wp-json\/wp\/v2\/media?parent=14873"}],"wp:term":[{"taxonomy":"category","embeddable":true,"href":"https:\/\/magazinetest.atomic4dev.net\/es\/wp-json\/wp\/v2\/categories?post=14873"},{"taxonomy":"post_tag","embeddable":true,"href":"https:\/\/magazinetest.atomic4dev.net\/es\/wp-json\/wp\/v2\/tags?post=14873"}],"curies":[{"name":"wp","href":"https:\/\/api.w.org\/{rel}","templated":true}]}}