{"id":14596,"date":"2019-05-21T15:43:33","date_gmt":"2019-05-21T13:43:33","guid":{"rendered":"https:\/\/magazinetest.atomic4dev.net\/?post_type=magazine-entry&#038;p=14596"},"modified":"2022-05-26T11:47:56","modified_gmt":"2022-05-26T09:47:56","slug":"ven-y-conocenos-en-el-retail-and-brand-experience-world-congress-en-barcelona","status":"publish","type":"post","link":"https:\/\/magazinetest.atomic4dev.net\/es\/ven-y-conocenos-en-el-retail-and-brand-experience-world-congress-en-barcelona\/","title":{"rendered":"Ven y con\u00f3cenos en el Retail and Brand Experience World Congress en Barcelona #RBEWC"},"content":{"rendered":"<p><span style=\"font-weight: 400;\">Estamos entusiasmados en anunciar nuestra participaci\u00f3n en el <\/span><a href=\"https:\/\/retailandbrandexperience.com\/\" rel=\"noopener\"><span style=\"font-weight: 400;\">Retail and Brand Experience World Congress<\/span><\/a><span style=\"font-weight: 400;\"> que se llevar\u00e1 \u00a0a cabo en Barcelona desde el 27 al 29 de mayo de este a\u00f1o. Hemos sido seleccionados como uno de los finalistas para los premios <\/span><a href=\"https:\/\/retailandbrandexperience.com\/start-up-village\/\" rel=\"noopener\"><span style=\"font-weight: 400;\">R&amp;B NEXT! Awards<\/span><\/a><span style=\"font-weight: 400;\">, que tambi\u00e9n forman parte en este gran evento.<\/span><\/p>\n<p>&nbsp;<\/p>\n<hr \/>\n<div style=\"text-align: center;\"><a class=\"btn btn-primary btn-lg bg-turquoise\" href=\"https:\/\/forms.gle\/F1eBYXvyFFxH4zzo9\" rel=\"noopener\">Organiza tu reuni\u00f3n personal<\/a><\/div>\n<div>\n<hr \/>\n<p>&nbsp;<\/p>\n<p><b>\u00bfDe qu\u00e9 se trata esto?<\/b><\/p>\n<p><span style=\"font-weight: 400;\">Como parte de la nueva ola de innovaci\u00f3n en experiencias comerciales y de marca, en esta ocasi\u00f3n, podr\u00e1s conocernos en nuestro stand para hablar sobre las soluciones adecuadas para tu tienda pop-up, eventos de comunicaci\u00f3n en vivo, y campa\u00f1as de marketing experiencial. \u00a1Esta es una gran oportunidad para conocer c\u00f3mo empezar y seguir adelante en el futuro del comercio minorista con nuestros servicios y tecnolog\u00edas!<\/span><\/p>\n<p>&nbsp;<\/p>\n<p><a href=\"https:\/\/retailandbrandexperience.com\/start-up-village\/\" target=\"_blank\" rel=\"noopener\"><img loading=\"lazy\" decoding=\"async\" class=\"aligncenter size-full wp-image-14361\" src=\"http:\/\/magazinetest.atomic4dev.net\/wp-content\/uploads\/2019\/05\/banner_970x250.gif\" alt=\"\" width=\"970\" height=\"250\" \/><\/a><\/p>\n<p>&nbsp;<\/p>\n<p><span style=\"font-weight: 400;\">Este evento une a l\u00edderes de la industria, decisores, emprendedores exitosos y expertos digitales, junto a incubadoras y inversores del \u00a0retail y branding para hablar sobre el futuro de este sector. Estaremos rodeados de grandes marcas tales como: Veritas, Alessi, L\u2019Occitane Group, Foot Locker, Desigual y Lindt.<\/span><\/p>\n<\/div>\n<p>&nbsp;<\/p>\n<p><iframe loading=\"lazy\" src=\"https:\/\/www.youtube.com\/embed\/JLQRbjnO0i4\" width=\"100%\" height=\"400\" frameborder=\"0\" allowfullscreen=\"allowfullscreen\"><\/iframe><\/p>\n<p>&nbsp;<\/p>\n<p><b>\u00bfQu\u00e9 hacemos?<\/b><\/p>\n<p><span style=\"font-weight: 400;\">Go\u2014PopUp conecta a miles de marcas y agencias para lanzar tiendas pop-up y eventos de marca en espacios exclusivos alrededor del mundo \u2014 que va desde encontrar la ubicaci\u00f3n perfecta hasta la creaci\u00f3n conceptos impresionantes de pop-ups\u2014\u00a0conoce m\u00e1s <\/span><a href=\"https:\/\/www.gopopup.com\/es\/aboutus\/\" rel=\"noopener\"><span style=\"font-weight: 400;\">sobre nosotros<\/span><\/a><\/p>\n<p>&nbsp;<\/p>\n<p>&nbsp;<\/p>\n<p><iframe loading=\"lazy\" src=\"https:\/\/www.youtube.com\/embed\/4QIczQE0H3A\" width=\"100%\" height=\"400\" frameborder=\"0\" allowfullscreen=\"allowfullscreen\"><\/iframe><\/p>\n<p>&nbsp;<\/p>\n<p><b>\u00bfC\u00f3mo nos puedes conocer? <\/b><\/p>\n<p><span style=\"font-weight: 400;\">\u00bfQuieres hablar sobre el negocio? Ponte en contacto con nuestro Director de Marketing &amp; Producto Mark Knapen y nuestro CEO David P\u00e9rez para organizar una reuni\u00f3n personal en el stand que tenemos preparado. De momento todav\u00eda tenemos plazas disponibles para hablar sobre nuestros servicios y experiencias alrededor del mundo.<\/span><\/p>\n<p>&nbsp;<\/p>\n<hr \/>\n<div><\/div>\n<div style=\"text-align: center;\"><a class=\"btn btn-primary btn-lg bg-turquoise\" href=\"https:\/\/forms.gle\/F1eBYXvyFFxH4zzo9\" rel=\"noopener\">Organiza tu reunion personal <\/a><\/div>\n<div><\/div>\n<div>\n<hr \/>\n<\/div>\n<p>&nbsp;<\/p>\n<p><b>\u00bfDonde nos puedes encontrar? <\/b><\/p>\n<p><span style=\"font-weight: 400;\">Como parte del <\/span><a href=\"https:\/\/retailandbrandexperience.com\/start-up-village\/\" rel=\"noopener\"><span style=\"font-weight: 400;\">Startup Village<\/span><\/a><span style=\"font-weight: 400;\">, puedes visitarnos en el stand C136. <\/span><\/p>\n<p><span style=\"font-weight: 400;\">Desde el \u00a027 al 29 de mayo del 2019<\/span><\/p>\n<p><span style=\"font-weight: 400;\">8:30 \u00a0\u2013 18:00<\/span><\/p>\n<p>Follow #RBEWC #gopopup<\/p>\n<p>&nbsp;<\/p>\n<p><b>\u00bfComo llegar ahi?<\/b><\/p>\n<p><span style=\"font-weight: 400;\">Fira Barcelona \u2014\u00a0Gran via Venue Av. Joan Carles 1, 64, 08908 L\u2019Hospitalet de Llobregat<\/span><\/p>\n<p>&nbsp;<\/p>\n<p><iframe loading=\"lazy\" style=\"border: 0;\" src=\"https:\/\/www.google.com\/maps\/embed?pb=!1m14!1m8!1m3!1d23959.18426346474!2d2.128083!3d41.35457!3m2!1i1024!2i768!4f13.1!3m3!1m2!1s0x0%3A0xb0d0cc966887d153!2sFira+Barcelona+Gran+Via!5e0!3m2!1sde!2ses!4v1558343821697!5m2!1sde!2ses\" width=\"100%\" height=\"300\" frameborder=\"0\" allowfullscreen=\"allowfullscreen\"><\/iframe><\/p>\n<hr \/>\n<div><\/div>\n<div style=\"text-align: center;\"><a class=\"btn btn-primary btn-lg bg-turquoise\" href=\"https:\/\/forms.gle\/F1eBYXvyFFxH4zzo9\" rel=\"noopener\">Organiza tu reunion personal <\/a><\/div>\n<p>&nbsp;<\/p>\n","protected":false},"excerpt":{"rendered":"<p>Estamos entusiasmados en anunciar nuestra participaci\u00f3n en el Retail and Brand Experience World Congress que se llevar\u00e1 \u00a0a cabo en Barcelona desde el 27 al 29 de mayo de este a\u00f1o. Hemos sido seleccionados como uno de los finalistas para los premios R&amp;B NEXT! Awards, que tambi\u00e9n forman parte en este gran evento. &nbsp; Organiza tu reuni\u00f3n personal &nbsp; \u00bfDe qu\u00e9 se trata esto? Como parte de la nueva ola de innovaci\u00f3n en experiencias comerciales y de marca, en esta ocasi\u00f3n, podr\u00e1s conocernos en nuestro stand para hablar sobre las soluciones adecuadas para tu tienda pop-up, eventos de comunicaci\u00f3n en [&hellip;]<\/p>\n","protected":false},"author":1,"featured_media":14356,"comment_status":"closed","ping_status":"closed","sticky":false,"template":"","format":"standard","meta":{"footnotes":""},"categories":[331],"tags":[],"class_list":["post-14596","post","type-post","status-publish","format-standard","has-post-thumbnail","hentry","category-noticias-go-popup-es"],"_links":{"self":[{"href":"https:\/\/magazinetest.atomic4dev.net\/es\/wp-json\/wp\/v2\/posts\/14596","targetHints":{"allow":["GET"]}}],"collection":[{"href":"https:\/\/magazinetest.atomic4dev.net\/es\/wp-json\/wp\/v2\/posts"}],"about":[{"href":"https:\/\/magazinetest.atomic4dev.net\/es\/wp-json\/wp\/v2\/types\/post"}],"author":[{"embeddable":true,"href":"https:\/\/magazinetest.atomic4dev.net\/es\/wp-json\/wp\/v2\/users\/1"}],"replies":[{"embeddable":true,"href":"https:\/\/magazinetest.atomic4dev.net\/es\/wp-json\/wp\/v2\/comments?post=14596"}],"version-history":[{"count":1,"href":"https:\/\/magazinetest.atomic4dev.net\/es\/wp-json\/wp\/v2\/posts\/14596\/revisions"}],"predecessor-version":[{"id":19738,"href":"https:\/\/magazinetest.atomic4dev.net\/es\/wp-json\/wp\/v2\/posts\/14596\/revisions\/19738"}],"wp:featuredmedia":[{"embeddable":true,"href":"https:\/\/magazinetest.atomic4dev.net\/es\/wp-json\/wp\/v2\/media\/14356"}],"wp:attachment":[{"href":"https:\/\/magazinetest.atomic4dev.net\/es\/wp-json\/wp\/v2\/media?parent=14596"}],"wp:term":[{"taxonomy":"category","embeddable":true,"href":"https:\/\/magazinetest.atomic4dev.net\/es\/wp-json\/wp\/v2\/categories?post=14596"},{"taxonomy":"post_tag","embeddable":true,"href":"https:\/\/magazinetest.atomic4dev.net\/es\/wp-json\/wp\/v2\/tags?post=14596"}],"curies":[{"name":"wp","href":"https:\/\/api.w.org\/{rel}","templated":true}]}}