{"id":14030,"date":"2019-05-01T10:28:31","date_gmt":"2019-05-01T08:28:31","guid":{"rendered":"https:\/\/magazinetest.atomic4dev.net\/?post_type=magazine-entry&#038;p=14030"},"modified":"2022-05-26T12:13:49","modified_gmt":"2022-05-26T10:13:49","slug":"go-popup-x-adictik-pop-up-gallery-x-market-para-el-poblenou-open-day","status":"publish","type":"post","link":"https:\/\/magazinetest.atomic4dev.net\/es\/go-popup-x-adictik-pop-up-gallery-x-market-para-el-poblenou-open-day\/","title":{"rendered":"Go\u2014PopUp x Adictik Pop-Up Gallery x Market para el Poblenou Open Day"},"content":{"rendered":"<p><span style=\"font-weight: 400;\">Nos hemos asociado con Poblenou Urban District y <a href=\"http:\/\/www.adictik.com\" rel=\"noopener\">Adictik<\/a>\u00a0para organizar <\/span>una exposici\u00f3n de obras de arte y area pop up <span style=\"font-weight: 400;\">\u00a0para el Poblenou Open Day, el 4 de mayo. En colaboraci\u00f3n con artistas locales como Ewelina Wi\u0119c\u0142aw, Aleix Gordo Hostau (Goho Studio), Ceci Montobbio, Gemma Canal, Paula Valera, Juan Manuel Hincapi\u00e9, Marina Romero y Daniel Berdala. Estamos llenando de arte nuestro espacio reci\u00e9n estrenado, el cual est\u00e1 ubicado junto a Razzmatazz, donde compartiremos arte, fotograf\u00eda, m\u00fasica y la identidad de Go\u2014PopUp en un formato emergente experiencial \u00fanico \u2014 solo por un d\u00eda.\u00a0<\/span><\/p>\n<p>&nbsp;<\/p>\n<p><span style=\"font-weight: 400;\">Podr\u00e9is disfrutar todo el d\u00eda del arte y el trabajo de nuestros artistas destacados, tanto en el estudio como en el Warehouse, situados junto a los conocidos Razzmatazz y Espacio 88 en Poblenou. Ven a conocernos, tanto a los artistas como a nuestro equipo, mientras que escuchas m\u00fasica en vivo de MUT. S\u00e9 parte de nuestra\u00a0<\/span>Creators Mission <span style=\"font-weight: 400;\">junto con Fuji Instax y Adictik. Podr\u00e1s hacer networking y conectar con personas e ideas afines que nos rodean as\u00ed como nuestro vecindario. \u00a1Ven a conocer nuestras nuevas oficinas en Carrer de Pamplona 88!<\/span><\/p>\n<p>&nbsp;<\/p>\n<hr \/>\n<p>&nbsp;<\/p>\n<div style=\"text-align: center;\">\u00a0<a class=\"btn btn-primary btn-lg bg-turquoise\" href=\"https:\/\/www.facebook.com\/events\/2349199478650080\/\" rel=\"noopener\">Reg\u00edstrate para el evento en Facebook<br \/>\n<\/a><\/div>\n<p>&nbsp;<\/p>\n<hr \/>\n<p>&nbsp;<\/p>\n<h1><b>\u2014\u00a0Programa y actividades<\/b><\/h1>\n<p>&nbsp;<\/p>\n<p><span style=\"font-weight: 400;\">A destacar tenemos a <a href=\"http:\/\/www.aleixgoho.com\/en\/\" rel=\"noopener\">Aleix Gordo Hostau<\/a><\/span><span style=\"font-weight: 400;\">, de Goho Studio, que realizar\u00e1 una sesi\u00f3n de pintura e ilustraci\u00f3n en vivo durante la tarde, inspir\u00e1ndose en el entorno Poblenou Open Day y las personas que lo rodean. Esto dar\u00e1 como resultado una obra de arte a gran escala en papel.<\/span><\/p>\n<p>&nbsp;<\/p>\n<h2><b>Creators Mission<\/b><\/h2>\n<hr \/>\n<p>&nbsp;<\/p>\n<p><span style=\"font-weight: 400;\">Nos hemos unido con <a href=\"http:\/\/www.adictik.com\/\" rel=\"noopener\">Adictik<\/a><\/span><span style=\"font-weight: 400;\">\u00a0y \u00a0<a href=\"https:\/\/instax.com\/\" rel=\"noopener\">Fuji Instax<\/a><\/span><span style=\"font-weight: 400;\">\u00a0para lanzar una\u00a0<\/span><b>Creators Mission<\/b><span style=\"font-weight: 400;\">, para que tambi\u00e9n te sientas parte del lado creativo de este evento.\u00a0<\/span><span style=\"font-weight: 400;\">Simplemente coge una de las c\u00e1maras Fuji Instax que proporcionaremos en nuestro espacio o usa tu propio tel\u00e9fono para capturar im\u00e1genes y v\u00eddeos para contar una historia \u00fanica. Comp\u00e1rtelo con el hashtag #openday y menciona @gopopup @adictikworld en Facebook, Instagram o LinkedIn. El creador de la mejor publicaci\u00f3n se llevar\u00e1 a casa la c\u00e1mara Fuji Instax.<\/span><\/p>\n<p>&nbsp;<\/p>\n<blockquote class=\"instagram-media\" style=\"background: #FFF; border: 0; border-radius: 3px; box-shadow: 0 0 1px 0 rgba(0,0,0,0.5),0 1px 10px 0 rgba(0,0,0,0.15); margin: 1px; max-width: 100%; min-width: 326px; padding: 0; width: calc(100% - 2px);\" data-instgrm-captioned=\"\" data-instgrm-permalink=\"https:\/\/www.instagram.com\/p\/BvRr9BAneWK\/?utm_source=ig_embed&amp;utm_medium=loading\" data-instgrm-version=\"12\">\n<div style=\"padding: 16px;\">\n<p>&nbsp;<\/p>\n<div style=\"display: flex; flex-direction: row; align-items: center;\"><\/div>\n<div style=\"padding: 19% 0;\"><\/div>\n<div style=\"display: block; height: 50px; margin: 0 auto 12px; width: 50px;\"><\/div>\n<div style=\"padding-top: 8px;\">\n<div style=\"color: #3897f0; font-family: Arial,sans-serif; font-size: 14px; font-style: normal; font-weight: 550; line-height: 18px;\">Sieh dir diesen Beitrag auf Instagram an<\/div>\n<\/div>\n<div style=\"padding: 12.5% 0;\"><\/div>\n<div style=\"display: flex; flex-direction: row; margin-bottom: 14px; align-items: center;\"><\/div>\n<p>&nbsp;<\/p>\n<p style=\"margin: 8px 0 0 0; padding: 0 4px;\"><a style=\"color: #000; font-family: Arial,sans-serif; font-size: 14px; font-style: normal; font-weight: normal; line-height: 17px; text-decoration: none; word-wrap: break-word;\" href=\"https:\/\/www.instagram.com\/p\/BvRr9BAneWK\/?utm_source=ig_embed&amp;utm_medium=loading\" target=\"_blank\" rel=\"noopener\">We have partnered with @poblenouud ! We are thrilled to being part of their community and create more amazing pop-up events in this creative district in Barcelona! Read more about it in our magazine \ud83d\udc48 #gopopup #poblenou #popupevent #popupshops #barcelona #spain<\/a><\/p>\n<p style=\"color: #c9c8cd; font-family: Arial,sans-serif; font-size: 14px; line-height: 17px; margin-bottom: 0; margin-top: 8px; overflow: hidden; padding: 8px 0 7px; text-align: center; text-overflow: ellipsis; white-space: nowrap;\">Ein Beitrag geteilt von <a style=\"color: #c9c8cd; font-family: Arial,sans-serif; font-size: 14px; font-style: normal; font-weight: normal; line-height: 17px;\" href=\"https:\/\/www.instagram.com\/gopopup\/?utm_source=ig_embed&amp;utm_medium=loading\" target=\"_blank\" rel=\"noopener\"> Go\u2014PopUp<\/a> (@gopopup) am <time style=\"font-family: Arial,sans-serif; font-size: 14px; line-height: 17px;\" datetime=\"2019-03-21T16:02:56+00:00\">M\u00e4r 21, 2019 um 9:02 PDT<\/time><\/p>\n<\/div>\n<\/blockquote>\n<p><script async src=\"\/\/www.instagram.com\/embed.js\"><\/script><\/p>\n<p>&nbsp;<\/p>\n<blockquote class=\"instagram-media\" style=\"background: #FFF; border: 0; border-radius: 3px; box-shadow: 0 0 1px 0 rgba(0,0,0,0.5),0 1px 10px 0 rgba(0,0,0,0.15); margin: 1px; max-width: 100%; min-width: 326px; padding: 0; width: calc(100% - 2px);\" data-instgrm-captioned=\"\" data-instgrm-permalink=\"https:\/\/www.instagram.com\/p\/BpE1pVFFIA_\/?utm_source=ig_embed&amp;utm_medium=loading\" data-instgrm-version=\"12\">\n<div style=\"padding: 16px;\">\n<p>&nbsp;<\/p>\n<div style=\"display: flex; flex-direction: row; align-items: center;\"><\/div>\n<div style=\"padding: 19% 0;\"><\/div>\n<div style=\"display: block; height: 50px; margin: 0 auto 12px; width: 50px;\"><\/div>\n<div style=\"padding-top: 8px;\">\n<div style=\"color: #3897f0; font-family: Arial,sans-serif; font-size: 14px; font-style: normal; font-weight: 550; line-height: 18px;\">Sieh dir diesen Beitrag auf Instagram an<\/div>\n<\/div>\n<div style=\"padding: 12.5% 0;\"><\/div>\n<div style=\"display: flex; flex-direction: row; margin-bottom: 14px; align-items: center;\"><\/div>\n<p>&nbsp;<\/p>\n<p style=\"margin: 8px 0 0 0; padding: 0 4px;\"><a style=\"color: #000; font-family: Arial,sans-serif; font-size: 14px; font-style: normal; font-weight: normal; line-height: 17px; text-decoration: none; word-wrap: break-word;\" href=\"https:\/\/www.instagram.com\/p\/BpE1pVFFIA_\/?utm_source=ig_embed&amp;utm_medium=loading\" target=\"_blank\" rel=\"noopener\">B \ud83d\udd25 R N Pic by @theclicgames #ad #adictik #app #photography #inspo #lips<\/a><\/p>\n<p style=\"color: #c9c8cd; font-family: Arial,sans-serif; font-size: 14px; line-height: 17px; margin-bottom: 0; margin-top: 8px; overflow: hidden; padding: 8px 0 7px; text-align: center; text-overflow: ellipsis; white-space: nowrap;\">Ein Beitrag geteilt von <a style=\"color: #c9c8cd; font-family: Arial,sans-serif; font-size: 14px; font-style: normal; font-weight: normal; line-height: 17px;\" href=\"https:\/\/www.instagram.com\/adictikworld\/?utm_source=ig_embed&amp;utm_medium=loading\" target=\"_blank\" rel=\"noopener\"> Adictik<\/a> (@adictikworld) am <time style=\"font-family: Arial,sans-serif; font-size: 14px; line-height: 17px;\" datetime=\"2018-10-18T13:09:08+00:00\">Okt 18, 2018 um 6:09 PDT<\/time><\/p>\n<\/div>\n<\/blockquote>\n<p><script async src=\"\/\/www.instagram.com\/embed.js\"><\/script><\/p>\n<p>&nbsp;<\/p>\n<blockquote class=\"instagram-media\" style=\"background: #FFF; border: 0; border-radius: 3px; box-shadow: 0 0 1px 0 rgba(0,0,0,0.5),0 1px 10px 0 rgba(0,0,0,0.15); margin: 1px; max-width: 100%; min-width: 326px; padding: 0; width: calc(100% - 2px);\" data-instgrm-captioned=\"\" data-instgrm-permalink=\"https:\/\/www.instagram.com\/p\/BwZroNahj5V\/?utm_source=ig_embed&amp;utm_medium=loading\" data-instgrm-version=\"12\">\n<div style=\"padding: 16px;\">\n<p>&nbsp;<\/p>\n<div style=\"display: flex; flex-direction: row; align-items: center;\"><\/div>\n<div style=\"padding: 19% 0;\"><\/div>\n<div style=\"display: block; height: 50px; margin: 0 auto 12px; width: 50px;\"><\/div>\n<div style=\"padding-top: 8px;\">\n<div style=\"color: #3897f0; font-family: Arial,sans-serif; font-size: 14px; font-style: normal; font-weight: 550; line-height: 18px;\">Sieh dir diesen Beitrag auf Instagram an<\/div>\n<\/div>\n<div style=\"padding: 12.5% 0;\"><\/div>\n<div style=\"display: flex; flex-direction: row; margin-bottom: 14px; align-items: center;\"><\/div>\n<p>&nbsp;<\/p>\n<p style=\"margin: 8px 0 0 0; padding: 0 4px;\"><a style=\"color: #000; font-family: Arial,sans-serif; font-size: 14px; font-style: normal; font-weight: normal; line-height: 17px; text-decoration: none; word-wrap: break-word;\" href=\"https:\/\/www.instagram.com\/p\/BwZroNahj5V\/?utm_source=ig_embed&amp;utm_medium=loading\" target=\"_blank\" rel=\"noopener\">It&#8217;s getting to the time of the year where we&#8217;re all excited about summer, and can&#8217;t wait to go on holiday! What are you most excited about this summer? \u2708\ufe0f Super colourful SQ20 snap from @theguestgirl #repost #instax #FILLTHEWORLD #instaxSQUARE #instaxSQ20 #instantphotography #instantcamera #instantpicture #instantpic #photography #photographer #memories #documentyourdays #colourful #summer #summertime #holiday #sunshine #summerholiday #vacation #documentlife #moments<\/a><\/p>\n<p style=\"color: #c9c8cd; font-family: Arial,sans-serif; font-size: 14px; line-height: 17px; margin-bottom: 0; margin-top: 8px; overflow: hidden; padding: 8px 0 7px; text-align: center; text-overflow: ellipsis; white-space: nowrap;\">Ein Beitrag geteilt von <a style=\"color: #c9c8cd; font-family: Arial,sans-serif; font-size: 14px; font-style: normal; font-weight: normal; line-height: 17px;\" href=\"https:\/\/www.instagram.com\/instaxhq\/?utm_source=ig_embed&amp;utm_medium=loading\" target=\"_blank\" rel=\"noopener\"> instax HQ<\/a> (@instaxhq) am <time style=\"font-family: Arial,sans-serif; font-size: 14px; line-height: 17px;\" datetime=\"2019-04-18T15:05:24+00:00\">Apr 18, 2019 um 8:05 PDT<\/time><\/p>\n<\/div>\n<\/blockquote>\n<p><script async src=\"\/\/www.instagram.com\/embed.js\"><\/script><\/p>\n<p>&nbsp;<\/p>\n<p>&nbsp;<\/p>\n<h2><b>Studio<\/b><\/h2>\n<hr \/>\n<p>&nbsp;<\/p>\n<p><b>12:00<\/b><\/p>\n<p><span style=\"font-weight: 400;\">\u2014 Puertas abiertas de la Galer\u00eda y el Market <\/span><\/p>\n<p><b>13:00 \u2014\u00a018:00<\/b><\/p>\n<p><span style=\"font-weight: 400;\">\u2014\u00a0Live Art Performance,\u00a0 a cargo de Aleix Gordo Hostau<\/span><\/p>\n<p><b>18:00 \u2014\u00a020:00<\/b><\/p>\n<p><span style=\"font-weight: 400;\">\u2014\u00a0Live Music, a cargo de MUT<\/span><\/p>\n<p><b>20:00 \u2014\u00a023:00<\/b><\/p>\n<p>\u2014\u00a0Xos\u00e9 Marcote aka DJ Kote<\/p>\n<p>&nbsp;<\/p>\n<p><b>All Day<\/b><\/p>\n<p><span style=\"font-weight: 400;\">\u2014 Creators Mission, con Fuji Instax, Adictik &amp; Go\u2014PopUp <\/span><\/p>\n<p><span style=\"font-weight: 400;\">\u2014 Nordic Pop-Up Store \/ <\/span><a href=\"https:\/\/shopnordico.com\/\" rel=\"noopener\"><span style=\"font-weight: 400;\">shopnordico.com<\/span><\/a><\/p>\n<p>\u2014 Murri Clothes \/\u00a0<a href=\"https:\/\/www.murri-clothes.com\" rel=\"noopener\">murri-clothes.com<\/a><\/p>\n<p>\u2014 Mus &amp; Roew \/\u00a0<a href=\"https:\/\/magazine.zatro.es\/html\/mus-roew\/\" rel=\"noopener\">magazine.zatro.es<\/a><\/p>\n<p>\u2014 Cristina Ru\u00edz de Morales \/ Camisetas<\/p>\n<p>\u2014 Mont Rebei &amp; Les Garrigues \u2013 Edici\u00f3n limitada<\/p>\n<p>\u2014\u00a0Xos\u00e9 Marcote aka DJ Kote<\/p>\n<h2><\/h2>\n<h2><b>Warehouse<\/b><\/h2>\n<hr \/>\n<p><b>12:00 \u2014\u00a023:00 <\/b><\/p>\n<p><span style=\"font-weight: 400;\">\u2014\u00a0<\/span><span style=\"font-weight: 400;\">Puertas abiertas de la galer\u00eda de arte<\/span><\/p>\n<p>&nbsp;<\/p>\n<p>&nbsp;<\/p>\n<p><img loading=\"lazy\" decoding=\"async\" class=\"aligncenter size-full wp-image-13975\" src=\"http:\/\/magazinetest.atomic4dev.net\/wp-content\/uploads\/2019\/04\/DSF4410-2.jpg\" alt=\"\" width=\"2000\" height=\"1333\" srcset=\"https:\/\/magazinetest.atomic4dev.net\/wp-content\/uploads\/2019\/04\/DSF4410-2.jpg 2000w, https:\/\/magazinetest.atomic4dev.net\/wp-content\/uploads\/2019\/04\/DSF4410-2-300x200.jpg 300w, https:\/\/magazinetest.atomic4dev.net\/wp-content\/uploads\/2019\/04\/DSF4410-2-768x512.jpg 768w, https:\/\/magazinetest.atomic4dev.net\/wp-content\/uploads\/2019\/04\/DSF4410-2-1024x682.jpg 1024w\" sizes=\"auto, (max-width: 2000px) 100vw, 2000px\" \/><\/p>\n<h6><em>El nuevo Studio de Go\u2014PopUp, Carrer de Pamplona 88 in\u00a008018 Barcelona<\/em><\/h6>\n<p>&nbsp;<\/p>\n<p><img loading=\"lazy\" decoding=\"async\" class=\"aligncenter size-full wp-image-13971\" src=\"http:\/\/magazinetest.atomic4dev.net\/wp-content\/uploads\/2019\/04\/DSF4425-2.jpg\" alt=\"\" width=\"2000\" height=\"1333\" srcset=\"https:\/\/magazinetest.atomic4dev.net\/wp-content\/uploads\/2019\/04\/DSF4425-2.jpg 2000w, https:\/\/magazinetest.atomic4dev.net\/wp-content\/uploads\/2019\/04\/DSF4425-2-300x200.jpg 300w, https:\/\/magazinetest.atomic4dev.net\/wp-content\/uploads\/2019\/04\/DSF4425-2-768x512.jpg 768w, https:\/\/magazinetest.atomic4dev.net\/wp-content\/uploads\/2019\/04\/DSF4425-2-1024x682.jpg 1024w\" sizes=\"auto, (max-width: 2000px) 100vw, 2000px\" \/><\/p>\n<h6><em>Warehouse, donde se har\u00e1n las puertas abiertas de la galer\u00eda de arte<\/em><\/h6>\n<h6><\/h6>\n<p>&nbsp;<\/p>\n<p>&nbsp;<\/p>\n<h1><b>\u2014\u00a0Artistas y expositores<\/b><\/h1>\n<p>&nbsp;<\/p>\n<h2><b>Studio<\/b><\/h2>\n<hr \/>\n<p>&nbsp;<\/p>\n<p><b>Ewelina <\/b><b>Wi\u0119c\u0142aw \/ Silk Tantrum \u00a0\/ <\/b><a href=\"https:\/\/www.instagram.com\/wieclaw.ewelina\/\" rel=\"noopener\"><span style=\"font-weight: 400;\">@wieclaw.ewelina<\/span><\/a><\/p>\n<p><span style=\"font-weight: 400;\">El proyecto de Ewelina te transportar\u00e1 hacia un mundo colorido, lleno de sue\u00f1os y un toque de erotismo. En este mundo delicado, donde la seda y otros materiales delicados se encuentran, crean una atm\u00f3sfera de belleza donde los colores acent\u00faan la verdadera vocaci\u00f3n de la artista. Ewelina naci\u00f3 en Jawor, Polonia, en 1983 y despu\u00e9s de sus estudios como dise\u00f1adora gr\u00e1fica (Studium Reklamy Wizualnej w Swidnicy) comienza a viajar por Europa. Inspirada por las obras de Ladislav Sutnar y, hasta cierto punto, por el arte de dibujos animados er\u00f3ticos de Milo Manara, comienza a trabajar en la Fundaci\u00f3 Mir\u00f3 haciendo joyas. Desde siempre se ha sentido atra\u00edda por la belleza de la seda, lo cual en 2014 comienza a hacer dise\u00f1os para bufandas de seda, descubriendo que la seda es una base perfecta para inspiraciones coloridas, que comienza a utilizar para sus creaciones las cuales podr\u00e1s descubrir en esta exposici\u00f3n \u00fanica. Ewelina ha participado en varias exposiciones en 2018 y ya est\u00e1 siendo buscada varios coleccionistas de arte de renombre.<\/span><\/p>\n<p>&nbsp;<\/p>\n<blockquote class=\"instagram-media\" style=\"background: #FFF; border: 0; border-radius: 3px; box-shadow: 0 0 1px 0 rgba(0,0,0,0.5),0 1px 10px 0 rgba(0,0,0,0.15); margin: 1px; max-width: 100%; min-width: 326px; padding: 0; width: calc(100% - 2px);\" data-instgrm-captioned=\"\" data-instgrm-permalink=\"https:\/\/www.instagram.com\/p\/BvzmEfqnhLp\/?utm_source=ig_embed&amp;utm_medium=loading\" data-instgrm-version=\"12\">\n<div style=\"padding: 16px;\">\n<p>&nbsp;<\/p>\n<div style=\"display: flex; flex-direction: row; align-items: center;\"><\/div>\n<div style=\"padding: 19% 0;\"><\/div>\n<div style=\"display: block; height: 50px; margin: 0 auto 12px; width: 50px;\"><\/div>\n<div style=\"padding-top: 8px;\">\n<div style=\"color: #3897f0; font-family: Arial,sans-serif; font-size: 14px; font-style: normal; font-weight: 550; line-height: 18px;\">Sieh dir diesen Beitrag auf Instagram an<\/div>\n<\/div>\n<div style=\"padding: 12.5% 0;\"><\/div>\n<div style=\"display: flex; flex-direction: row; margin-bottom: 14px; align-items: center;\"><\/div>\n<p>&nbsp;<\/p>\n<p style=\"margin: 8px 0 0 0; padding: 0 4px;\"><a style=\"color: #000; font-family: Arial,sans-serif; font-size: 14px; font-style: normal; font-weight: normal; line-height: 17px; text-decoration: none; word-wrap: break-word;\" href=\"https:\/\/www.instagram.com\/p\/BvzmEfqnhLp\/?utm_source=ig_embed&amp;utm_medium=loading\" target=\"_blank\" rel=\"noopener\">Silk painting #silk #silkpainting #silkpaintingartist #art #handpaintedsilk #artistsoninstagram #fabricart #fabricartist #paint #painting #paintings #vibrantcolors #artwork #artofinstagram #arte #arteerotico #obraz #obradearte #popart #popartstyle #polishart #polishartist #exposiciones #Barcelona #exposici\u00f3n #exposicion #exposicionesbarcelona #topbcnartists #colour #colors<\/a><\/p>\n<p style=\"color: #c9c8cd; font-family: Arial,sans-serif; font-size: 14px; line-height: 17px; margin-bottom: 0; margin-top: 8px; overflow: hidden; padding: 8px 0 7px; text-align: center; text-overflow: ellipsis; white-space: nowrap;\">Ein Beitrag geteilt von <a style=\"color: #c9c8cd; font-family: Arial,sans-serif; font-size: 14px; font-style: normal; font-weight: normal; line-height: 17px;\" href=\"https:\/\/www.instagram.com\/wieclaw.ewelina\/?utm_source=ig_embed&amp;utm_medium=loading\" target=\"_blank\" rel=\"noopener\"> Ewelina Wi\u0119c\u0142aw<\/a> (@wieclaw.ewelina) am <time style=\"font-family: Arial,sans-serif; font-size: 14px; line-height: 17px;\" datetime=\"2019-04-03T20:05:42+00:00\">Apr 3, 2019 um 1:05 PDT<\/time><\/p>\n<\/div>\n<\/blockquote>\n<p><script async src=\"\/\/www.instagram.com\/embed.js\"><\/script><\/p>\n<p>&nbsp;<\/p>\n<p><b>Aleix Gordo Hostau \/ Live Performance \/ <\/b><a href=\"http:\/\/www.aleixgoho.com\/\" rel=\"noopener\"><span style=\"font-weight: 400;\">aleixgoho.com<\/span><\/a><\/p>\n<p><span style=\"font-weight: 400;\">Aleix Gordo Hostau de Barcelona comenz\u00f3 ilustrando libros para ni\u00f1os y adolescentes y creando portadas para editores desde muy temprana edad. Desde entonces trabaj\u00f3 para peri\u00f3dicos, agencias de publicidad y muchas corporaciones multinacionales tanto en Barcelona como en el extranjero y en diversos sectores. Actualmente, se centra en el campo de la pintura y la ilustraci\u00f3n, la pintura mural, arte urbano, dise\u00f1o gr\u00e1fico y tambi\u00e9n trabaja en su propia marca. Su trabajo comercial para marcas incluye a nombres como Converse, Cacaolat o Pepe Jeans London.<\/span><\/p>\n<p>&nbsp;<\/p>\n<blockquote class=\"instagram-media\" style=\"background: #FFF; border: 0; border-radius: 3px; box-shadow: 0 0 1px 0 rgba(0,0,0,0.5),0 1px 10px 0 rgba(0,0,0,0.15); margin: 1px; max-width: 100%; min-width: 326px; padding: 0; width: calc(100% - 2px);\" data-instgrm-captioned=\"\" data-instgrm-permalink=\"https:\/\/www.instagram.com\/p\/BtA8m6Nh1PQ\/?utm_source=ig_embed&amp;utm_medium=loading\" data-instgrm-version=\"12\">\n<div style=\"padding: 16px;\">\n<p>&nbsp;<\/p>\n<div style=\"display: flex; flex-direction: row; align-items: center;\"><\/div>\n<div style=\"padding: 19% 0;\"><\/div>\n<div style=\"display: block; height: 50px; margin: 0 auto 12px; width: 50px;\"><\/div>\n<div style=\"padding-top: 8px;\">\n<div style=\"color: #3897f0; font-family: Arial,sans-serif; font-size: 14px; font-style: normal; font-weight: 550; line-height: 18px;\">Sieh dir diesen Beitrag auf Instagram an<\/div>\n<\/div>\n<div style=\"padding: 12.5% 0;\"><\/div>\n<div style=\"display: flex; flex-direction: row; margin-bottom: 14px; align-items: center;\"><\/div>\n<p>&nbsp;<\/p>\n<p style=\"margin: 8px 0 0 0; padding: 0 4px;\"><a style=\"color: #000; font-family: Arial,sans-serif; font-size: 14px; font-style: normal; font-weight: normal; line-height: 17px; text-decoration: none; word-wrap: break-word;\" href=\"https:\/\/www.instagram.com\/p\/BtA8m6Nh1PQ\/?utm_source=ig_embed&amp;utm_medium=loading\" target=\"_blank\" rel=\"noopener\">Painting one of my first murals in acrylic paint outdoors in @naubostik &#8211; #graffiti #streetart #art #wall #wallporn #mural #urbanart #street #graff #graffitiporn #colorful #urban #wallart #graffitiart #fineart #streetartistry #instagraffiti #instagraff #barcelona #murals #muralart #arte #artistlife #naubostik #igersbcn<\/a><\/p>\n<p style=\"color: #c9c8cd; font-family: Arial,sans-serif; font-size: 14px; line-height: 17px; margin-bottom: 0; margin-top: 8px; overflow: hidden; padding: 8px 0 7px; text-align: center; text-overflow: ellipsis; white-space: nowrap;\">Ein Beitrag geteilt von <a style=\"color: #c9c8cd; font-family: Arial,sans-serif; font-size: 14px; font-style: normal; font-weight: normal; line-height: 17px;\" href=\"https:\/\/www.instagram.com\/aleixgordo\/?utm_source=ig_embed&amp;utm_medium=loading\" target=\"_blank\" rel=\"noopener\"> Aleix Gordo Hostau<\/a> (@aleixgordo) am <time style=\"font-family: Arial,sans-serif; font-size: 14px; line-height: 17px;\" datetime=\"2019-01-24T10:58:35+00:00\">Jan 24, 2019 um 2:58 PST<\/time><\/p>\n<\/div>\n<\/blockquote>\n<p><script async src=\"\/\/www.instagram.com\/embed.js\"><\/script><\/p>\n<p>&nbsp;<\/p>\n<p><b>Daniel Berdala \/ Memory Sightings \/ <\/b><a href=\"http:\/\/www.danielberdala.com\/\" rel=\"noopener\"><span style=\"font-weight: 400;\">danielberdala.com<\/span><\/a>\/ <a href=\"https:\/\/twitter.com\/danielberdala\" rel=\"noopener\" target=\"_blank\">@danielberdala<\/a><\/p>\n<p>Hablando de arte, pintar para m\u00ed es hablar de luz y color. Pintar ideas abstractas con los que crear una emoci\u00f3n para el espectador, la persona curiosa que, frente a la pintura, comienza a imaginar este mundo secreto observando la obra, mi trabajo. En esta ocasi\u00f3n, estas ideas abstractas son paisajes. Son \u00abAvistamientos de la memoria\u00bb. Un avistamiento es cuando en la observaci\u00f3n del paisaje, descubres algo nuevo e interesante para tu ojos: un ave, un objeto volador no identificado &#8230; No s\u00f3lo miras, sino que observas esta visi\u00f3n con detalle.<\/p>\n<p>&nbsp;<\/p>\n<blockquote class=\"instagram-media\" style=\"background: #FFF; border: 0; border-radius: 3px; box-shadow: 0 0 1px 0 rgba(0,0,0,0.5),0 1px 10px 0 rgba(0,0,0,0.15); margin: 1px; max-width: 100%; min-width: 326px; padding: 0; width: calc(100% - 2px);\" data-instgrm-captioned=\"\" data-instgrm-permalink=\"https:\/\/www.instagram.com\/p\/BwJz1m0B1Hr\/?utm_source=ig_embed&amp;utm_medium=loading\" data-instgrm-version=\"12\">\n<div style=\"padding: 16px;\">\n<p>&nbsp;<\/p>\n<div style=\"display: flex; flex-direction: row; align-items: center;\"><\/div>\n<div style=\"padding: 19% 0;\"><\/div>\n<div style=\"display: block; height: 50px; margin: 0 auto 12px; width: 50px;\"><\/div>\n<div style=\"padding-top: 8px;\">\n<div style=\"color: #3897f0; font-family: Arial,sans-serif; font-size: 14px; font-style: normal; font-weight: 550; line-height: 18px;\">Sieh dir diesen Beitrag auf Instagram an<\/div>\n<\/div>\n<div style=\"padding: 12.5% 0;\"><\/div>\n<div style=\"display: flex; flex-direction: row; margin-bottom: 14px; align-items: center;\"><\/div>\n<p>&nbsp;<\/p>\n<p style=\"margin: 8px 0 0 0; padding: 0 4px;\"><a style=\"color: #000; font-family: Arial,sans-serif; font-size: 14px; font-style: normal; font-weight: normal; line-height: 17px; text-decoration: none; word-wrap: break-word;\" href=\"https:\/\/www.instagram.com\/p\/BwJz1m0B1Hr\/?utm_source=ig_embed&amp;utm_medium=loading\" target=\"_blank\" rel=\"noopener\">Treballant al estudi. Trabajando en el estudio. #art #artistsoninstagram #artist #arte #artsy #artistoninstagram<\/a><\/p>\n<p style=\"color: #c9c8cd; font-family: Arial,sans-serif; font-size: 14px; line-height: 17px; margin-bottom: 0; margin-top: 8px; overflow: hidden; padding: 8px 0 7px; text-align: center; text-overflow: ellipsis; white-space: nowrap;\">Ein Beitrag geteilt von <a style=\"color: #c9c8cd; font-family: Arial,sans-serif; font-size: 14px; font-style: normal; font-weight: normal; line-height: 17px;\" href=\"https:\/\/www.instagram.com\/berdala\/?utm_source=ig_embed&amp;utm_medium=loading\" target=\"_blank\" rel=\"noopener\"> berdala<\/a> (@berdala) am <time style=\"font-family: Arial,sans-serif; font-size: 14px; line-height: 17px;\" datetime=\"2019-04-12T11:09:18+00:00\">Apr 12, 2019 um 4:09 PDT<\/time><\/p>\n<\/div>\n<\/blockquote>\n<p><script async src=\"\/\/www.instagram.com\/embed.js\"><\/script><\/p>\n<p>&nbsp;<\/p>\n<h2><b>Warehouse<\/b><\/h2>\n<hr \/>\n<p>&nbsp;<\/p>\n<p><b>Ceci Montobbio \/ Way Station \/ <\/b><a href=\"https:\/\/www.instagram.com\/cecimontobbio\/\" rel=\"noopener\"><span style=\"font-weight: 400;\">@cecimontobbio<\/span><\/a><\/p>\n<p><span style=\"font-weight: 400;\">Las noches de verano en la isla de Menorca. Mi punto de partida fue el inter\u00e9s por captar im\u00e1genes de los espacios de los pol\u00edgonos pr\u00f3ximos a las poblaciones principales, espacios poco frecuentados, des\u00e9rticos y fr\u00edos. Una realidad poco conocida ni vendida. El pol\u00edgono define lo que fue un crecimiento urbano que pudo haber representado un avance comercial pero actualmente s\u00f3lo son grandes superficies vac\u00edas y abandonadas. <\/span><\/p>\n<p><span style=\"font-weight: 400;\">No planteo ninguna cr\u00edtica al respecto, s\u00f3lo observo y juego con la est\u00e9tica de estos espacios. Trabajo en el momento de los \u00faltimos minutos de luz y las primeras horas de la noche. Podr\u00eda ser a menudo el escenario ya vivido y nunca est\u00e1tico. Un sue\u00f1o confuso y borroso donde los \u00fanicos que estamos somos nosotros mismos. Lugares donde nadie se para. Encontramos algo bonito en lo inh\u00f3spito, en esta combinaci\u00f3n de soledad y color.<\/span><\/p>\n<p>&nbsp;<\/p>\n<blockquote class=\"instagram-media\" style=\"background: #FFF; border: 0; border-radius: 3px; box-shadow: 0 0 1px 0 rgba(0,0,0,0.5),0 1px 10px 0 rgba(0,0,0,0.15); margin: 1px; max-width: 100%; min-width: 326px; padding: 0; width: calc(100% - 2px);\" data-instgrm-captioned=\"\" data-instgrm-permalink=\"https:\/\/www.instagram.com\/p\/BY6rGCTnMb5\/?utm_source=ig_embed&amp;utm_medium=loading\" data-instgrm-version=\"12\">\n<div style=\"padding: 16px;\">\n<p>&nbsp;<\/p>\n<div style=\"display: flex; flex-direction: row; align-items: center;\"><\/div>\n<div style=\"padding: 19% 0;\"><\/div>\n<div style=\"display: block; height: 50px; margin: 0 auto 12px; width: 50px;\"><\/div>\n<div style=\"padding-top: 8px;\">\n<div style=\"color: #3897f0; font-family: Arial,sans-serif; font-size: 14px; font-style: normal; font-weight: 550; line-height: 18px;\">Sieh dir diesen Beitrag auf Instagram an<\/div>\n<\/div>\n<div style=\"padding: 12.5% 0;\"><\/div>\n<div style=\"display: flex; flex-direction: row; margin-bottom: 14px; align-items: center;\"><\/div>\n<p>&nbsp;<\/p>\n<p style=\"margin: 8px 0 0 0; padding: 0 4px;\"><a style=\"color: #000; font-family: Arial,sans-serif; font-size: 14px; font-style: normal; font-weight: normal; line-height: 17px; text-decoration: none; word-wrap: break-word;\" href=\"https:\/\/www.instagram.com\/p\/BY6rGCTnMb5\/?utm_source=ig_embed&amp;utm_medium=loading\" target=\"_blank\" rel=\"noopener\">24h (II) #night #photography #light #nightphotography #landscape #menorca #architecture #lightcolor #nightlights #streetstyle #streetphotography #styles #dark #oil #fuel #fuelstation #lifestyle #newproject #poligono #gasstation #somewheremagazine #rundownmagazine #n8zine #casadiringhieraselection #ig_onstandby #photocinematica<\/a><\/p>\n<p style=\"color: #c9c8cd; font-family: Arial,sans-serif; font-size: 14px; line-height: 17px; margin-bottom: 0; margin-top: 8px; overflow: hidden; padding: 8px 0 7px; text-align: center; text-overflow: ellipsis; white-space: nowrap;\">Ein Beitrag geteilt von <a style=\"color: #c9c8cd; font-family: Arial,sans-serif; font-size: 14px; font-style: normal; font-weight: normal; line-height: 17px;\" href=\"https:\/\/www.instagram.com\/cecimontobbio\/?utm_source=ig_embed&amp;utm_medium=loading\" target=\"_blank\" rel=\"noopener\"> Cecilia Montobbio<\/a> (@cecimontobbio) am <time style=\"font-family: Arial,sans-serif; font-size: 14px; line-height: 17px;\" datetime=\"2017-09-11T22:02:13+00:00\">Sep 11, 2017 um 3:02 PDT<\/time><\/p>\n<\/div>\n<\/blockquote>\n<p><script async src=\"\/\/www.instagram.com\/embed.js\"><\/script><br \/>\n<b>Gemma Canal \/ Polaroid 600 \/ <\/b><a href=\"https:\/\/www.instagram.com\/gemma.photographer\/\" rel=\"noopener\"><span style=\"font-weight: 400;\">@gemma.photographer<\/span><\/a><\/p>\n<p><span style=\"font-weight: 400;\">Esta exposici\u00f3n es producto de un viaje, cada una de las im\u00e1genes que lo constituye inmortaliza un momento o un espacio \u00fanico. La utilizaci\u00f3n del formato Polaroid permite reforzar m\u00e1s esta idea, ya que s\u00f3lo existe una copia \u00fanica de cada imagen. Os invito a hacer una peque\u00f1a ruta por el sur de Francia, empezando por Elna, -donde cientos de madres con sus ni\u00f1os se pudieron refugiar de la guerra- y terminando por Marsella, los habitantes de la cual abrazaron con entusiasmo la Revoluci\u00f3n Industrial y crearon el himno nacional de Francia.<\/span><\/p>\n<p>&nbsp;<\/p>\n<blockquote class=\"instagram-media\" style=\"background: #FFF; border: 0; border-radius: 3px; box-shadow: 0 0 1px 0 rgba(0,0,0,0.5),0 1px 10px 0 rgba(0,0,0,0.15); margin: 1px; max-width: 100%; min-width: 326px; padding: 0; width: calc(100% - 2px);\" data-instgrm-captioned=\"\" data-instgrm-permalink=\"https:\/\/www.instagram.com\/p\/BnLgkdbFF81\/?utm_source=ig_embed&amp;utm_medium=loading\" data-instgrm-version=\"12\">\n<div style=\"padding: 16px;\">\n<p>&nbsp;<\/p>\n<div style=\"display: flex; flex-direction: row; align-items: center;\"><\/div>\n<div style=\"padding: 19% 0;\"><\/div>\n<div style=\"display: block; height: 50px; margin: 0 auto 12px; width: 50px;\"><\/div>\n<div style=\"padding-top: 8px;\">\n<div style=\"color: #3897f0; font-family: Arial,sans-serif; font-size: 14px; font-style: normal; font-weight: 550; line-height: 18px;\">Sieh dir diesen Beitrag auf Instagram an<\/div>\n<\/div>\n<div style=\"padding: 12.5% 0;\"><\/div>\n<div style=\"display: flex; flex-direction: row; margin-bottom: 14px; align-items: center;\"><\/div>\n<p>&nbsp;<\/p>\n<p style=\"margin: 8px 0 0 0; padding: 0 4px;\"><a style=\"color: #000; font-family: Arial,sans-serif; font-size: 14px; font-style: normal; font-weight: normal; line-height: 17px; text-decoration: none; word-wrap: break-word;\" href=\"https:\/\/www.instagram.com\/p\/BnLgkdbFF81\/?utm_source=ig_embed&amp;utm_medium=loading\" target=\"_blank\" rel=\"noopener\">L&#8217;ouvre de Felipe Varini \u00abCercles Concentriques Excentriques\u00bb sur le front des frontificacions de la Cit\u00e9 et des parapluies dans la rue principale de Carcassone. #polaroid #polaroidoriginals #polaroid600 #expiredfilm #film #colours #vintage #composition #france #carcassone #history #trees #nature #filmisnotdead #todaviadisparoenanalogico #filmphotography #filmphoto #colorfilm #etczine #thefilmcommunity #travel #holidays #filmstagram #filmrevolution #chandalstore<\/a><\/p>\n<p style=\"color: #c9c8cd; font-family: Arial,sans-serif; font-size: 14px; line-height: 17px; margin-bottom: 0; margin-top: 8px; overflow: hidden; padding: 8px 0 7px; text-align: center; text-overflow: ellipsis; white-space: nowrap;\">Ein Beitrag geteilt von <a style=\"color: #c9c8cd; font-family: Arial,sans-serif; font-size: 14px; font-style: normal; font-weight: normal; line-height: 17px;\" href=\"https:\/\/www.instagram.com\/gemma.photographer\/?utm_source=ig_embed&amp;utm_medium=loading\" target=\"_blank\" rel=\"noopener\"> Gemma Canal<\/a> (@gemma.photographer) am <time style=\"font-family: Arial,sans-serif; font-size: 14px; line-height: 17px;\" datetime=\"2018-09-01T10:16:52+00:00\">Sep 1, 2018 um 3:16 PDT<\/time><\/p>\n<\/div>\n<\/blockquote>\n<p><script async src=\"\/\/www.instagram.com\/embed.js\"><\/script><\/p>\n<p>&nbsp;<\/p>\n<p>&nbsp;<\/p>\n<p><b>Paula Valera \/ Scan \/ <\/b><a href=\"https:\/\/www.instagram.com\/pevalera\/\" rel=\"noopener\"><span style=\"font-weight: 400;\">@pevalera<\/span><\/a><\/p>\n<p><span style=\"font-weight: 400;\">Mi inter\u00e9s surgi\u00f3 a partir de las formas y colores propias de la naturaleza que casi tienden a la abstracci\u00f3n. La fotograf\u00eda con c\u00e1mara \u00abconvencional\u00bb no me funcionaba, ya que no consegu\u00eda crear im\u00e1genes que tuvieran estos intereses. Esta problem\u00e1tica, me llev\u00f3 a investigar y experimentar con otros m\u00e9todos. As\u00ed fue como empec\u00e9 con los esc\u00e1neres, tratando el esc\u00e1ner como herramienta de trabajo art\u00edstico experimental. A la hora de crear im\u00e1genes y composiciones, alterno hojas, flores y otros motivos bot\u00e1nicos con luces, movimiento y un gran etc\u00e9tera de recursos que he ido descubriendo con meses de experimentaci\u00f3n. Pinto cuadros inspirados en las im\u00e1genes que obtengo e intento reinventarme y seguir experimentando, ya que encuentro que es una parte muy importante de este proyecto. Jugar con el azar y evolucionar sin olvidar la ra\u00edz de mi inter\u00e9s.<\/span><\/p>\n<p>&nbsp;<\/p>\n<blockquote class=\"instagram-media\" style=\"background: #FFF; border: 0; border-radius: 3px; box-shadow: 0 0 1px 0 rgba(0,0,0,0.5),0 1px 10px 0 rgba(0,0,0,0.15); margin: 1px; max-width: 100%; min-width: 326px; padding: 0; width: calc(100% - 2px);\" data-instgrm-permalink=\"https:\/\/www.instagram.com\/p\/BpaCEBPFoa6\/?utm_source=ig_embed&amp;utm_medium=loading\" data-instgrm-version=\"12\">\n<div style=\"padding: 16px;\">\n<p>&nbsp;<\/p>\n<div style=\"display: flex; flex-direction: row; align-items: center;\"><\/div>\n<div style=\"padding: 19% 0;\"><\/div>\n<div style=\"display: block; height: 50px; margin: 0 auto 12px; width: 50px;\"><\/div>\n<div style=\"padding-top: 8px;\">\n<div style=\"color: #3897f0; font-family: Arial,sans-serif; font-size: 14px; font-style: normal; font-weight: 550; line-height: 18px;\">Sieh dir diesen Beitrag auf Instagram an<\/div>\n<\/div>\n<div style=\"padding: 12.5% 0;\"><\/div>\n<div style=\"display: flex; flex-direction: row; margin-bottom: 14px; align-items: center;\"><\/div>\n<div style=\"display: flex; flex-direction: column; flex-grow: 1; justify-content: center; margin-bottom: 24px;\"><\/div>\n<p>&nbsp;<\/p>\n<p style=\"color: #c9c8cd; font-family: Arial,sans-serif; font-size: 14px; line-height: 17px; margin-bottom: 0; margin-top: 8px; overflow: hidden; padding: 8px 0 7px; text-align: center; text-overflow: ellipsis; white-space: nowrap;\"><a style=\"color: #c9c8cd; font-family: Arial,sans-serif; font-size: 14px; font-style: normal; font-weight: normal; line-height: 17px; text-decoration: none;\" href=\"https:\/\/www.instagram.com\/p\/BpaCEBPFoa6\/?utm_source=ig_embed&amp;utm_medium=loading\" target=\"_blank\" rel=\"noopener\">Ein Beitrag geteilt von Paula Valera (@pevalera)<\/a> am <time style=\"font-family: Arial,sans-serif; font-size: 14px; line-height: 17px;\" datetime=\"2018-10-26T18:41:41+00:00\">Okt 26, 2018 um 11:41 PDT<\/time><\/p>\n<\/div>\n<\/blockquote>\n<p><script async src=\"\/\/www.instagram.com\/embed.js\"><\/script><br \/>\n<b>Juan Manuel Hincapi\u00e9 \/ Shadow Dance \/ <\/b><a href=\"https:\/\/www.instagram.com\/hincapieph\/\" rel=\"noopener\"><span style=\"font-weight: 400;\">@hincapieph<\/span><\/a><\/p>\n<p><span style=\"font-weight: 400;\">Todo lo que es visible puede poseer un gesto, una relaci\u00f3n, particularidad o posibilidad para la imaginaci\u00f3n. Este trabajo crea una versi\u00f3n m\u00edstica de la realidad; ambigua y surrealista. Construye nuevas realidades al capturar las sombras que se forman a nuestros pies, escondidas dentro de la costumbre y monoton\u00eda de nuestras vidas. Nos cuenta una historia entre su baile con la luz, y a la vez se presta para explorar y separar lo mundano de lo m\u00e1s perplejo, otorgando al espectador la posibilidad de ver las cosas por su apariencia, su estructura y su orden, su causa y su efecto en relaci\u00f3n con el espacio y el tiempo.<\/span><\/p>\n<p>&nbsp;<\/p>\n<blockquote class=\"instagram-media\" style=\"background: #FFF; border: 0; border-radius: 3px; box-shadow: 0 0 1px 0 rgba(0,0,0,0.5),0 1px 10px 0 rgba(0,0,0,0.15); margin: 1px; max-width: 100%; min-width: 326px; padding: 0; width: calc(100% - 2px);\" data-instgrm-captioned=\"\" data-instgrm-permalink=\"https:\/\/www.instagram.com\/p\/BwotlWMDc_9\/\" data-instgrm-version=\"12\">\n<div style=\"padding: 16px;\">\n<p>&nbsp;<\/p>\n<div style=\"display: flex; flex-direction: row; align-items: center;\"><\/div>\n<div style=\"padding: 19% 0;\"><\/div>\n<div style=\"display: block; height: 50px; margin: 0 auto 12px; width: 50px;\"><\/div>\n<div style=\"padding-top: 8px;\">\n<div style=\"color: #3897f0; font-family: Arial,sans-serif; font-size: 14px; font-style: normal; font-weight: 550; line-height: 18px;\">Sieh dir diesen Beitrag auf Instagram an<\/div>\n<\/div>\n<div style=\"padding: 12.5% 0;\"><\/div>\n<div style=\"display: flex; flex-direction: row; margin-bottom: 14px; align-items: center;\"><\/div>\n<p>&nbsp;<\/p>\n<p style=\"margin: 8px 0 0 0; padding: 0 4px;\"><a style=\"color: #000; font-family: Arial,sans-serif; font-size: 14px; font-style: normal; font-weight: normal; line-height: 17px; text-decoration: none; word-wrap: break-word;\" href=\"https:\/\/www.instagram.com\/p\/BwotlWMDc_9\/\" target=\"_blank\" rel=\"noopener\">Dancing shadows project.<\/a><\/p>\n<p style=\"color: #c9c8cd; font-family: Arial,sans-serif; font-size: 14px; line-height: 17px; margin-bottom: 0; margin-top: 8px; overflow: hidden; padding: 8px 0 7px; text-align: center; text-overflow: ellipsis; white-space: nowrap;\">Ein Beitrag geteilt von <a style=\"color: #c9c8cd; font-family: Arial,sans-serif; font-size: 14px; font-style: normal; font-weight: normal; line-height: 17px;\" href=\"https:\/\/www.instagram.com\/hincapieph\/\" target=\"_blank\" rel=\"noopener\"> Juan Manuel Hincapi\u00e9 M.<\/a> (@hincapieph) am <time style=\"font-family: Arial,sans-serif; font-size: 14px; line-height: 17px;\" datetime=\"2019-04-24T11:11:06+00:00\">Apr 24, 2019 um 4:11 PDT<\/time><\/p>\n<\/div>\n<\/blockquote>\n<p><script async src=\"\/\/www.instagram.com\/embed.js\"><\/script><\/p>\n<p>&nbsp;<\/p>\n<p>&nbsp;<\/p>\n<p><b>Marina Romero \/ Awkward Doodles \/ <\/b><a href=\"https:\/\/www.instagram.com\/marinasdoodles\/\" rel=\"noopener\"><span style=\"font-weight: 400;\">@marinasdoodles<\/span><\/a><\/p>\n<p><span style=\"font-weight: 400;\">Desde peque\u00f1a me ha encantado dibujar, y siempre que me encuentro sin nada que hacer, lo primero que hago es coger un l\u00e1piz. Empec\u00e9 a dibujar c\u00f3mics m\u00e1s seriamente hace un par de a\u00f1os, gracias a referentes como Sarah Andersen y Poorly Drawn Lines, aunque desde siempre me han gustado c\u00f3mics como Mafalda y 13 Rue del Percebe. Aqu\u00ed encuentra una selecci\u00f3n de mis c\u00f3mics favoritos.<\/span><\/p>\n<blockquote class=\"instagram-media\" style=\"background: #FFF; border: 0; border-radius: 3px; box-shadow: 0 0 1px 0 rgba(0,0,0,0.5),0 1px 10px 0 rgba(0,0,0,0.15); margin: 1px; max-width: 100%; min-width: 326px; padding: 0; width: calc(100% - 2px);\" data-instgrm-captioned=\"\" data-instgrm-permalink=\"https:\/\/www.instagram.com\/p\/Bu4jZycn3w2\/?utm_source=ig_embed&amp;utm_medium=loading\" data-instgrm-version=\"12\">\n<div style=\"padding: 16px;\">\n<p>&nbsp;<\/p>\n<div style=\"display: flex; flex-direction: row; align-items: center;\"><\/div>\n<div style=\"padding: 19% 0;\"><\/div>\n<div style=\"display: block; height: 50px; margin: 0 auto 12px; width: 50px;\"><\/div>\n<div style=\"padding-top: 8px;\">\n<div style=\"color: #3897f0; font-family: Arial,sans-serif; font-size: 14px; font-style: normal; font-weight: 550; line-height: 18px;\">Sieh dir diesen Beitrag auf Instagram an<\/div>\n<\/div>\n<div style=\"padding: 12.5% 0;\"><\/div>\n<div style=\"display: flex; flex-direction: row; margin-bottom: 14px; align-items: center;\"><\/div>\n<p>&nbsp;<\/p>\n<p style=\"margin: 8px 0 0 0; padding: 0 4px;\"><a style=\"color: #000; font-family: Arial,sans-serif; font-size: 14px; font-style: normal; font-weight: normal; line-height: 17px; text-decoration: none; word-wrap: break-word;\" href=\"https:\/\/www.instagram.com\/p\/Bu4jZycn3w2\/?utm_source=ig_embed&amp;utm_medium=loading\" target=\"_blank\" rel=\"noopener\">Had this comic sketched for a few months and finally got around to drawing it \u270c\ufe0f &#8212;&#8212;&#8212;&#8212;&#8212;&#8212;&#8212;&#8212;&#8212;&#8212;&#8212;&#8212;&#8212;&#8212;&#8212;&#8212; #drawing #doodle #doodles #comic #comics #webcomic #webtoon #funny #crush #ex #seemedoodle #webtoons<\/a><\/p>\n<p style=\"color: #c9c8cd; font-family: Arial,sans-serif; font-size: 14px; line-height: 17px; margin-bottom: 0; margin-top: 8px; overflow: hidden; padding: 8px 0 7px; text-align: center; text-overflow: ellipsis; white-space: nowrap;\">Ein Beitrag geteilt von <a style=\"color: #c9c8cd; font-family: Arial,sans-serif; font-size: 14px; font-style: normal; font-weight: normal; line-height: 17px;\" href=\"https:\/\/www.instagram.com\/marinasdoodles\/?utm_source=ig_embed&amp;utm_medium=loading\" target=\"_blank\" rel=\"noopener\"> Marina&#8217;s Doodles<\/a> (@marinasdoodles) am <time style=\"font-family: Arial,sans-serif; font-size: 14px; line-height: 17px;\" datetime=\"2019-03-11T21:47:12+00:00\">M\u00e4r 11, 2019 um 2:47 PDT<\/time><\/p>\n<\/div>\n<\/blockquote>\n<p><script async src=\"\/\/www.instagram.com\/embed.js\"><\/script><\/p>\n<hr \/>\n<p>&nbsp;<\/p>\n<div style=\"text-align: center;\">\u00a0<a class=\"btn btn-primary btn-lg bg-turquoise\" href=\"https:\/\/www.facebook.com\/events\/2349199478650080\/\" rel=\"noopener\">Comparte el evento en Facebook<br \/>\n<\/a><\/div>\n<p>&nbsp;<\/p>\n<hr \/>\n<p>&nbsp;<\/p>\n<h1><b>\u2014 Market<\/b><\/h1>\n<p>&nbsp;<\/p>\n<h2><b>Pop-Up Stores<\/b><\/h2>\n<hr \/>\n<p>&nbsp;<\/p>\n<p><b>ShopNordico <\/b><span style=\"font-weight: 400;\">\u00a0\/ <\/span><a href=\"https:\/\/shopnordico.com\/\" rel=\"noopener\"><span style=\"font-weight: 400;\">shopnordico.com<\/span><\/a><\/p>\n<p><span style=\"font-weight: 400;\">V\u00e4lkommen, bienvenidos a Shopnordico, la tienda online para los amantes de la decoraci\u00f3n n\u00f3rdica.\u00a0<\/span><span style=\"font-weight: 400;\">Somos un equipo con mucho amor por la decoraci\u00f3n escandinava. Tenemos nuestras oficinas y almacenes en Barcelona, \u200b\u200bpero una gran parte de nuestro equipo ha nacido y vivido en Dinamarca, Suecia, Noruega y Finlandia o de alguna manera est\u00e1n conectado a los pa\u00edses n\u00f3rdicos. Se puede decir que llevamos el estilo n\u00f3rdico \u00aben la sangre\u00bb. Para nosotros, este estilo es m\u00e1s que una moda, es un esp\u00edritu, un estilo de vida. El estilo n\u00f3rdico significa belleza, funcionalidad, simplicidad y calidad. Es una buena base para crear un hogar acogedor, pero al mismo tiempo con personalidad y armon\u00eda.<\/span><\/p>\n<p><span style=\"font-weight: 400;\">Shopnordico naci\u00f3 el 28 de octubre de 2009, y luego de 9 a\u00f1os de experiencia podemos decir que conocemos muy bien nuestros productos y las marcas que vendemos. Adem\u00e1s, viajamos a menudo a los pa\u00edses n\u00f3rdicos y de esta manera estamos al d\u00eda con las \u00faltimas tendencias en el norte. Nos encanta compartir trucos para decorar tu hogar y tambi\u00e9n queremos ser una de las fuentes de inspiraci\u00f3n si est\u00e1 buscando ideas, nuevas formas de usar un producto o simplemente quieres que tu d\u00eda se vea hermoso, \u00a1est\u00e1s en el lugar correcto para una aut\u00e9ntica experiencia n\u00f3rdica!<\/span><\/p>\n<p>&nbsp;<\/p>\n<p>&nbsp;<\/p>\n<blockquote class=\"instagram-media\" style=\"background: #FFF; border: 0; border-radius: 3px; box-shadow: 0 0 1px 0 rgba(0,0,0,0.5),0 1px 10px 0 rgba(0,0,0,0.15); margin: 1px; max-width: 100%; min-width: 326px; padding: 0; width: calc(100% - 2px);\" data-instgrm-captioned=\"\" data-instgrm-permalink=\"https:\/\/www.instagram.com\/p\/BwjUl_KhWc1\/?utm_source=ig_embed&amp;utm_medium=loading\" data-instgrm-version=\"12\">\n<div style=\"padding: 16px;\">\n<p>&nbsp;<\/p>\n<div style=\"display: flex; flex-direction: row; align-items: center;\"><\/div>\n<div style=\"padding: 19% 0;\"><\/div>\n<div style=\"display: block; height: 50px; margin: 0 auto 12px; width: 50px;\"><\/div>\n<div style=\"padding-top: 8px;\">\n<div style=\"color: #3897f0; font-family: Arial,sans-serif; font-size: 14px; font-style: normal; font-weight: 550; line-height: 18px;\">Sieh dir diesen Beitrag auf Instagram an<\/div>\n<\/div>\n<div style=\"padding: 12.5% 0;\"><\/div>\n<div style=\"display: flex; flex-direction: row; margin-bottom: 14px; align-items: center;\"><\/div>\n<p>&nbsp;<\/p>\n<p style=\"margin: 8px 0 0 0; padding: 0 4px;\"><a style=\"color: #000; font-family: Arial,sans-serif; font-size: 14px; font-style: normal; font-weight: normal; line-height: 17px; text-decoration: none; word-wrap: break-word;\" href=\"https:\/\/www.instagram.com\/p\/BwjUl_KhWc1\/?utm_source=ig_embed&amp;utm_medium=loading\" target=\"_blank\" rel=\"noopener\">Hoy es festivo en Barcelona pero la tienda online est\u00e1 abierta. Recordamos que hoy es el \u00faltimo d\u00eda para aprovechar -25% en todos los productos que tienen algo de amarillo con el c\u00f3digo: amarilloparapascua #pascua #eastern #littlephant #shopnordico #tetera #diseon\u00f3rdico #decoraci\u00f3nnordica<\/a><\/p>\n<p style=\"color: #c9c8cd; font-family: Arial,sans-serif; font-size: 14px; line-height: 17px; margin-bottom: 0; margin-top: 8px; overflow: hidden; padding: 8px 0 7px; text-align: center; text-overflow: ellipsis; white-space: nowrap;\">Ein Beitrag geteilt von <a style=\"color: #c9c8cd; font-family: Arial,sans-serif; font-size: 14px; font-style: normal; font-weight: normal; line-height: 17px;\" href=\"https:\/\/www.instagram.com\/shopnordico\/?utm_source=ig_embed&amp;utm_medium=loading\" target=\"_blank\" rel=\"noopener\"> Shopnordico<\/a> (@shopnordico) am <time style=\"font-family: Arial,sans-serif; font-size: 14px; line-height: 17px;\" datetime=\"2019-04-22T08:56:32+00:00\">Apr 22, 2019 um 1:56 PDT<\/time><\/p>\n<\/div>\n<\/blockquote>\n<p><script async src=\"\/\/www.instagram.com\/embed.js\"><\/script><\/p>\n<p>&nbsp;<\/p>\n<blockquote class=\"instagram-media\" style=\"background: #FFF; border: 0; border-radius: 3px; box-shadow: 0 0 1px 0 rgba(0,0,0,0.5),0 1px 10px 0 rgba(0,0,0,0.15); margin: 1px; max-width: 100%; min-width: 326px; padding: 0; width: calc(100% - 2px);\" data-instgrm-captioned=\"\" data-instgrm-permalink=\"https:\/\/www.instagram.com\/p\/BwkNk2IBslP\/?utm_source=ig_embed&amp;utm_medium=loading\" data-instgrm-version=\"12\">\n<div style=\"padding: 16px;\">\n<p>&nbsp;<\/p>\n<div style=\"display: flex; flex-direction: row; align-items: center;\"><\/div>\n<div style=\"padding: 19% 0;\"><\/div>\n<div style=\"display: block; height: 50px; margin: 0 auto 12px; width: 50px;\"><\/div>\n<div style=\"padding-top: 8px;\">\n<div style=\"color: #3897f0; font-family: Arial,sans-serif; font-size: 14px; font-style: normal; font-weight: 550; line-height: 18px;\">Sieh dir diesen Beitrag auf Instagram an<\/div>\n<\/div>\n<div style=\"padding: 12.5% 0;\"><\/div>\n<div style=\"display: flex; flex-direction: row; margin-bottom: 14px; align-items: center;\"><\/div>\n<p>&nbsp;<\/p>\n<p style=\"margin: 8px 0 0 0; padding: 0 4px;\"><a style=\"color: #000; font-family: Arial,sans-serif; font-size: 14px; font-style: normal; font-weight: normal; line-height: 17px; text-decoration: none; word-wrap: break-word;\" href=\"https:\/\/www.instagram.com\/p\/BwkNk2IBslP\/?utm_source=ig_embed&amp;utm_medium=loading\" target=\"_blank\" rel=\"noopener\">Simplemente bonito \ud83c\udf31 #floreroada #shopnordico #newin #novedades #housedoctor #floreros #jarrones https:\/\/shopnordico.com\/products\/florero-con-base-ada<\/a><\/p>\n<p style=\"color: #c9c8cd; font-family: Arial,sans-serif; font-size: 14px; line-height: 17px; margin-bottom: 0; margin-top: 8px; overflow: hidden; padding: 8px 0 7px; text-align: center; text-overflow: ellipsis; white-space: nowrap;\">Ein Beitrag geteilt von <a style=\"color: #c9c8cd; font-family: Arial,sans-serif; font-size: 14px; font-style: normal; font-weight: normal; line-height: 17px;\" href=\"https:\/\/www.instagram.com\/shopnordico\/?utm_source=ig_embed&amp;utm_medium=loading\" target=\"_blank\" rel=\"noopener\"> Shopnordico<\/a> (@shopnordico) am <time style=\"font-family: Arial,sans-serif; font-size: 14px; line-height: 17px;\" datetime=\"2019-04-22T17:14:27+00:00\">Apr 22, 2019 um 10:14 PDT<\/time><\/p>\n<\/div>\n<\/blockquote>\n<p><script async src=\"\/\/www.instagram.com\/embed.js\"><\/script><\/p>\n<p>&nbsp;<\/p>\n<blockquote class=\"instagram-media\" style=\"background: #FFF; border: 0; border-radius: 3px; box-shadow: 0 0 1px 0 rgba(0,0,0,0.5),0 1px 10px 0 rgba(0,0,0,0.15); margin: 1px; max-width: 100%; min-width: 326px; padding: 0; width: calc(100% - 2px);\" data-instgrm-captioned=\"\" data-instgrm-permalink=\"https:\/\/www.instagram.com\/p\/BwKnWaghrY6\/?utm_source=ig_embed&amp;utm_medium=loading\" data-instgrm-version=\"12\">\n<div style=\"padding: 16px;\">\n<p>&nbsp;<\/p>\n<div style=\"display: flex; flex-direction: row; align-items: center;\"><\/div>\n<div style=\"padding: 19% 0;\"><\/div>\n<div style=\"display: block; height: 50px; margin: 0 auto 12px; width: 50px;\"><\/div>\n<div style=\"padding-top: 8px;\">\n<div style=\"color: #3897f0; font-family: Arial,sans-serif; font-size: 14px; font-style: normal; font-weight: 550; line-height: 18px;\">Sieh dir diesen Beitrag auf Instagram an<\/div>\n<\/div>\n<div style=\"padding: 12.5% 0;\"><\/div>\n<div style=\"display: flex; flex-direction: row; margin-bottom: 14px; align-items: center;\"><\/div>\n<p>&nbsp;<\/p>\n<p style=\"margin: 8px 0 0 0; padding: 0 4px;\"><a style=\"color: #000; font-family: Arial,sans-serif; font-size: 14px; font-style: normal; font-weight: normal; line-height: 17px; text-decoration: none; word-wrap: break-word;\" href=\"https:\/\/www.instagram.com\/p\/BwKnWaghrY6\/?utm_source=ig_embed&amp;utm_medium=loading\" target=\"_blank\" rel=\"noopener\">A cenar \ud83c\udf7d #vajilla #krackel #olssonjensen #scandi #fridaynight #acenar #shopnordico #decoracionnordica #mesasbonitas https:\/\/shopnordico.com\/collections\/vajilla<\/a><\/p>\n<p style=\"color: #c9c8cd; font-family: Arial,sans-serif; font-size: 14px; line-height: 17px; margin-bottom: 0; margin-top: 8px; overflow: hidden; padding: 8px 0 7px; text-align: center; text-overflow: ellipsis; white-space: nowrap;\">Ein Beitrag geteilt von <a style=\"color: #c9c8cd; font-family: Arial,sans-serif; font-size: 14px; font-style: normal; font-weight: normal; line-height: 17px;\" href=\"https:\/\/www.instagram.com\/shopnordico\/?utm_source=ig_embed&amp;utm_medium=loading\" target=\"_blank\" rel=\"noopener\"> Shopnordico<\/a> (@shopnordico) am <time style=\"font-family: Arial,sans-serif; font-size: 14px; line-height: 17px;\" datetime=\"2019-04-12T18:39:25+00:00\">Apr 12, 2019 um 11:39 PDT<\/time><\/p>\n<\/div>\n<\/blockquote>\n<p><script async src=\"\/\/www.instagram.com\/embed.js\"><\/script><\/p>\n<p>&nbsp;<\/p>\n<p>&nbsp;<\/p>\n<p><b>Marcas<\/b><\/p>\n<p><span style=\"font-weight: 400;\">\u2014\u00a0Blafre \/ <\/span><a href=\"https:\/\/shopnordico.com\/collections\/blafre\" rel=\"noopener\"><span style=\"font-weight: 400;\">shopnordico.com\/collections\/blafre<\/span><\/a><\/p>\n<p><span style=\"font-weight: 400;\">\u2014\u00a0Littlephant \/ <\/span><a href=\"https:\/\/shopnordico.com\/collections\/littlephant\" rel=\"noopener\"><span style=\"font-weight: 400;\">shopnordico.com\/collections\/littlephant<\/span><\/a><\/p>\n<p><span style=\"font-weight: 400;\">\u2014\u00a0House Doctor \/ <\/span><a href=\"https:\/\/shopnordico.com\/collections\/house-doctor?page=2\" rel=\"noopener\"><span style=\"font-weight: 400;\">shopnordico.com\/collections\/house-doctor<\/span><\/a><\/p>\n<p>&nbsp;<\/p>\n<hr \/>\n<p>&nbsp;<\/p>\n<p><strong>Murri Clothes<\/strong> \/\u00a0<a href=\"https:\/\/www.murri-clothes.com\" rel=\"noopener\">murri-clothes.com<\/a><\/p>\n<p>Murry Clothes. Fashion for analog People. Creamos piezas de edici\u00f3n limitada para vestir todos igual es muy aburrido. Nos inspiran: el arte, la moda, la ilustraci\u00f3n, la est\u00e9tica vintage, la fotograf\u00eda y viajar. Apostamos por un estilo atemporal con aires cl\u00e1sicos y formas sencillas. El tejido, color y textura destacan por encima del dise\u00f1o. Usamos tejidos naturales y artificiales. Buscamos la exclusividad usando tejidos antiguos provenientes de cupones y finales de serie con poco metraje.<\/p>\n<p>&nbsp;<\/p>\n<p><strong>Roew<\/strong> \/\u00a0<a href=\"https:\/\/www.instagram.com\/atelier_leschausseurs\/?hl=en\" rel=\"noopener\">@atelier_leschausseurs<\/a><\/p>\n<p>Roew es una marca de calzado para mujer creada en 2017 en el Pened\u00e8s. La marca crea y distribuye sus productos en 7 pa\u00edses diferentes desde el estudio cerca del Vendrell. La marca fue creada en 2017 y produce en Portugal y Menorca. Tiene tienda en la ciudad de Montreal en Quebec y tambi\u00e9n al centros Falabella de Santiago de Chile y Dizengoff de Tel Aviv.<\/p>\n<p>&nbsp;<\/p>\n<blockquote class=\"instagram-media\" data-instgrm-captioned data-instgrm-permalink=\"https:\/\/www.instagram.com\/p\/BvIh77Zh6UO\/\" data-instgrm-version=\"12\" style=\" background:#FFF; border:0; border-radius:3px; box-shadow:0 0 1px 0 rgba(0,0,0,0.5),0 1px 10px 0 rgba(0,0,0,0.15); margin: 1px; max-width:100%; min-width:326px; padding:0; width:99.375%; width:-webkit-calc(100% - 2px); width:calc(100% - 2px);\">\n<div style=\"padding:16px;\"> <a href=\"https:\/\/www.instagram.com\/p\/BvIh77Zh6UO\/\" style=\" background:#FFFFFF; line-height:0; padding:0 0; text-align:center; text-decoration:none; width:100%;\" target=\"_blank\" rel=\"noopener\"> <\/p>\n<div style=\" display: flex; flex-direction: row; align-items: center;\">\n<div style=\"background-color: #F4F4F4; border-radius: 50%; flex-grow: 0; height: 40px; margin-right: 14px; width: 40px;\"><\/div>\n<div style=\"display: flex; flex-direction: column; flex-grow: 1; justify-content: center;\">\n<div style=\" background-color: #F4F4F4; border-radius: 4px; flex-grow: 0; height: 14px; margin-bottom: 6px; width: 100px;\"><\/div>\n<div style=\" background-color: #F4F4F4; border-radius: 4px; flex-grow: 0; height: 14px; width: 60px;\"><\/div>\n<\/div>\n<\/div>\n<div style=\"padding: 19% 0;\"><\/div>\n<div style=\"display:block; height:50px; margin:0 auto 12px; width:50px;\"><svg width=\"50px\" height=\"50px\" viewBox=\"0 0 60 60\" version=\"1.1\" xmlns=\"https:\/\/www.w3.org\/2000\/svg\" xmlns:xlink=\"https:\/\/www.w3.org\/1999\/xlink\"><g stroke=\"none\" stroke-width=\"1\" fill=\"none\" fill-rule=\"evenodd\"><g transform=\"translate(-511.000000, -20.000000)\" fill=\"#000000\"><g><path d=\"M556.869,30.41 C554.814,30.41 553.148,32.076 553.148,34.131 C553.148,36.186 554.814,37.852 556.869,37.852 C558.924,37.852 560.59,36.186 560.59,34.131 C560.59,32.076 558.924,30.41 556.869,30.41 M541,60.657 C535.114,60.657 530.342,55.887 530.342,50 C530.342,44.114 535.114,39.342 541,39.342 C546.887,39.342 551.658,44.114 551.658,50 C551.658,55.887 546.887,60.657 541,60.657 M541,33.886 C532.1,33.886 524.886,41.1 524.886,50 C524.886,58.899 532.1,66.113 541,66.113 C549.9,66.113 557.115,58.899 557.115,50 C557.115,41.1 549.9,33.886 541,33.886 M565.378,62.101 C565.244,65.022 564.756,66.606 564.346,67.663 C563.803,69.06 563.154,70.057 562.106,71.106 C561.058,72.155 560.06,72.803 558.662,73.347 C557.607,73.757 556.021,74.244 553.102,74.378 C549.944,74.521 548.997,74.552 541,74.552 C533.003,74.552 532.056,74.521 528.898,74.378 C525.979,74.244 524.393,73.757 523.338,73.347 C521.94,72.803 520.942,72.155 519.894,71.106 C518.846,70.057 518.197,69.06 517.654,67.663 C517.244,66.606 516.755,65.022 516.623,62.101 C516.479,58.943 516.448,57.996 516.448,50 C516.448,42.003 516.479,41.056 516.623,37.899 C516.755,34.978 517.244,33.391 517.654,32.338 C518.197,30.938 518.846,29.942 519.894,28.894 C520.942,27.846 521.94,27.196 523.338,26.654 C524.393,26.244 525.979,25.756 528.898,25.623 C532.057,25.479 533.004,25.448 541,25.448 C548.997,25.448 549.943,25.479 553.102,25.623 C556.021,25.756 557.607,26.244 558.662,26.654 C560.06,27.196 561.058,27.846 562.106,28.894 C563.154,29.942 563.803,30.938 564.346,32.338 C564.756,33.391 565.244,34.978 565.378,37.899 C565.522,41.056 565.552,42.003 565.552,50 C565.552,57.996 565.522,58.943 565.378,62.101 M570.82,37.631 C570.674,34.438 570.167,32.258 569.425,30.349 C568.659,28.377 567.633,26.702 565.965,25.035 C564.297,23.368 562.623,22.342 560.652,21.575 C558.743,20.834 556.562,20.326 553.369,20.18 C550.169,20.033 549.148,20 541,20 C532.853,20 531.831,20.033 528.631,20.18 C525.438,20.326 523.257,20.834 521.349,21.575 C519.376,22.342 517.703,23.368 516.035,25.035 C514.368,26.702 513.342,28.377 512.574,30.349 C511.834,32.258 511.326,34.438 511.181,37.631 C511.035,40.831 511,41.851 511,50 C511,58.147 511.035,59.17 511.181,62.369 C511.326,65.562 511.834,67.743 512.574,69.651 C513.342,71.625 514.368,73.296 516.035,74.965 C517.703,76.634 519.376,77.658 521.349,78.425 C523.257,79.167 525.438,79.673 528.631,79.82 C531.831,79.965 532.853,80.001 541,80.001 C549.148,80.001 550.169,79.965 553.369,79.82 C556.562,79.673 558.743,79.167 560.652,78.425 C562.623,77.658 564.297,76.634 565.965,74.965 C567.633,73.296 568.659,71.625 569.425,69.651 C570.167,67.743 570.674,65.562 570.82,62.369 C570.966,59.17 571,58.147 571,50 C571,41.851 570.966,40.831 570.82,37.631\"><\/path><\/g><\/g><\/g><\/svg><\/div>\n<div style=\"padding-top: 8px;\">\n<div style=\" color:#3897f0; font-family:Arial,sans-serif; font-size:14px; font-style:normal; font-weight:550; line-height:18px;\"> Sieh dir diesen Beitrag auf Instagram an<\/div>\n<\/div>\n<div style=\"padding: 12.5% 0;\"><\/div>\n<div style=\"display: flex; flex-direction: row; margin-bottom: 14px; align-items: center;\">\n<div>\n<div style=\"background-color: #F4F4F4; border-radius: 50%; height: 12.5px; width: 12.5px; transform: translateX(0px) translateY(7px);\"><\/div>\n<div style=\"background-color: #F4F4F4; height: 12.5px; transform: rotate(-45deg) translateX(3px) translateY(1px); width: 12.5px; flex-grow: 0; margin-right: 14px; margin-left: 2px;\"><\/div>\n<div style=\"background-color: #F4F4F4; border-radius: 50%; height: 12.5px; width: 12.5px; transform: translateX(9px) translateY(-18px);\"><\/div>\n<\/div>\n<div style=\"margin-left: 8px;\">\n<div style=\" background-color: #F4F4F4; border-radius: 50%; flex-grow: 0; height: 20px; width: 20px;\"><\/div>\n<div style=\" width: 0; height: 0; border-top: 2px solid transparent; border-left: 6px solid #f4f4f4; border-bottom: 2px solid transparent; transform: translateX(16px) translateY(-4px) rotate(30deg)\"><\/div>\n<\/div>\n<div style=\"margin-left: auto;\">\n<div style=\" width: 0px; border-top: 8px solid #F4F4F4; border-right: 8px solid transparent; transform: translateY(16px);\"><\/div>\n<div style=\" background-color: #F4F4F4; flex-grow: 0; height: 12px; width: 16px; transform: translateY(-4px);\"><\/div>\n<div style=\" width: 0; height: 0; border-top: 8px solid #F4F4F4; border-left: 8px solid transparent; transform: translateY(-4px) translateX(8px);\"><\/div>\n<\/div>\n<\/div>\n<p><\/a> <\/p>\n<p style=\" margin:8px 0 0 0; padding:0 4px;\"> <a href=\"https:\/\/www.instagram.com\/p\/BvIh77Zh6UO\/\" style=\" color:#000; font-family:Arial,sans-serif; font-size:14px; font-style:normal; font-weight:normal; line-height:17px; text-decoration:none; word-wrap:break-word;\" target=\"_blank\" rel=\"noopener\">New styles bient\u00f4t disponibles dans nos stores #berlin et #montreal #shoesaddicted #shoes #mens #ecofriendly #newseason #shoestagrams #designers #barcelona #madeinportugal<\/a><\/p>\n<p style=\" color:#c9c8cd; font-family:Arial,sans-serif; font-size:14px; line-height:17px; margin-bottom:0; margin-top:8px; overflow:hidden; padding:8px 0 7px; text-align:center; text-overflow:ellipsis; white-space:nowrap;\">Ein Beitrag geteilt von <a href=\"https:\/\/www.instagram.com\/atelier_leschausseurs\/\" style=\" color:#c9c8cd; font-family:Arial,sans-serif; font-size:14px; font-style:normal; font-weight:normal; line-height:17px;\" target=\"_blank\" rel=\"noopener\"> Atelier. Barcelona<\/a> (@atelier_leschausseurs) am <time style=\" font-family:Arial,sans-serif; font-size:14px; line-height:17px;\" datetime=\"2019-03-18T02:42:14+00:00\">M\u00e4r 17, 2019 um 7:42 PDT<\/time><\/p>\n<\/div>\n<\/blockquote>\n<p> <script async src=\"\/\/www.instagram.com\/embed.js\"><\/script><\/p>\n<p>&nbsp;<\/p>\n<p><strong>Cristina Ru\u00edz de Morales<\/strong> \/ Camisetas \/\u00a0<strong>Mont Rebei &amp; Les Garrigues<\/strong>\u00a0\/ Edici\u00f3n limitada<\/p>\n<p>Amamos nuestro pa\u00eds y lo compartimos con el mundo. Nos gusta ser n\u00f3madas de paisajes y sentimientos. Cuando los descubrimos los hacemos perdurables en forma de moda para disfrutar siempre. Huyendo del recuerdo tur\u00edstico, captamos el arte de la naturaleza y el ponemos a su disposici\u00f3n en esta edici\u00f3n limitada que presentamos por primera vez en exclusiva. Nos hemos inspirado en im\u00e1genes de dos paisajes emocionantes de Catalu\u00f1a: el desfiladero de Mont Rebei y los campos floridos de Les Garrigues. Esperamos haber sido capaces de transmitir esta emoci\u00f3n y que os la pod\u00e1is llevar a casa para disfrutarla en muchas paseos!<\/p>\n<p>&nbsp;<\/p>\n<p><img loading=\"lazy\" decoding=\"async\" class=\"aligncenter size-large wp-image-14128\" src=\"http:\/\/magazinetest.atomic4dev.net\/wp-content\/uploads\/2019\/04\/59102-38499-19-ACR-ARBOLES-Y-FLORES-SIMULACION-1024x685.jpg\" alt=\"\" width=\"1024\" height=\"685\" srcset=\"https:\/\/magazinetest.atomic4dev.net\/wp-content\/uploads\/2019\/04\/59102-38499-19-ACR-ARBOLES-Y-FLORES-SIMULACION-1024x685.jpg 1024w, https:\/\/magazinetest.atomic4dev.net\/wp-content\/uploads\/2019\/04\/59102-38499-19-ACR-ARBOLES-Y-FLORES-SIMULACION-300x201.jpg 300w, https:\/\/magazinetest.atomic4dev.net\/wp-content\/uploads\/2019\/04\/59102-38499-19-ACR-ARBOLES-Y-FLORES-SIMULACION-768x514.jpg 768w\" sizes=\"auto, (max-width: 1024px) 100vw, 1024px\" \/> <img loading=\"lazy\" decoding=\"async\" class=\"aligncenter size-large wp-image-14132\" src=\"http:\/\/magazinetest.atomic4dev.net\/wp-content\/uploads\/2019\/04\/59102-38499-19-ACR-LAGO-SIMULACION-1024x704.jpg\" alt=\"\" width=\"1024\" height=\"704\" srcset=\"https:\/\/magazinetest.atomic4dev.net\/wp-content\/uploads\/2019\/04\/59102-38499-19-ACR-LAGO-SIMULACION-1024x704.jpg 1024w, https:\/\/magazinetest.atomic4dev.net\/wp-content\/uploads\/2019\/04\/59102-38499-19-ACR-LAGO-SIMULACION-300x206.jpg 300w, https:\/\/magazinetest.atomic4dev.net\/wp-content\/uploads\/2019\/04\/59102-38499-19-ACR-LAGO-SIMULACION-768x528.jpg 768w\" sizes=\"auto, (max-width: 1024px) 100vw, 1024px\" \/><\/p>\n<p>&nbsp;<\/p>\n<h1><b>\u2014 Live Music <\/b><\/h1>\n<p><b>MUT \/ <\/b><span style=\"font-weight: 400;\">Carlos Ib\u00e1\u00f1ez &amp; Juliana Arunategui <\/span><b>\u00a0\/ <\/b><a href=\"http:\/\/www.instagram.com\/carlosibanezbarrera\" rel=\"noopener\"><span style=\"font-weight: 400;\">@carlosibanezbarrera<\/span><\/a> <a href=\"https:\/\/www.instagram.com\/juliana_aru\/\" rel=\"noopener\"><span style=\"font-weight: 400;\">@juliana_aru<\/span><\/a><\/p>\n<p><span style=\"font-weight: 400;\">MUT es un d\u00fao compuesto por Carlos Ib\u00e1\u00f1ez (guitarra y producci\u00f3n) y Juliana Arunategui (voz y teclado). Empezaron su proyecto musical hace un a\u00f1o a partir del impulso de componer sus canciones propias. Para ir encontrando su estilo, MUT se ha inspirado en varios g\u00e9neros musicales como el pop, rock, soul y jazz, combin\u00e1ndolos con rasgos de la m\u00fasica electr\u00f3nica. Aparte de sus composiciones, MUT tambi\u00e9n hace versiones de otras canciones, intentando darles su propio sonido.<\/span><\/p>\n<p>&nbsp;<\/p>\n<p>&nbsp;<\/p>\n<blockquote class=\"instagram-media\" style=\"background: #FFF; border: 0; border-radius: 3px; box-shadow: 0 0 1px 0 rgba(0,0,0,0.5),0 1px 10px 0 rgba(0,0,0,0.15); margin: 1px; max-width: 100%; min-width: 326px; padding: 0; width: calc(100% - 2px);\" data-instgrm-captioned=\"\" data-instgrm-permalink=\"https:\/\/www.instagram.com\/p\/BwppRO9gAeO\/\" data-instgrm-version=\"12\">\n<div style=\"padding: 16px;\">\n<p>&nbsp;<\/p>\n<div style=\"display: flex; flex-direction: row; align-items: center;\"><\/div>\n<div style=\"padding: 19% 0;\"><\/div>\n<div style=\"display: block; height: 50px; margin: 0 auto 12px; width: 50px;\"><\/div>\n<div style=\"padding-top: 8px;\">\n<div style=\"color: #3897f0; font-family: Arial,sans-serif; font-size: 14px; font-style: normal; font-weight: 550; line-height: 18px;\">Sieh dir diesen Beitrag auf Instagram an<\/div>\n<\/div>\n<div style=\"padding: 12.5% 0;\"><\/div>\n<div style=\"display: flex; flex-direction: row; margin-bottom: 14px; align-items: center;\"><\/div>\n<p>&nbsp;<\/p>\n<p style=\"margin: 8px 0 0 0; padding: 0 4px;\"><a style=\"color: #000; font-family: Arial,sans-serif; font-size: 14px; font-style: normal; font-weight: normal; line-height: 17px; text-decoration: none; word-wrap: break-word;\" href=\"https:\/\/www.instagram.com\/p\/BwppRO9gAeO\/\" target=\"_blank\" rel=\"noopener\">MUT . (Getting ready to show our little project soon&#8230;)<\/a><\/p>\n<p style=\"color: #c9c8cd; font-family: Arial,sans-serif; font-size: 14px; line-height: 17px; margin-bottom: 0; margin-top: 8px; overflow: hidden; padding: 8px 0 7px; text-align: center; text-overflow: ellipsis; white-space: nowrap;\">Ein Beitrag geteilt von <a style=\"color: #c9c8cd; font-family: Arial,sans-serif; font-size: 14px; font-style: normal; font-weight: normal; line-height: 17px;\" href=\"https:\/\/www.instagram.com\/juliana_aru\/\" target=\"_blank\" rel=\"noopener\"> Juliana<\/a> (@juliana_aru) am <time style=\"font-family: Arial,sans-serif; font-size: 14px; line-height: 17px;\" datetime=\"2019-04-24T19:52:38+00:00\">Apr 24, 2019 um 12:52 PDT<\/time><\/p>\n<\/div>\n<\/blockquote>\n<p><script async src=\"\/\/www.instagram.com\/embed.js\"><\/script><\/p>\n<p>&nbsp;<\/p>\n<p><strong>DJ Xos\u00e9 Marcote<\/strong><\/p>\n<p>&nbsp;<\/p>\n<p>Comienza a pinchar en diversos bares de copas por la zona de marcha del Orz\u00e1n coru\u00f1\u00e9s cuando a\u00fan no hab\u00eda alcanzado la mayor\u00eda de edad&#8230; blues, garaje, punk-rock, reggae, techno-pop, new wave, soul. Con los a\u00f1os fue aparcando los discos de vinilos y ampliando el abanico de gustos musicales ejerciendo como disc-jockey muy puntualmente en eventos como cumplea\u00f1os de amigos o fiestas de fin de a\u00f1o.<\/p>\n<p>En el verano de 2006 se va trabajar a Mallorca y descubre la m\u00fasica house iniciando un camino sin retorno. En el a\u00f1o 2012 fija su residencia en BCN y su afici\u00f3n por la m\u00fasica electr\u00f3nica se vuelve una obsesi\u00f3n, convirti\u00e9ndose en un habitual de la escena de clubs de la ciudad: Apolo, Primavera Sound, Macarena, Sonar, Razzmatazz.<\/p>\n<p>En el a\u00f1o 2015 realiza un curso en Plastic \u00abacademia oficial de deejays de BCN\u00bb para profundizar en el mundo de la m\u00fasica digital y comenzar a usar los avances de la tecnolog\u00eda trabajando con sonidos no muy modernos aunque con una est\u00e9tica m\u00e1s apropiada a los tiempos que corren.<\/p>\n<p>El d\u00eda 4 presentar\u00e1 una sesi\u00f3n un tanto ecl\u00e9ctica a ritmo de alt-rock, indietr\u00f3nica, synth-pop, noise, after-punk, shoegaze &amp; electroclash. Don\u00b4t stop the music!<\/p>\n<p>&nbsp;<\/p>\n<p><img loading=\"lazy\" decoding=\"async\" class=\"aligncenter size-full wp-image-14079\" src=\"http:\/\/magazinetest.atomic4dev.net\/wp-content\/uploads\/2019\/04\/Xos\u00e9_Red.jpg\" alt=\"\" width=\"567\" height=\"362\" srcset=\"https:\/\/magazinetest.atomic4dev.net\/wp-content\/uploads\/2019\/04\/Xos\u00e9_Red.jpg 567w, https:\/\/magazinetest.atomic4dev.net\/wp-content\/uploads\/2019\/04\/Xos\u00e9_Red-300x192.jpg 300w\" sizes=\"auto, (max-width: 567px) 100vw, 567px\" \/><\/p>\n<p>&nbsp;<\/p>\n<h1><b>\u2014\u00a0Sobre nosotros<\/b><\/h1>\n<p><span style=\"font-weight: 400;\">Como miembro de la Asociaci\u00f3n del Poblenou Urban District, Go\u2014PopUp conecta miles de marcas, agencias, creativos para crear tiendas pop-up y eventos corporativos con espacios comerciales exclusivos en todo el mundo. Desde la ubicaci\u00f3n perfecta hasta el impresionante concepto emergente. Compartiendo el espacio creativo con Adictik, un canal de ventas a trav\u00e9s de una aplicaci\u00f3n propia que crea comunidades de fans donde los usuarios participan en campa\u00f1as y desaf\u00edos de marca, hemos creado nuestra exclusiva Galer\u00eda Pop-Up x Market para el Open Day de Poblenou.<\/span><\/p>\n<p>&nbsp;<\/p>\n<p>&nbsp;<\/p>\n<p><iframe loading=\"lazy\" src=\"https:\/\/www.youtube.com\/embed\/4QIczQE0H3A\" width=\"100%\" height=\"400\" frameborder=\"0\" allowfullscreen=\"allowfullscreen\"><\/iframe><\/p>\n<p>&nbsp;<\/p>\n<hr \/>\n<p>&nbsp;<\/p>\n<div style=\"text-align: center;\"><a class=\"btn btn-primary btn-lg bg-turquoise\" href=\"https:\/\/www.facebook.com\/events\/2349199478650080\/\" rel=\"noopener\">Participa en nuestro evento de Facebook<br \/>\n<\/a><\/div>\n<p>&nbsp;<\/p>\n<hr \/>\n<p>&nbsp;<\/p>\n<h3><b>Direcci\u00f3n<\/b><\/h3>\n<p><span style=\"font-weight: 400;\">Estamos ubicados junto a Razzmatazz y Espacio 88 en Carrer de Pamplona 88. Solo entra por la puerta principal y ver\u00e1s nuestras oficinas justo en frente.\u00a0<\/span><span style=\"font-weight: 400;\">Go\u2014PopUp HQ,\u00a0<\/span><span style=\"font-weight: 400;\">Carrer de Pamplona 88,\u00a0<\/span><span style=\"font-weight: 400;\">08018 Barcelona.<\/span><\/p>\n<p>&nbsp;<\/p>\n<p><iframe loading=\"lazy\" style=\"border: 0;\" src=\"https:\/\/www.google.com\/maps\/embed?pb=!1m18!1m12!1m3!1d2992.943580808703!2d2.189321015212851!3d41.397031603360496!2m3!1f0!2f0!3f0!3m2!1i1024!2i768!4f13.1!3m3!1m2!1s0x12a4a32490e74651%3A0xa68a8790da7e292e!2zR2_igJRQb3BVcA!5e0!3m2!1sde!2ses!4v1556003098556!5m2!1sde!2ses\" width=\"100%\" height=\"400\" frameborder=\"0\" allowfullscreen=\"allowfullscreen\"><\/iframe><\/p>\n<hr \/>\n<p>\u00a1Estad atentos! \u00a1Os iremos informando de las pr\u00f3ximas novedades!<\/p>\n","protected":false},"excerpt":{"rendered":"<p>Nos hemos asociado con Poblenou Urban District y Adictik\u00a0para organizar una exposici\u00f3n de obras de arte y area pop up \u00a0para el Poblenou Open Day, el 4 de mayo. En colaboraci\u00f3n con artistas locales como Ewelina Wi\u0119c\u0142aw, Aleix Gordo Hostau (Goho Studio), Ceci Montobbio, Gemma Canal, Paula Valera, Juan Manuel Hincapi\u00e9, Marina Romero y Daniel Berdala. Estamos llenando de arte nuestro espacio reci\u00e9n estrenado, el cual est\u00e1 ubicado junto a Razzmatazz, donde compartiremos arte, fotograf\u00eda, m\u00fasica y la identidad de Go\u2014PopUp en un formato emergente experiencial \u00fanico \u2014 solo por un d\u00eda.\u00a0 &nbsp; Podr\u00e9is disfrutar todo el d\u00eda del arte [&hellip;]<\/p>\n","protected":false},"author":1,"featured_media":13955,"comment_status":"closed","ping_status":"closed","sticky":false,"template":"","format":"standard","meta":{"footnotes":""},"categories":[331],"tags":[],"class_list":["post-14030","post","type-post","status-publish","format-standard","has-post-thumbnail","hentry","category-noticias-go-popup-es"],"_links":{"self":[{"href":"https:\/\/magazinetest.atomic4dev.net\/es\/wp-json\/wp\/v2\/posts\/14030","targetHints":{"allow":["GET"]}}],"collection":[{"href":"https:\/\/magazinetest.atomic4dev.net\/es\/wp-json\/wp\/v2\/posts"}],"about":[{"href":"https:\/\/magazinetest.atomic4dev.net\/es\/wp-json\/wp\/v2\/types\/post"}],"author":[{"embeddable":true,"href":"https:\/\/magazinetest.atomic4dev.net\/es\/wp-json\/wp\/v2\/users\/1"}],"replies":[{"embeddable":true,"href":"https:\/\/magazinetest.atomic4dev.net\/es\/wp-json\/wp\/v2\/comments?post=14030"}],"version-history":[{"count":1,"href":"https:\/\/magazinetest.atomic4dev.net\/es\/wp-json\/wp\/v2\/posts\/14030\/revisions"}],"predecessor-version":[{"id":19744,"href":"https:\/\/magazinetest.atomic4dev.net\/es\/wp-json\/wp\/v2\/posts\/14030\/revisions\/19744"}],"wp:featuredmedia":[{"embeddable":true,"href":"https:\/\/magazinetest.atomic4dev.net\/es\/wp-json\/wp\/v2\/media\/13955"}],"wp:attachment":[{"href":"https:\/\/magazinetest.atomic4dev.net\/es\/wp-json\/wp\/v2\/media?parent=14030"}],"wp:term":[{"taxonomy":"category","embeddable":true,"href":"https:\/\/magazinetest.atomic4dev.net\/es\/wp-json\/wp\/v2\/categories?post=14030"},{"taxonomy":"post_tag","embeddable":true,"href":"https:\/\/magazinetest.atomic4dev.net\/es\/wp-json\/wp\/v2\/tags?post=14030"}],"curies":[{"name":"wp","href":"https:\/\/api.w.org\/{rel}","templated":true}]}}