{"id":13913,"date":"2019-04-17T13:05:19","date_gmt":"2019-04-17T11:05:19","guid":{"rendered":"https:\/\/magazinetest.atomic4dev.net\/?post_type=magazine-entry&#038;p=13913"},"modified":"2022-05-26T12:42:17","modified_gmt":"2022-05-26T10:42:17","slug":"la-temporada-de-espacios-pop-ups-acaba-de-empezar-actualiza-el-calendario-de-reservas","status":"publish","type":"post","link":"https:\/\/magazinetest.atomic4dev.net\/es\/la-temporada-de-espacios-pop-ups-acaba-de-empezar-actualiza-el-calendario-de-reservas\/","title":{"rendered":"La temporada de espacios pop-ups acaba de empezar &#8211; Actualiza el calendario de reservas"},"content":{"rendered":"<p><span style=\"font-weight: 400;\">Aprende sobre la variedad de formas en usar y actualizar el calendario para tus espacios publicados en <\/span><span style=\"font-weight: 400;\">Go\u2014PopUp. El uso de este calendario agiliza tu uso en la plataforma, ya que en ello puedes bloquear fechas en las que el espacio est\u00e1 reservado. De esta forma, tus posibles inquilinos sabr\u00e1n cuando tu espacio est\u00e1 disponible y proceder\u00e1n con la reserva.<\/span><\/p>\n<p><span style=\"font-weight: 400;\">Puedes actualizar el calendario de dos formas: manualmente o sincronizandolo con iCal. Si publicas tu espacio en otros sitios web, puedes sincronizar el calendario de nuestra plataforma con el resto de calendarios que utilices para evitar que se hagan distintas reservas para las mismas fechas.<\/span><\/p>\n<p>&nbsp;<\/p>\n<p><b>Calendario sincronizado\u00a0<\/b><\/p>\n<p>Importar calendarios te permite actualizar autom\u00e1ticamente el que tienes en Go\u2014PopUp, sincronizandolo con otro externo que sea compatible con el formato iCal. Este formato es usado por una gran variedad de aplicaciones, como Google Calendar, Apple Calendar (antes iCal), IBM Notes (antes Lotus Notes), Yahoo! Calendar, Evolution (software), eM Client, extensi\u00f3n Lightning para Mozilla Thunderbird y SeaMonkey y parcialmente Microsoft Outlook y Novell GroupWise.<\/p>\n<p>&nbsp;<\/p>\n<p><img loading=\"lazy\" decoding=\"async\" class=\"aligncenter size-full wp-image-13914\" src=\"http:\/\/magazinetest.atomic4dev.net\/wp-content\/uploads\/2019\/04\/La-temporada-de-espacios-pop-ups-acaba-de-empezar-Actualiza-el-calendario-de-reservas.jpg\" alt=\"\" width=\"1330\" height=\"644\" srcset=\"https:\/\/magazinetest.atomic4dev.net\/wp-content\/uploads\/2019\/04\/La-temporada-de-espacios-pop-ups-acaba-de-empezar-Actualiza-el-calendario-de-reservas.jpg 1330w, https:\/\/magazinetest.atomic4dev.net\/wp-content\/uploads\/2019\/04\/La-temporada-de-espacios-pop-ups-acaba-de-empezar-Actualiza-el-calendario-de-reservas-300x145.jpg 300w, https:\/\/magazinetest.atomic4dev.net\/wp-content\/uploads\/2019\/04\/La-temporada-de-espacios-pop-ups-acaba-de-empezar-Actualiza-el-calendario-de-reservas-768x372.jpg 768w, https:\/\/magazinetest.atomic4dev.net\/wp-content\/uploads\/2019\/04\/La-temporada-de-espacios-pop-ups-acaba-de-empezar-Actualiza-el-calendario-de-reservas-1024x496.jpg 1024w\" sizes=\"auto, (max-width: 1330px) 100vw, 1330px\" \/><\/p>\n<p>&nbsp;<\/p>\n<p>&nbsp;<\/p>\n<p><b>Para importar un calendario, sigue los siguientes pasos:<\/b><\/p>\n<ol>\n<li><span style=\"font-weight: 400;\">Inicia sesi\u00f3n en nuestra plataforma y dir\u00edgete a tu perfil (haz click\u00a0<\/span><span style=\"font-weight: 400;\">sobre tu nombre)<\/span><\/li>\n<li>Haz click en Tus espacios, despu\u00e9s selecciona el espacio al que\u00a0<span style=\"font-weight: 400;\">quieres a\u00f1adir el calendario y selecciona Calendario.<\/span><\/li>\n<li>Haz clic en Importar Calendario ICAL.<\/li>\n<li>Pega la URL del calendario y haz clic en Guardar URL y Sincronizar.<\/li>\n<\/ol>\n<p>&nbsp;<\/p>\n<p><span style=\"font-weight: 400;\">De este modo tendr\u00e1s tu calendario sincronizado en todo momento.<\/span><\/p>\n<p>&nbsp;<\/p>\n<p>&nbsp;<\/p>\n<p><img loading=\"lazy\" decoding=\"async\" class=\"aligncenter size-full wp-image-13915\" src=\"http:\/\/magazinetest.atomic4dev.net\/wp-content\/uploads\/2019\/04\/La-temporada-de-espacios-pop-ups-acaba-de-empezar-Actualiza-el-calendario-de-reservas2.jpg\" alt=\"\" width=\"1328\" height=\"650\" srcset=\"https:\/\/magazinetest.atomic4dev.net\/wp-content\/uploads\/2019\/04\/La-temporada-de-espacios-pop-ups-acaba-de-empezar-Actualiza-el-calendario-de-reservas2.jpg 1328w, https:\/\/magazinetest.atomic4dev.net\/wp-content\/uploads\/2019\/04\/La-temporada-de-espacios-pop-ups-acaba-de-empezar-Actualiza-el-calendario-de-reservas2-300x147.jpg 300w, https:\/\/magazinetest.atomic4dev.net\/wp-content\/uploads\/2019\/04\/La-temporada-de-espacios-pop-ups-acaba-de-empezar-Actualiza-el-calendario-de-reservas2-768x376.jpg 768w, https:\/\/magazinetest.atomic4dev.net\/wp-content\/uploads\/2019\/04\/La-temporada-de-espacios-pop-ups-acaba-de-empezar-Actualiza-el-calendario-de-reservas2-1024x501.jpg 1024w\" sizes=\"auto, (max-width: 1328px) 100vw, 1328px\" \/><\/p>\n<p>&nbsp;<\/p>\n<p><b>Actualizar el calendario manualmente<\/b><\/p>\n<p><span style=\"font-weight: 400;\">Si prefieres, tambi\u00e9n puedes actualizar la disponibilidad de tu espacio de forma manual.<\/span><\/p>\n<p>&nbsp;<\/p>\n<p><b>Debes seguir los siguientes pasos:<\/b><\/p>\n<p>&nbsp;<\/p>\n<ol>\n<li style=\"font-weight: 400;\"><span style=\"font-weight: 400;\">Inicia sesi\u00f3n en nuestra plataforma y dir\u00edgete a tu perfil (haz click sobre tu nombre)<\/span><\/li>\n<li style=\"font-weight: 400;\"><span style=\"font-weight: 400;\">Haz click en Tus espacios, despu\u00e9s selecciona el espacio al que quieres a\u00f1adir el calendario y selecciona Calendario.<\/span><\/li>\n<li style=\"font-weight: 400;\"><span style=\"font-weight: 400;\">Haz clic en Editar d\u00edas en bloque.<\/span><\/li>\n<li style=\"font-weight: 400;\"><span style=\"font-weight: 400;\">Selecciona qu\u00e9 acci\u00f3n quieres hacer en el calendario y los d\u00edas de la semana que ser\u00e1n afectados por este cambio. Por ejemplo: podr\u00eda ser que tu espacio solo estuviera ocupado entre semana y los fines de semana estuviera libre, en este caso, tendr\u00edas que seleccionar los d\u00edas de lunes a viernes.<\/span><\/li>\n<li style=\"font-weight: 400;\"><span style=\"font-weight: 400;\">Selecciona los d\u00edas en qu\u00e9 estar\u00e1 comprendido este cambio. Por\u00a0<\/span>ejemplo: del 01\/03\/2019 al 31\/03\/2019.<\/li>\n<li style=\"font-weight: 400;\"><span style=\"font-weight: 400;\">Haz clic en Editar, para guardar los cambios.<\/span><\/li>\n<\/ol>\n<p>&nbsp;<\/p>\n<p><img loading=\"lazy\" decoding=\"async\" class=\"aligncenter size-full wp-image-13916\" src=\"http:\/\/magazinetest.atomic4dev.net\/wp-content\/uploads\/2019\/04\/La-temporada-de-espacios-pop-ups-acaba-de-empezar-Actualiza-el-calendario-de-reservas3.jpg\" alt=\"\" width=\"1328\" height=\"648\" srcset=\"https:\/\/magazinetest.atomic4dev.net\/wp-content\/uploads\/2019\/04\/La-temporada-de-espacios-pop-ups-acaba-de-empezar-Actualiza-el-calendario-de-reservas3.jpg 1328w, https:\/\/magazinetest.atomic4dev.net\/wp-content\/uploads\/2019\/04\/La-temporada-de-espacios-pop-ups-acaba-de-empezar-Actualiza-el-calendario-de-reservas3-300x146.jpg 300w, https:\/\/magazinetest.atomic4dev.net\/wp-content\/uploads\/2019\/04\/La-temporada-de-espacios-pop-ups-acaba-de-empezar-Actualiza-el-calendario-de-reservas3-768x375.jpg 768w, https:\/\/magazinetest.atomic4dev.net\/wp-content\/uploads\/2019\/04\/La-temporada-de-espacios-pop-ups-acaba-de-empezar-Actualiza-el-calendario-de-reservas3-1024x500.jpg 1024w\" sizes=\"auto, (max-width: 1328px) 100vw, 1328px\" \/><\/p>\n<p>&nbsp;<\/p>\n<p><span style=\"font-weight: 400;\">Esperamos que estos pasos te ayuden en tener un mejor sentido se est\u00e1 herramienta indispensable en nuestra plataforma. Si tienes alguna otra pregunta sobre este tema, no dudes en ponerte en contacto con nosotros a trav\u00e9s de: <\/span><a href=\"mailto:hello@gopopup.com\"><b>hello@gopopup.com<\/b><\/a><\/p>\n<p>&nbsp;<\/p>\n<p>&nbsp;<\/p>\n","protected":false},"excerpt":{"rendered":"<p>Aprende sobre la variedad de formas en usar y actualizar el calendario para tus espacios publicados en Go\u2014PopUp. El uso de este calendario agiliza tu uso en la plataforma, ya que en ello puedes bloquear fechas en las que el espacio est\u00e1 reservado. De esta forma, tus posibles inquilinos sabr\u00e1n cuando tu espacio est\u00e1 disponible y proceder\u00e1n con la reserva. Puedes actualizar el calendario de dos formas: manualmente o sincronizandolo con iCal. Si publicas tu espacio en otros sitios web, puedes sincronizar el calendario de nuestra plataforma con el resto de calendarios que utilices para evitar que se hagan distintas [&hellip;]<\/p>\n","protected":false},"author":1,"featured_media":13912,"comment_status":"closed","ping_status":"closed","sticky":false,"template":"","format":"standard","meta":{"footnotes":""},"categories":[343],"tags":[],"class_list":["post-13913","post","type-post","status-publish","format-standard","has-post-thumbnail","hentry","category-guias-how-to-es"],"_links":{"self":[{"href":"https:\/\/magazinetest.atomic4dev.net\/es\/wp-json\/wp\/v2\/posts\/13913","targetHints":{"allow":["GET"]}}],"collection":[{"href":"https:\/\/magazinetest.atomic4dev.net\/es\/wp-json\/wp\/v2\/posts"}],"about":[{"href":"https:\/\/magazinetest.atomic4dev.net\/es\/wp-json\/wp\/v2\/types\/post"}],"author":[{"embeddable":true,"href":"https:\/\/magazinetest.atomic4dev.net\/es\/wp-json\/wp\/v2\/users\/1"}],"replies":[{"embeddable":true,"href":"https:\/\/magazinetest.atomic4dev.net\/es\/wp-json\/wp\/v2\/comments?post=13913"}],"version-history":[{"count":1,"href":"https:\/\/magazinetest.atomic4dev.net\/es\/wp-json\/wp\/v2\/posts\/13913\/revisions"}],"predecessor-version":[{"id":19751,"href":"https:\/\/magazinetest.atomic4dev.net\/es\/wp-json\/wp\/v2\/posts\/13913\/revisions\/19751"}],"wp:featuredmedia":[{"embeddable":true,"href":"https:\/\/magazinetest.atomic4dev.net\/es\/wp-json\/wp\/v2\/media\/13912"}],"wp:attachment":[{"href":"https:\/\/magazinetest.atomic4dev.net\/es\/wp-json\/wp\/v2\/media?parent=13913"}],"wp:term":[{"taxonomy":"category","embeddable":true,"href":"https:\/\/magazinetest.atomic4dev.net\/es\/wp-json\/wp\/v2\/categories?post=13913"},{"taxonomy":"post_tag","embeddable":true,"href":"https:\/\/magazinetest.atomic4dev.net\/es\/wp-json\/wp\/v2\/tags?post=13913"}],"curies":[{"name":"wp","href":"https:\/\/api.w.org\/{rel}","templated":true}]}}