{"id":13601,"date":"2018-12-03T11:30:57","date_gmt":"2018-12-03T10:30:57","guid":{"rendered":"https:\/\/magazinetest.atomic4dev.net\/?post_type=magazine-entry&#038;p=13601"},"modified":"2022-05-26T17:56:44","modified_gmt":"2022-05-26T15:56:44","slug":"the-cube-el-nuevo-espacio-pop-up-de-diagonal-mar","status":"publish","type":"post","link":"https:\/\/magazinetest.atomic4dev.net\/es\/the-cube-el-nuevo-espacio-pop-up-de-diagonal-mar\/","title":{"rendered":"The Cube &#8211; El nuevo espacio pop-up de Diagonal Mar"},"content":{"rendered":"<p><span style=\"font-weight: 400;\">Ubicado en la nueva zona retail en la planta alta del reconocido centro comercial en Barcelona, el espacio crea una oportunidad de visibilidad diferente para las marcas.<\/span><\/p>\n<p><span style=\"font-weight: 400;\">Tanto para nuevos emprendedores, como grandes firmas, The Cube es un espacio pop-up dedicado a compartir ideas y proyectos en uno de lugares m\u00e1s frecuentados en la ciudad. <\/span><\/p>\n<p><span style=\"font-weight: 400;\">En el centro comercial Diagonal Mar quieren apostar y dar a conocer iniciativas y proyectos que puedan trascender. Moda, tecnolog\u00eda, alimentaci\u00f3n, cultura, deporte, salud, belleza&#8230;muchas ideas pueden tener la oportunidad de ser la siguiente experiencia.<\/span><\/p>\n<p><span style=\"font-weight: 400;\">ECOLAF es la primera marca que ha elegido The Cube para mostrar su l\u00ednea de prendas y accesorios, hechas de productos reciclados. <\/span><\/p>\n<p>&nbsp;<\/p>\n<p><img loading=\"lazy\" decoding=\"async\" class=\"alignnone size-full wp-image-13599\" src=\"http:\/\/magazinetest.atomic4dev.net\/wp-content\/uploads\/2018\/12\/the-cube-2.jpg\" alt=\"\" width=\"1040\" height=\"900\" srcset=\"https:\/\/magazinetest.atomic4dev.net\/wp-content\/uploads\/2018\/12\/the-cube-2.jpg 1040w, https:\/\/magazinetest.atomic4dev.net\/wp-content\/uploads\/2018\/12\/the-cube-2-300x260.jpg 300w, https:\/\/magazinetest.atomic4dev.net\/wp-content\/uploads\/2018\/12\/the-cube-2-768x665.jpg 768w, https:\/\/magazinetest.atomic4dev.net\/wp-content\/uploads\/2018\/12\/the-cube-2-1024x886.jpg 1024w\" sizes=\"auto, (max-width: 1040px) 100vw, 1040px\" \/><\/p>\n<p><img loading=\"lazy\" decoding=\"async\" class=\"alignnone size-full wp-image-13598\" src=\"http:\/\/magazinetest.atomic4dev.net\/wp-content\/uploads\/2018\/12\/the-cube-1.jpg\" alt=\"\" width=\"619\" height=\"900\" srcset=\"https:\/\/magazinetest.atomic4dev.net\/wp-content\/uploads\/2018\/12\/the-cube-1.jpg 619w, https:\/\/magazinetest.atomic4dev.net\/wp-content\/uploads\/2018\/12\/the-cube-1-206x300.jpg 206w\" sizes=\"auto, (max-width: 619px) 100vw, 619px\" \/><\/p>\n<p>&nbsp;<\/p>\n<p><em><strong>\u201cProyectos como este, nos ayudan a dar visibilidad a las amenazas que sufren nuestros oc\u00e9anos y que requieren acciones urgentes. Nuestras tiendas no son \u00fanicamente un punto de venta sino un espacio de divulgaci\u00f3n y concienciaci\u00f3n de la problem\u00e1tica que est\u00e1 asfixiando nuestros mares\u201d &#8211; Javier Goyeneche, presidente y fundador de ECOALF<\/strong><\/em><\/p>\n<p>&nbsp;<\/p>\n<p><span style=\"font-weight: 400;\">El local de cristal \u00a0pop-up est\u00e1 disponible en <\/span><a href=\"https:\/\/www.gopopup.com\/es\/barcelona-diagonal-mar-i-el-front-maritim-del-poblenou\/pop-up\/cqrn7\/\" rel=\"noopener\"><span style=\"font-weight: 400;\">Go\u2014PopUp<\/span><\/a><span style=\"font-weight: 400;\">, cuenta con 16 m2 cuadrados e incluye mobiliario y probador, al igual que otras necesidades esenciales para realizar una pop up de \u00e9xito con tr\u00e1fico garantizado.<\/span><\/p>\n<p><span style=\"font-weight: 400;\">Solic\u00edtanos informaci\u00f3n sin compromiso, para ampliar informaci\u00f3n de esta gran oportunidad.<\/span><\/p>\n<p>&nbsp;<\/p>\n<p>&nbsp;<\/p>\n<div style=\"text-align: center;\">\u00a0<a class=\"btn btn-primary btn-lg bg-turquoise\" href=\"https:\/\/www.gopopup.com\/es\/barcelona-diagonal-mar-i-el-front-maritim-del-poblenou\/pop-up\/cqrn7\/\" rel=\"noopener\">Solicita The Cube <\/a><\/div>\n<p>&nbsp;<\/p>\n","protected":false},"excerpt":{"rendered":"<p>Ubicado en la nueva zona retail en la planta alta del reconocido centro comercial en Barcelona, el espacio crea una oportunidad de visibilidad diferente para las marcas. Tanto para nuevos emprendedores, como grandes firmas, The Cube es un espacio pop-up dedicado a compartir ideas y proyectos en uno de lugares m\u00e1s frecuentados en la ciudad. En el centro comercial Diagonal Mar quieren apostar y dar a conocer iniciativas y proyectos que puedan trascender. Moda, tecnolog\u00eda, alimentaci\u00f3n, cultura, deporte, salud, belleza&#8230;muchas ideas pueden tener la oportunidad de ser la siguiente experiencia. ECOLAF es la primera marca que ha elegido The Cube [&hellip;]<\/p>\n","protected":false},"author":1,"featured_media":13597,"comment_status":"closed","ping_status":"closed","sticky":false,"template":"","format":"standard","meta":{"footnotes":""},"categories":[],"tags":[],"class_list":["post-13601","post","type-post","status-publish","format-standard","has-post-thumbnail","hentry"],"_links":{"self":[{"href":"https:\/\/magazinetest.atomic4dev.net\/es\/wp-json\/wp\/v2\/posts\/13601","targetHints":{"allow":["GET"]}}],"collection":[{"href":"https:\/\/magazinetest.atomic4dev.net\/es\/wp-json\/wp\/v2\/posts"}],"about":[{"href":"https:\/\/magazinetest.atomic4dev.net\/es\/wp-json\/wp\/v2\/types\/post"}],"author":[{"embeddable":true,"href":"https:\/\/magazinetest.atomic4dev.net\/es\/wp-json\/wp\/v2\/users\/1"}],"replies":[{"embeddable":true,"href":"https:\/\/magazinetest.atomic4dev.net\/es\/wp-json\/wp\/v2\/comments?post=13601"}],"version-history":[{"count":1,"href":"https:\/\/magazinetest.atomic4dev.net\/es\/wp-json\/wp\/v2\/posts\/13601\/revisions"}],"predecessor-version":[{"id":19772,"href":"https:\/\/magazinetest.atomic4dev.net\/es\/wp-json\/wp\/v2\/posts\/13601\/revisions\/19772"}],"wp:featuredmedia":[{"embeddable":true,"href":"https:\/\/magazinetest.atomic4dev.net\/es\/wp-json\/wp\/v2\/media\/13597"}],"wp:attachment":[{"href":"https:\/\/magazinetest.atomic4dev.net\/es\/wp-json\/wp\/v2\/media?parent=13601"}],"wp:term":[{"taxonomy":"category","embeddable":true,"href":"https:\/\/magazinetest.atomic4dev.net\/es\/wp-json\/wp\/v2\/categories?post=13601"},{"taxonomy":"post_tag","embeddable":true,"href":"https:\/\/magazinetest.atomic4dev.net\/es\/wp-json\/wp\/v2\/tags?post=13601"}],"curies":[{"name":"wp","href":"https:\/\/api.w.org\/{rel}","templated":true}]}}