{"id":13416,"date":"2018-10-05T13:40:29","date_gmt":"2018-10-05T11:40:29","guid":{"rendered":"https:\/\/magazinetest.atomic4dev.net\/?post_type=magazine-entry&#038;p=13416"},"modified":"2022-05-26T22:44:28","modified_gmt":"2022-05-26T20:44:28","slug":"go-popup-y-el-proyecto-corona-en-barcelona-y-sitges","status":"publish","type":"post","link":"https:\/\/magazinetest.atomic4dev.net\/es\/go-popup-y-el-proyecto-corona-en-barcelona-y-sitges\/","title":{"rendered":"Go\u2014PopUp y el proyecto Corona en Barcelona y Sitges"},"content":{"rendered":"<p><span style=\"font-weight: 400;\">Durante la temporada de verano, Go\u2014PopUp colabor\u00f3 en la apertura de los dos primeros locales <a href=\"https:\/\/cervezacorona.es\/\" rel=\"noopener\">Corona<\/a> en Catalu\u00f1a, en concreto en <a href=\"https:\/\/www.vistacorona.com\/la-barceloneta\/\" rel=\"noopener\">Barcelona<\/a> y en <a href=\"https:\/\/www.vistacorona.com\/sitges\/\" rel=\"noopener\">Sitges<\/a>, transformando cada uno en un oasis lleno de naturaleza. <\/span><\/p>\n<p><span style=\"font-weight: 400;\">Corona ten\u00eda como principal objetivo abrir en lugares de referencia, donde se contagie la esencia playera y chill-out de la marca.<\/span><\/p>\n<p>&nbsp;<\/p>\n<p><img loading=\"lazy\" decoding=\"async\" class=\"alignnone size-full wp-image-13419\" src=\"http:\/\/magazinetest.atomic4dev.net\/wp-content\/uploads\/2018\/10\/IMG_6861-copia.png\" alt=\"\" width=\"1500\" height=\"1000\" srcset=\"https:\/\/magazinetest.atomic4dev.net\/wp-content\/uploads\/2018\/10\/IMG_6861-copia.png 1500w, https:\/\/magazinetest.atomic4dev.net\/wp-content\/uploads\/2018\/10\/IMG_6861-copia-300x200.png 300w, https:\/\/magazinetest.atomic4dev.net\/wp-content\/uploads\/2018\/10\/IMG_6861-copia-768x512.png 768w, https:\/\/magazinetest.atomic4dev.net\/wp-content\/uploads\/2018\/10\/IMG_6861-copia-1024x683.png 1024w\" sizes=\"auto, (max-width: 1500px) 100vw, 1500px\" \/><\/p>\n<p>&nbsp;<\/p>\n<p><span style=\"font-weight: 400;\">Durante el proyecto, Go\u2014PopUp \u00a0particip\u00f3 en crear un escape tropical y de relax \u00a0caracter\u00edstico de Corona. Gracias a nuestro paisajista <a href=\"http:\/\/www.josemblas.com\/\" rel=\"noopener\">Jose M. Blas<\/a>, \u00a0reconocido por su labor en el dise\u00f1o de jardines verticales, huertos y otros grandes proyectos se busc\u00f3 la sinergia entre materiales de tonalidades neutros con la presencia y personalidad de las plantas.<\/span><\/p>\n<p>&nbsp;<\/p>\n<p><img loading=\"lazy\" decoding=\"async\" class=\"alignnone size-full wp-image-13417\" src=\"http:\/\/magazinetest.atomic4dev.net\/wp-content\/uploads\/2018\/10\/Corona-H.jpg\" alt=\"\" width=\"2000\" height=\"1333\" srcset=\"https:\/\/magazinetest.atomic4dev.net\/wp-content\/uploads\/2018\/10\/Corona-H.jpg 2000w, https:\/\/magazinetest.atomic4dev.net\/wp-content\/uploads\/2018\/10\/Corona-H-300x200.jpg 300w, https:\/\/magazinetest.atomic4dev.net\/wp-content\/uploads\/2018\/10\/Corona-H-768x512.jpg 768w, https:\/\/magazinetest.atomic4dev.net\/wp-content\/uploads\/2018\/10\/Corona-H-1024x682.jpg 1024w\" sizes=\"auto, (max-width: 2000px) 100vw, 2000px\" \/><\/p>\n<p>&nbsp;<\/p>\n<p><span style=\"font-weight: 400;\">Para ello se introdujo \u00a0especies en su mayor\u00eda cact\u00e1ceas originarias de M\u00e9xico, junto con una combinaci\u00f3n de especies colgantes y trepadoras, as\u00ed como varias plantas de tonalidades cobrizas que en su conjunto transmiten la esencia y herencia de Corona.<\/span><\/p>\n<p>&nbsp;<\/p>\n<p><img loading=\"lazy\" decoding=\"async\" class=\"alignnone size-full wp-image-13418\" src=\"http:\/\/magazinetest.atomic4dev.net\/wp-content\/uploads\/2018\/10\/IMG_7209-copia.png\" alt=\"\" width=\"1500\" height=\"1000\" srcset=\"https:\/\/magazinetest.atomic4dev.net\/wp-content\/uploads\/2018\/10\/IMG_7209-copia.png 1500w, https:\/\/magazinetest.atomic4dev.net\/wp-content\/uploads\/2018\/10\/IMG_7209-copia-300x200.png 300w, https:\/\/magazinetest.atomic4dev.net\/wp-content\/uploads\/2018\/10\/IMG_7209-copia-768x512.png 768w, https:\/\/magazinetest.atomic4dev.net\/wp-content\/uploads\/2018\/10\/IMG_7209-copia-1024x683.png 1024w\" sizes=\"auto, (max-width: 1500px) 100vw, 1500px\" \/><\/p>\n<p>&nbsp;<\/p>\n<p><span style=\"font-weight: 400;\">El resultado de los espacios Corona, ayuda a escapar de la intensidad de la ciudad, disfrutando de una deliciosa cerveza Corona y platos t\u00edpicos de diferentes zonas del mundo. Tambi\u00e9n se puede participar en talleres, yoga, conciertos y todo tipo de actividades totalmente gratuitos.<\/span><\/p>\n<p>&nbsp;<\/p>\n<p><img loading=\"lazy\" decoding=\"async\" class=\"alignnone size-full wp-image-13420\" src=\"http:\/\/magazinetest.atomic4dev.net\/wp-content\/uploads\/2018\/10\/IMG_7504-copia.png\" alt=\"\" width=\"1500\" height=\"1000\" srcset=\"https:\/\/magazinetest.atomic4dev.net\/wp-content\/uploads\/2018\/10\/IMG_7504-copia.png 1500w, https:\/\/magazinetest.atomic4dev.net\/wp-content\/uploads\/2018\/10\/IMG_7504-copia-300x200.png 300w, https:\/\/magazinetest.atomic4dev.net\/wp-content\/uploads\/2018\/10\/IMG_7504-copia-768x512.png 768w, https:\/\/magazinetest.atomic4dev.net\/wp-content\/uploads\/2018\/10\/IMG_7504-copia-1024x683.png 1024w\" sizes=\"auto, (max-width: 1500px) 100vw, 1500px\" \/><\/p>\n<p>&nbsp;<\/p>\n<p>&nbsp;<\/p>\n<div style=\"text-align: center;\">\u00a0<a class=\"btn btn-primary btn-lg bg-turquoise\" href=\"https:\/\/www.gopopup.com\/es\/search\/Espa\u00f1a\" target=\"_blank\" rel=\"noopener\">Encuentra Tu Propio Espacio Pop-up<\/a><\/div>\n<p>&nbsp;<\/p>\n","protected":false},"excerpt":{"rendered":"<p>Durante la temporada de verano, Go\u2014PopUp colabor\u00f3 en la apertura de los dos primeros locales Corona en Catalu\u00f1a, en concreto en Barcelona y en Sitges, transformando cada uno en un oasis lleno de naturaleza. Corona ten\u00eda como principal objetivo abrir en lugares de referencia, donde se contagie la esencia playera y chill-out de la marca. &nbsp; &nbsp; Durante el proyecto, Go\u2014PopUp \u00a0particip\u00f3 en crear un escape tropical y de relax \u00a0caracter\u00edstico de Corona. Gracias a nuestro paisajista Jose M. Blas, \u00a0reconocido por su labor en el dise\u00f1o de jardines verticales, huertos y otros grandes proyectos se busc\u00f3 la sinergia entre [&hellip;]<\/p>\n","protected":false},"author":1,"featured_media":13421,"comment_status":"closed","ping_status":"closed","sticky":false,"template":"","format":"standard","meta":{"footnotes":""},"categories":[],"tags":[],"class_list":["post-13416","post","type-post","status-publish","format-standard","has-post-thumbnail","hentry"],"_links":{"self":[{"href":"https:\/\/magazinetest.atomic4dev.net\/es\/wp-json\/wp\/v2\/posts\/13416","targetHints":{"allow":["GET"]}}],"collection":[{"href":"https:\/\/magazinetest.atomic4dev.net\/es\/wp-json\/wp\/v2\/posts"}],"about":[{"href":"https:\/\/magazinetest.atomic4dev.net\/es\/wp-json\/wp\/v2\/types\/post"}],"author":[{"embeddable":true,"href":"https:\/\/magazinetest.atomic4dev.net\/es\/wp-json\/wp\/v2\/users\/1"}],"replies":[{"embeddable":true,"href":"https:\/\/magazinetest.atomic4dev.net\/es\/wp-json\/wp\/v2\/comments?post=13416"}],"version-history":[{"count":1,"href":"https:\/\/magazinetest.atomic4dev.net\/es\/wp-json\/wp\/v2\/posts\/13416\/revisions"}],"predecessor-version":[{"id":19788,"href":"https:\/\/magazinetest.atomic4dev.net\/es\/wp-json\/wp\/v2\/posts\/13416\/revisions\/19788"}],"wp:featuredmedia":[{"embeddable":true,"href":"https:\/\/magazinetest.atomic4dev.net\/es\/wp-json\/wp\/v2\/media\/13421"}],"wp:attachment":[{"href":"https:\/\/magazinetest.atomic4dev.net\/es\/wp-json\/wp\/v2\/media?parent=13416"}],"wp:term":[{"taxonomy":"category","embeddable":true,"href":"https:\/\/magazinetest.atomic4dev.net\/es\/wp-json\/wp\/v2\/categories?post=13416"},{"taxonomy":"post_tag","embeddable":true,"href":"https:\/\/magazinetest.atomic4dev.net\/es\/wp-json\/wp\/v2\/tags?post=13416"}],"curies":[{"name":"wp","href":"https:\/\/api.w.org\/{rel}","templated":true}]}}