{"id":13365,"date":"2018-08-17T11:46:16","date_gmt":"2018-08-17T09:46:16","guid":{"rendered":"https:\/\/magazinetest.atomic4dev.net\/?post_type=magazine-entry&#038;p=13365"},"modified":"2022-05-26T22:44:59","modified_gmt":"2022-05-26T20:44:59","slug":"viena-design-week-conoce-a-uno-de-los-propietarios-de-los-espacios-pop-up","status":"publish","type":"post","link":"https:\/\/magazinetest.atomic4dev.net\/es\/viena-design-week-conoce-a-uno-de-los-propietarios-de-los-espacios-pop-up\/","title":{"rendered":"Viena Design Week &#8211; Conoce a uno de los propietarios de los espacios pop-up"},"content":{"rendered":"<p>&nbsp;<\/p>\n<p>Dentro de unas semanas, Vienna Design Week, el festival de dise\u00f1o internacional m\u00e1s grande en Austria, llegar\u00e1 con grandes oportunidades para negocios que deseen mostrar sus productos. En Go\u2014PopUp, estamos orgullosos de tener una gran variedad de espacios perfectos para este reconocido festival.<\/p>\n<p>Uno de estos espacios es el <a href=\"https:\/\/www.gopopup.com\/es\/wien\/pop-up\/zj5z6\/\" rel=\"noopener\">Design Corner<\/a> de Silvia Kro. Durante la semana del dise\u00f1o, su pop-up pasar\u00e1\u00a0 a ser el Vienna Design Corner situado en el centro del dise\u00f1o en la ciudad. El lugar, que ha sido el anfitri\u00f3n para una variedad de exitosos eventos pop-ups, es un local id\u00f3neo listo para ser transformado en cualquier visi\u00f3n creativa.<\/p>\n<p>En esta oportunidad hablamos con Silvia y le hicimos unas cuantas preguntas sobre el \u00e9xito de su espacio, su opini\u00f3n en los espacios temporales, adem\u00e1s de su experiencia siendo parte de\u00a0Go\u2014PopUp.<\/p>\n<p><img loading=\"lazy\" decoding=\"async\" class=\"alignnone size-full wp-image-13367\" src=\"http:\/\/magazinetest.atomic4dev.net\/wp-content\/uploads\/2018\/08\/Silvia-Kro-Portraitfoto-.jpg\" alt=\"\" width=\"900\" height=\"600\" srcset=\"https:\/\/magazinetest.atomic4dev.net\/wp-content\/uploads\/2018\/08\/Silvia-Kro-Portraitfoto-.jpg 900w, https:\/\/magazinetest.atomic4dev.net\/wp-content\/uploads\/2018\/08\/Silvia-Kro-Portraitfoto--300x200.jpg 300w, https:\/\/magazinetest.atomic4dev.net\/wp-content\/uploads\/2018\/08\/Silvia-Kro-Portraitfoto--768x512.jpg 768w\" sizes=\"auto, (max-width: 900px) 100vw, 900px\" \/><\/p>\n<p>&nbsp;<\/p>\n<p><strong>\u00bfEn qu\u00e9 se caracteriza tu espacio?<\/strong><\/p>\n<p>Con la ubicaci\u00f3n en Getreidemarkt, nuestro showroom est\u00e1 situado en las inmediaciones del MQ, donde se encuentran reconocidos museos y salas de exposiciones de Viena, as\u00ed como el Hofburg der Oper, K\u00e4rtnerstrasse y otros lugares famosos del centro de la ciudad.<\/p>\n<p>El Getreidemarkt es una de las zonas comerciales m\u00e1s populares en Viena, con gran variedad de tiendas de dise\u00f1o, galer\u00edas, peque\u00f1os restaurantes y bistros, al igual de una conexi\u00f3n directa a Naschmarkt. Adem\u00e1s, la calle comercial Mariahilfer Stra\u00dfe est\u00e1 a la vuelta de la esquina.<\/p>\n<p>&nbsp;<\/p>\n<p><img loading=\"lazy\" decoding=\"async\" class=\"alignnone size-full wp-image-13369\" src=\"http:\/\/magazinetest.atomic4dev.net\/wp-content\/uploads\/2018\/08\/DSC_0095.jpg\" alt=\"\" width=\"902\" height=\"600\" srcset=\"https:\/\/magazinetest.atomic4dev.net\/wp-content\/uploads\/2018\/08\/DSC_0095.jpg 902w, https:\/\/magazinetest.atomic4dev.net\/wp-content\/uploads\/2018\/08\/DSC_0095-300x200.jpg 300w, https:\/\/magazinetest.atomic4dev.net\/wp-content\/uploads\/2018\/08\/DSC_0095-768x511.jpg 768w\" sizes=\"auto, (max-width: 902px) 100vw, 902px\" \/><\/p>\n<p>&nbsp;<\/p>\n<p><strong>\u00bfCu\u00e1l dir\u00edas que es uno de los eventos m\u00e1s memorables que se ha llevado a cabo en tu espacio?<\/strong><\/p>\n<p>Me quedar\u00eda con el Signature Design Market, dedicado a la cultura japonesa. En esta \u00abFiesta de los Cerezos\u00bb hab\u00eda muchas preguntas relacionadas con la moda, mobiliario, y comida que termin\u00f3 en ser un evento muy visitado por esta variedad de tem\u00e1ticas.<\/p>\n<p><strong>\u00bfQu\u00e9 caracter\u00edsticas piensas que son esenciales en un espacio temporal?<\/strong><\/p>\n<p>Un buen equipamento b\u00e1sico en el espacio es, seg\u00fan mi opini\u00f3n, una ventaja. Tambi\u00e9n estar bien ubicado en el centro de la ciudad, con f\u00e1cil acceso en transporte p\u00fablico, es otra ventaja adicional.<\/p>\n<p>&nbsp;<\/p>\n<p>&nbsp;<\/p>\n<p><img loading=\"lazy\" decoding=\"async\" class=\"size-full wp-image-13368\" src=\"http:\/\/magazinetest.atomic4dev.net\/wp-content\/uploads\/2018\/08\/DSC9813.jpg\" alt=\"\" width=\"1156\" height=\"768\" srcset=\"https:\/\/magazinetest.atomic4dev.net\/wp-content\/uploads\/2018\/08\/DSC9813.jpg 1156w, https:\/\/magazinetest.atomic4dev.net\/wp-content\/uploads\/2018\/08\/DSC9813-300x199.jpg 300w, https:\/\/magazinetest.atomic4dev.net\/wp-content\/uploads\/2018\/08\/DSC9813-768x510.jpg 768w, https:\/\/magazinetest.atomic4dev.net\/wp-content\/uploads\/2018\/08\/DSC9813-1024x680.jpg 1024w\" sizes=\"auto, (max-width: 1156px) 100vw, 1156px\" \/><\/p>\n<p>&nbsp;<\/p>\n<p><strong>\u00bfPor qu\u00e9 crees que los espacios pop-ups son importantes?<\/strong><\/p>\n<p>Por lo general, s\u00f3lo las grandes corporaciones pueden permitirse las mejores ubicaciones; a trav\u00e9s de los pop-ups, hay muchas opciones que pueden beneficiar a gran diversidad de consumidores.<\/p>\n<p><strong>\u00bfPor qu\u00e9 decidiste usar\u00a0Go\u2014PopUp? \u00bfQu\u00e9 es lo que te gusta de la plataforma?<\/strong><\/p>\n<p>Go\u2014PopUp tiene un enfoque profesional junto con un servicio personal del equipo, lo que lo convierte en una oferta convincente y atractiva.<\/p>\n<p>&nbsp;<\/p>\n<p>&nbsp;<\/p>\n<div style=\"text-align: center;\">\u00a0<a class=\"btn btn-primary btn-lg bg-turquoise\" href=\"https:\/\/www.gopopup.com\/es\/search\/vienna\/\" target=\"_blank\" rel=\"noopener\">Descubre espacios en Viena <\/a><\/div>\n<p>&nbsp;<\/p>\n","protected":false},"excerpt":{"rendered":"<p>&nbsp; Dentro de unas semanas, Vienna Design Week, el festival de dise\u00f1o internacional m\u00e1s grande en Austria, llegar\u00e1 con grandes oportunidades para negocios que deseen mostrar sus productos. En Go\u2014PopUp, estamos orgullosos de tener una gran variedad de espacios perfectos para este reconocido festival. Uno de estos espacios es el Design Corner de Silvia Kro. Durante la semana del dise\u00f1o, su pop-up pasar\u00e1\u00a0 a ser el Vienna Design Corner situado en el centro del dise\u00f1o en la ciudad. El lugar, que ha sido el anfitri\u00f3n para una variedad de exitosos eventos pop-ups, es un local id\u00f3neo listo para ser transformado [&hellip;]<\/p>\n","protected":false},"author":1,"featured_media":13366,"comment_status":"closed","ping_status":"closed","sticky":false,"template":"","format":"standard","meta":{"footnotes":""},"categories":[],"tags":[],"class_list":["post-13365","post","type-post","status-publish","format-standard","has-post-thumbnail","hentry"],"_links":{"self":[{"href":"https:\/\/magazinetest.atomic4dev.net\/es\/wp-json\/wp\/v2\/posts\/13365","targetHints":{"allow":["GET"]}}],"collection":[{"href":"https:\/\/magazinetest.atomic4dev.net\/es\/wp-json\/wp\/v2\/posts"}],"about":[{"href":"https:\/\/magazinetest.atomic4dev.net\/es\/wp-json\/wp\/v2\/types\/post"}],"author":[{"embeddable":true,"href":"https:\/\/magazinetest.atomic4dev.net\/es\/wp-json\/wp\/v2\/users\/1"}],"replies":[{"embeddable":true,"href":"https:\/\/magazinetest.atomic4dev.net\/es\/wp-json\/wp\/v2\/comments?post=13365"}],"version-history":[{"count":1,"href":"https:\/\/magazinetest.atomic4dev.net\/es\/wp-json\/wp\/v2\/posts\/13365\/revisions"}],"predecessor-version":[{"id":19792,"href":"https:\/\/magazinetest.atomic4dev.net\/es\/wp-json\/wp\/v2\/posts\/13365\/revisions\/19792"}],"wp:featuredmedia":[{"embeddable":true,"href":"https:\/\/magazinetest.atomic4dev.net\/es\/wp-json\/wp\/v2\/media\/13366"}],"wp:attachment":[{"href":"https:\/\/magazinetest.atomic4dev.net\/es\/wp-json\/wp\/v2\/media?parent=13365"}],"wp:term":[{"taxonomy":"category","embeddable":true,"href":"https:\/\/magazinetest.atomic4dev.net\/es\/wp-json\/wp\/v2\/categories?post=13365"},{"taxonomy":"post_tag","embeddable":true,"href":"https:\/\/magazinetest.atomic4dev.net\/es\/wp-json\/wp\/v2\/tags?post=13365"}],"curies":[{"name":"wp","href":"https:\/\/api.w.org\/{rel}","templated":true}]}}