{"id":11984,"date":"2017-08-16T09:48:19","date_gmt":"2017-08-16T07:48:19","guid":{"rendered":"https:\/\/magazinetest.atomic4dev.net?post_type=magazine-entry&#038;p=11984"},"modified":"2026-06-29T13:54:28","modified_gmt":"2026-06-29T11:54:28","slug":"bienvenido-al-coco-cafe-de-chanel","status":"publish","type":"post","link":"https:\/\/magazinetest.atomic4dev.net\/es\/bienvenido-al-coco-cafe-de-chanel\/","title":{"rendered":"Bienvenido al Coco Caf\u00e9 de Chanel"},"content":{"rendered":"<p>Durante todo este a\u00f1o, el Coco Caf\u00e9 de Chanel ha ido viajando por todo el mundo con un \u00fanico objetivo: dar a conocer los nuevos productos de belleza de la firma.<\/p>\n<p>En estas tiendas ef\u00edmeras no s\u00f3lo se puede tomar un caf\u00e9, te, zumo o dulces incre\u00edbles, sino que tambi\u00e9n se pueden descubrir todas las novedades de belleza de la maison francesa.<\/p>\n<div id=\"attachment_11883\" style=\"width: 829px\" class=\"wp-caption aligncenter\"><img loading=\"lazy\" decoding=\"async\" aria-describedby=\"caption-attachment-11883\" class=\"size-large wp-image-11883\" src=\"http:\/\/magazinetest.atomic4dev.net\/wp-content\/uploads\/2017\/08\/Emily-Loke-819x1024.jpg\" alt=\"Source: Emily Loke\" width=\"819\" height=\"1024\" srcset=\"https:\/\/magazinetest.atomic4dev.net\/wp-content\/uploads\/2017\/08\/Emily-Loke-819x1024.jpg 819w, https:\/\/magazinetest.atomic4dev.net\/wp-content\/uploads\/2017\/08\/Emily-Loke-240x300.jpg 240w, https:\/\/magazinetest.atomic4dev.net\/wp-content\/uploads\/2017\/08\/Emily-Loke-768x960.jpg 768w, https:\/\/magazinetest.atomic4dev.net\/wp-content\/uploads\/2017\/08\/Emily-Loke.jpg 1600w\" sizes=\"auto, (max-width: 819px) 100vw, 819px\" \/><p id=\"caption-attachment-11883\" class=\"wp-caption-text\">Source: Emily Loke<\/p><\/div>\n<p style=\"text-align: center;\"><img loading=\"lazy\" decoding=\"async\" class=\"aligncenter wp-image-11880 size-large\" src=\"http:\/\/magazinetest.atomic4dev.net\/wp-content\/uploads\/2017\/08\/coco-cafe-popup-1024x684.jpg\" alt=\"coco cafe popup\" width=\"1024\" height=\"684\" srcset=\"https:\/\/magazinetest.atomic4dev.net\/wp-content\/uploads\/2017\/08\/coco-cafe-popup-1024x684.jpg 1024w, https:\/\/magazinetest.atomic4dev.net\/wp-content\/uploads\/2017\/08\/coco-cafe-popup-300x200.jpg 300w, https:\/\/magazinetest.atomic4dev.net\/wp-content\/uploads\/2017\/08\/coco-cafe-popup-768x513.jpg 768w, https:\/\/magazinetest.atomic4dev.net\/wp-content\/uploads\/2017\/08\/coco-cafe-popup.jpg 1200w\" sizes=\"auto, (max-width: 1024px) 100vw, 1024px\" \/><\/p>\n<p style=\"text-align: center;\">\u00a0<a class=\"btn btn-primary btn-lg bg-turquoise\" style=\"text-decoration: none; padding-left: 30px; padding-right: 30px;\" href=\"www.gopopup.com\/es\" target=\"_blank\" rel=\"noopener\">\u00a0Encuentra el espacio pop-up ideal para tu idea<\/a><\/p>\n<div id=\"attachment_11893\" style=\"width: 960px\" class=\"wp-caption aligncenter\"><img loading=\"lazy\" decoding=\"async\" aria-describedby=\"caption-attachment-11893\" class=\"size-full wp-image-11893\" src=\"http:\/\/magazinetest.atomic4dev.net\/wp-content\/uploads\/2017\/08\/Captura-de-pantalla-2017-08-16-a-las-12.20.45.png\" alt=\"Source: Models Daily\" width=\"950\" height=\"638\" \/><p id=\"caption-attachment-11893\" class=\"wp-caption-text\">Source: Models Daily<\/p><\/div>\n<p>&nbsp;<\/p>\n<p>Si os encantar\u00eda visitar uno de los caf\u00e9s de Chanel y est\u00e1is en Espa\u00f1a, todav\u00eda est\u00e1is a tiempo:<\/p>\n<p>&nbsp;<\/p>\n<p>WHITE SUMMER FESTIVAL, EN PALS, GIRONA.<\/p>\n<p>DEL 17 AL 19 DE AGOSTO.<\/p>\n<p>&nbsp;<\/p>\n<p>GRANADA SOUND, EN EL CORTIJO DEL CONDE. GRANADA<\/p>\n<p>EL 22 Y 23 DE SEPTIEMBRE<\/p>\n","protected":false},"excerpt":{"rendered":"<p>Durante todo este a\u00f1o, el Coco Caf\u00e9 de Chanel ha ido viajando por todo el mundo con un \u00fanico objetivo: dar a conocer los nuevos productos de belleza de la firma. En estas tiendas ef\u00edmeras no s\u00f3lo se puede tomar un caf\u00e9, te, zumo o dulces incre\u00edbles, sino que tambi\u00e9n se pueden descubrir todas las novedades de belleza de la maison francesa. \u00a0\u00a0Encuentra el espacio pop-up ideal para tu idea &nbsp; Si os encantar\u00eda visitar uno de los caf\u00e9s de Chanel y est\u00e1is en Espa\u00f1a, todav\u00eda est\u00e1is a tiempo: &nbsp; WHITE SUMMER FESTIVAL, EN PALS, GIRONA. DEL 17 AL 19 [&hellip;]<\/p>\n","protected":false},"author":1,"featured_media":11881,"comment_status":"closed","ping_status":"closed","sticky":false,"template":"","format":"standard","meta":{"footnotes":""},"categories":[959,331],"tags":[],"class_list":["post-11984","post","type-post","status-publish","format-standard","has-post-thumbnail","hentry","category-imp_es","category-noticias-go-popup-es"],"_links":{"self":[{"href":"https:\/\/magazinetest.atomic4dev.net\/es\/wp-json\/wp\/v2\/posts\/11984","targetHints":{"allow":["GET"]}}],"collection":[{"href":"https:\/\/magazinetest.atomic4dev.net\/es\/wp-json\/wp\/v2\/posts"}],"about":[{"href":"https:\/\/magazinetest.atomic4dev.net\/es\/wp-json\/wp\/v2\/types\/post"}],"author":[{"embeddable":true,"href":"https:\/\/magazinetest.atomic4dev.net\/es\/wp-json\/wp\/v2\/users\/1"}],"replies":[{"embeddable":true,"href":"https:\/\/magazinetest.atomic4dev.net\/es\/wp-json\/wp\/v2\/comments?post=11984"}],"version-history":[{"count":1,"href":"https:\/\/magazinetest.atomic4dev.net\/es\/wp-json\/wp\/v2\/posts\/11984\/revisions"}],"predecessor-version":[{"id":19859,"href":"https:\/\/magazinetest.atomic4dev.net\/es\/wp-json\/wp\/v2\/posts\/11984\/revisions\/19859"}],"wp:featuredmedia":[{"embeddable":true,"href":"https:\/\/magazinetest.atomic4dev.net\/es\/wp-json\/wp\/v2\/media\/11881"}],"wp:attachment":[{"href":"https:\/\/magazinetest.atomic4dev.net\/es\/wp-json\/wp\/v2\/media?parent=11984"}],"wp:term":[{"taxonomy":"category","embeddable":true,"href":"https:\/\/magazinetest.atomic4dev.net\/es\/wp-json\/wp\/v2\/categories?post=11984"},{"taxonomy":"post_tag","embeddable":true,"href":"https:\/\/magazinetest.atomic4dev.net\/es\/wp-json\/wp\/v2\/tags?post=11984"}],"curies":[{"name":"wp","href":"https:\/\/api.w.org\/{rel}","templated":true}]}}