{"id":11544,"date":"2015-05-31T12:23:00","date_gmt":"2015-05-31T10:23:00","guid":{"rendered":"http:\/\/cms.gopopup.com\/?post_type=magazine-entry&#038;p=11544"},"modified":"2022-05-26T23:15:49","modified_gmt":"2022-05-26T21:15:49","slug":"atelier-nespresso","status":"publish","type":"post","link":"https:\/\/magazinetest.atomic4dev.net\/es\/atelier-nespresso\/","title":{"rendered":"Atelier Nespresso aterriza en Madrid"},"content":{"rendered":"<p>Atelier Nespresso, un espacio ef\u00edmero que celebra la gastronom\u00eda, aterriz\u00f3 en Madrid con <strong>Distrito 22<\/strong>. Despu\u00e9s\u00a0de haber realizado una gira por distintas ciudades como Barcelona, Lyon o Estocolmo,\u00a0<a class=\"twitter-hashtag pretty-link js-nav\" dir=\"ltr\" href=\"https:\/\/twitter.com\/search?q=%23ateliernespresso&amp;src=typd\" target=\"_blank\" data-query-source=\"hashtag_click\" rel=\"noopener\"><s>#<\/s><b>AtelierNespresso<\/b><\/a>\u00a0seleccion\u00f3 el <strong>Espacio Mood Serrano<\/strong>\u00a0para celebrar 4 cenas exclusivas.<\/p>\n<div id=\"attachment_11549\" style=\"width: 659px\" class=\"wp-caption aligncenter\"><a href=\"http:\/\/magazinetest.atomic4dev.net\/wp-content\/uploads\/2017\/05\/Captura-de-pantalla-2017-05-31-a-las-12.00.32-p.m..png\"><img loading=\"lazy\" decoding=\"async\" aria-describedby=\"caption-attachment-11549\" class=\"size-full wp-image-11549\" src=\"http:\/\/magazinetest.atomic4dev.net\/wp-content\/uploads\/2017\/05\/Captura-de-pantalla-2017-05-31-a-las-12.00.32-p.m..png\" alt=\"Exposici\u00f3n fotogr\u00e1fica en Distrito22 v\u00eda @NespressoES\" width=\"649\" height=\"487\" srcset=\"https:\/\/magazinetest.atomic4dev.net\/wp-content\/uploads\/2017\/05\/Captura-de-pantalla-2017-05-31-a-las-12.00.32-p.m..png 649w, https:\/\/magazinetest.atomic4dev.net\/wp-content\/uploads\/2017\/05\/Captura-de-pantalla-2017-05-31-a-las-12.00.32-p.m.-300x225.png 300w\" sizes=\"auto, (max-width: 649px) 100vw, 649px\" \/><\/a><p id=\"caption-attachment-11549\" class=\"wp-caption-text\"><em>Exposici\u00f3n fotogr\u00e1fica en Distrito22 v\u00eda @NespressoES<\/em><\/p><\/div>\n<p>&nbsp;<\/p>\n<p>Los reconocidos chefs estrella Michel\u00edn, Erlantz Gorostiza, Francis Paniego, Paco P\u00e9rez, y Ram\u00f3n Freixa, estuvieron a cargo de elaborar un men\u00fa rindiendo\u00a0tributo\u00a0a la ciudad Madrile\u00f1a y a su cultura cafetera. El caf\u00e9 tuvo un protagonismo en cada uno de los men\u00fas, demostrando as\u00ed que el ingrediente puede ser vers\u00e1til en la cocina.<\/p>\n<p>&nbsp;<\/p>\n<p><strong>Distrito 22 brind\u00f3 homenaje a los 21 distritos de Madrid\u00a0<\/strong>mediante\u00a0exposici\u00f3n fotogr\u00e1fica de los mismos, as\u00ed como diversas actividades en torno a la gastronom\u00eda. Una de ellas fue la reinterpretaci\u00f3n &#8216;los churros&#8217;, un cl\u00e1sico del desayuno madrile\u00f1o. El pastelero Sergi Vela fue quien asumi\u00f3 este reto con el apoyo del due\u00f1o de la chocolater\u00eda San Gin\u00e9s.<\/p>\n<p>&nbsp;<\/p>\n<div id=\"attachment_11547\" style=\"width: 691px\" class=\"wp-caption aligncenter\"><a href=\"http:\/\/magazinetest.atomic4dev.net\/wp-content\/uploads\/2017\/05\/Ramon-Freixa-Nespresso.png\"><img loading=\"lazy\" decoding=\"async\" aria-describedby=\"caption-attachment-11547\" class=\"size-full wp-image-11547\" src=\"http:\/\/magazinetest.atomic4dev.net\/wp-content\/uploads\/2017\/05\/Ramon-Freixa-Nespresso.png\" alt=\"Uno de los platos del men\u00fa v\u00eda @RamonFreixa \" width=\"681\" height=\"507\" srcset=\"https:\/\/magazinetest.atomic4dev.net\/wp-content\/uploads\/2017\/05\/Ramon-Freixa-Nespresso.png 681w, https:\/\/magazinetest.atomic4dev.net\/wp-content\/uploads\/2017\/05\/Ramon-Freixa-Nespresso-300x223.png 300w\" sizes=\"auto, (max-width: 681px) 100vw, 681px\" \/><\/a><p id=\"caption-attachment-11547\" class=\"wp-caption-text\"><em>Uno de los platos del men\u00fa v\u00eda @RamonFreixa<\/em><\/p><\/div>\n<div id=\"attachment_11550\" style=\"width: 692px\" class=\"wp-caption aligncenter\"><a href=\"http:\/\/magazinetest.atomic4dev.net\/wp-content\/uploads\/2017\/05\/Captura-de-pantalla-2017-05-31-a-las-12.02.45-p.m..png\"><img loading=\"lazy\" decoding=\"async\" aria-describedby=\"caption-attachment-11550\" class=\"size-full wp-image-11550\" src=\"http:\/\/magazinetest.atomic4dev.net\/wp-content\/uploads\/2017\/05\/Captura-de-pantalla-2017-05-31-a-las-12.02.45-p.m..png\" alt=\"Masa de churro tradicional con caf\u00e9 Volluto y chocolate  de Sergi Vela v\u00eda @NespressoES\" width=\"682\" height=\"493\" srcset=\"https:\/\/magazinetest.atomic4dev.net\/wp-content\/uploads\/2017\/05\/Captura-de-pantalla-2017-05-31-a-las-12.02.45-p.m..png 682w, https:\/\/magazinetest.atomic4dev.net\/wp-content\/uploads\/2017\/05\/Captura-de-pantalla-2017-05-31-a-las-12.02.45-p.m.-300x217.png 300w\" sizes=\"auto, (max-width: 682px) 100vw, 682px\" \/><\/a><p id=\"caption-attachment-11550\" class=\"wp-caption-text\"><em>Masa de churro tradicional con caf\u00e9 Volluto y chocolate de Sergi Vela v\u00eda @NespressoES<\/em><\/p><\/div>\n<p>&nbsp;<\/p>\n<p>\u00bfTe gustar\u00eda que las cenas pop-up de Atelier Nespresso llegaran a tu ciudad? Es un concepto diferente y una gran forma de mostrar la versatilidad del caf\u00e9 como ingrediente en la cocina. \u00a1Te mantendremos informado sobre su pr\u00f3ximo destino!<\/p>\n","protected":false},"excerpt":{"rendered":"<p>Atelier Nespresso, un espacio ef\u00edmero que celebra la gastronom\u00eda, aterriz\u00f3 en Madrid con Distrito 22. Despu\u00e9s\u00a0de haber realizado una gira por distintas ciudades como Barcelona, Lyon o Estocolmo,\u00a0#AtelierNespresso\u00a0seleccion\u00f3 el Espacio Mood Serrano\u00a0para celebrar 4 cenas exclusivas. &nbsp; Los reconocidos chefs estrella Michel\u00edn, Erlantz Gorostiza, Francis Paniego, Paco P\u00e9rez, y Ram\u00f3n Freixa, estuvieron a cargo de elaborar un men\u00fa rindiendo\u00a0tributo\u00a0a la ciudad Madrile\u00f1a y a su cultura cafetera. El caf\u00e9 tuvo un protagonismo en cada uno de los men\u00fas, demostrando as\u00ed que el ingrediente puede ser vers\u00e1til en la cocina. &nbsp; Distrito 22 brind\u00f3 homenaje a los 21 distritos de Madrid\u00a0mediante\u00a0exposici\u00f3n [&hellip;]<\/p>\n","protected":false},"author":1,"featured_media":11548,"comment_status":"closed","ping_status":"closed","sticky":false,"template":"","format":"standard","meta":{"footnotes":""},"categories":[],"tags":[],"class_list":["post-11544","post","type-post","status-publish","format-standard","has-post-thumbnail","hentry"],"_links":{"self":[{"href":"https:\/\/magazinetest.atomic4dev.net\/es\/wp-json\/wp\/v2\/posts\/11544","targetHints":{"allow":["GET"]}}],"collection":[{"href":"https:\/\/magazinetest.atomic4dev.net\/es\/wp-json\/wp\/v2\/posts"}],"about":[{"href":"https:\/\/magazinetest.atomic4dev.net\/es\/wp-json\/wp\/v2\/types\/post"}],"author":[{"embeddable":true,"href":"https:\/\/magazinetest.atomic4dev.net\/es\/wp-json\/wp\/v2\/users\/1"}],"replies":[{"embeddable":true,"href":"https:\/\/magazinetest.atomic4dev.net\/es\/wp-json\/wp\/v2\/comments?post=11544"}],"version-history":[{"count":1,"href":"https:\/\/magazinetest.atomic4dev.net\/es\/wp-json\/wp\/v2\/posts\/11544\/revisions"}],"predecessor-version":[{"id":19931,"href":"https:\/\/magazinetest.atomic4dev.net\/es\/wp-json\/wp\/v2\/posts\/11544\/revisions\/19931"}],"wp:featuredmedia":[{"embeddable":true,"href":"https:\/\/magazinetest.atomic4dev.net\/es\/wp-json\/wp\/v2\/media\/11548"}],"wp:attachment":[{"href":"https:\/\/magazinetest.atomic4dev.net\/es\/wp-json\/wp\/v2\/media?parent=11544"}],"wp:term":[{"taxonomy":"category","embeddable":true,"href":"https:\/\/magazinetest.atomic4dev.net\/es\/wp-json\/wp\/v2\/categories?post=11544"},{"taxonomy":"post_tag","embeddable":true,"href":"https:\/\/magazinetest.atomic4dev.net\/es\/wp-json\/wp\/v2\/tags?post=11544"}],"curies":[{"name":"wp","href":"https:\/\/api.w.org\/{rel}","templated":true}]}}