{"id":8573,"date":"2015-12-20T08:50:06","date_gmt":"2015-12-20T07:50:06","guid":{"rendered":"http:\/\/cms.gopopup.com\/?post_type=magazine-entry&#038;p=8573"},"modified":"2017-10-02T15:25:45","modified_gmt":"2017-10-02T13:25:45","slug":"ingo-ist-ein-guter-vermieter-ingo-ist-nett-sei-wie-ingo","status":"publish","type":"post","link":"https:\/\/magazinetest.atomic4dev.net\/en\/ingo-ist-ein-guter-vermieter-ingo-ist-nett-sei-wie-ingo\/","title":{"rendered":"Ingo ist ein guter Vermieter. Ingo ist nett. Sei wie Ingo."},"content":{"rendered":"<p style=\"font-size: 18px;font-weight: bold;\">von Katja Feldmeier<\/p>\n<p>Ohne sie g\u00e4be es keine Pop-Ups. Unsere Vermieter sind die Basis f\u00fcr die Verwirklichung jeder Idee. Einer, den wir f\u00fcr seine Offenheit, Flexibilit\u00e4t und enge Zusammenarbeit besonders in unser Pop-Up Herz geschlossen haben, ist Ingo aus der <a href=\"http:\/\/www.gopopup.com\/de\/space\/berlin\/pop-up-space-torstrasse-161\" target=\"_blank\" rel=\"noopener\">Torstra\u00dfe 161<\/a>. Wir stellen ihn als unseren Vermieter des Monats vor und fragen einmal genauer nach.<\/p>\n<hr \/>\n<p class=\"text-center\"><a class=\"btn btn-primary btn-lg bg-turquoise\" style=\"text-decoration: none; padding-left: 30px; padding-right: 30px;\" href=\"\/de\/spaces\/search\">Jetzt Ladenfl\u00e4chen entdecken<\/a><\/p>\n<hr \/>\n<p>&nbsp;<\/p>\n<p><strong>1. Dein Space, <a href=\"http:\/\/www.gopopup.com\/de\/space\/berlin\/pop-up-space-torstrasse-161\" target=\"_blank\" rel=\"noopener\">Torstra\u00dfe 161<\/a>, ist einer unserer Lieblinge. Was ist das besondere an dem Space?<\/strong><\/p>\n<p>Was das besondere an dem Space ist, kann ich nicht sagen, da m\u00fcsstet ihr die Mieter fragen. F\u00fcr jeden wird es wahrscheinlich etwas anderes sein, entsprechend seiner Bed\u00fcrfnisse und Erwartungen. Was ich aber \u00f6fter als ein direktes Feedback mitbekomme, ist dass sich die Mieter hier sehr wohl und entspannt, bis hin zu beh\u00fctet und sicher, f\u00fchlen.<\/p>\n<p>Mir selber war damals, als ich den Laden vor Jahren angemietet und renoviert habe, aufgefallen wie ruhig ich mich hier trotz des L\u00e4rms, des Verkehrs auf der vier spurigen Torstra\u00dfe mit all den Menschen immer gef\u00fchlt habe. Dieses Gef\u00fchl versuch ich zu erhalten oder zu verst\u00e4rken. Letzten Endes sehe ich es als meine Aufgabe, dass die Menschen sich hier wohl f\u00fchlen. Aufregung und Unsicherheiten bringen\u00a0die Mieter\u00a0oft selber schon genug mit. Investieren sie doch meist Zeit und\u00a0Geld, also Energie und auch Mut in ihre Projekte.<\/p>\n<p><a href=\"http:\/\/magazinetest.atomic4dev.net\/wp-content\/uploads\/2016\/01\/torstrladen1.png\"><img loading=\"lazy\" decoding=\"async\" class=\"alignnone size-full wp-image-8609\" src=\"http:\/\/magazinetest.atomic4dev.net\/wp-content\/uploads\/2016\/01\/torstrladen1.png\" alt=\"torstrladen\" width=\"1200\" height=\"800\" srcset=\"https:\/\/magazinetest.atomic4dev.net\/wp-content\/uploads\/2016\/01\/torstrladen1.png 1200w, https:\/\/magazinetest.atomic4dev.net\/wp-content\/uploads\/2016\/01\/torstrladen1-300x200.png 300w, https:\/\/magazinetest.atomic4dev.net\/wp-content\/uploads\/2016\/01\/torstrladen1-1024x683.png 1024w\" sizes=\"auto, (max-width: 1200px) 100vw, 1200px\" \/><\/a><\/p>\n<p><strong>2. Pop-Up ist immer etwas besonderes. Welche Pop-Up Stores geh\u00f6rten zu deinen Favoriten?<\/strong><\/p>\n<p>Favoriten habe ich keine. Es ist immer wieder spannend zu sehen, mit welchen Konzepten und Ideen die Menschen in meinem Laden kommen und wie sie mit der Umsetzung ihrer Ideen umgehen. Die einen folgen einem strickten Plan, weichen nicht ab. Die anderen haben nur einen groben Plan und entwickeln intuitiv, in der Situation das weitere Vorgehen. F\u00fcr die einen ist es scheinbar\u00a0eine\u00a0wenig emotionale Abwicklung, f\u00fcr die anderen ein aufregender gesch\u00e4ftlicher wie pers\u00f6nlicher Entwicklungs- und Wachstumsprozess.<\/p>\n<p>&nbsp;<\/p>\n<p><strong>3. Fast jedem (Wahl-)Berliner ist die Torstra\u00dfe ein \u00a0Begriff. Wie siehst du die Entwicklung der letzten Jahre?<\/strong><\/p>\n<p>Ich kenne die Torstra\u00dfe noch als Niemandsland. Eine h\u00e4ssliche, graue Linie die man nicht \u00fcberqueren wollte, wenn man nicht musste. Das Leben spielte sich s\u00fcdlich der Torstra\u00dfe ab. Wie wir ja wissen, hat sich das gl\u00fccklicherweise ge\u00e4ndert. Sie ist bunt und spannend. Ich bin nur froh, dass sie stellenweise noch immer h\u00e4sslich genug ist, dass hier, nicht wie in anderen vergleichbar lebendigen Strassen, der &#8220;normale&#8221; Alltag total ausgestorben ist. Ein gute Mischung aus allt\u00e4glichem Leben, Gesch\u00e4ftsleben, neugierigen und bereichernden Reisenden und Touristen. Mal sehen wie lange das so bleibt.<\/p>\n<p>&nbsp;<\/p>\n<p><strong>4. Welche Vorteile bietet dir das Pop-Up Business gegen\u00fcber einer dauerhaften Vermietung?<\/strong><\/p>\n<p>Eine dauerhafte Vermietung bringt sicheres und planbares Geld. Das Pop-Up Konzept ist da etwas unsicherer. Wenn es gut l\u00e4uft, scheint es lukrativer, allerdings gibt es auch immer wieder Zeiten, in denen nicht viel passiert und dann gleicht sich das wieder aus. Der Vorteil hier ist dann, dass ich den Raum dann f\u00fcr mich oder spontane Ideen von Freunden oder Nachbarn nutzen kann.<\/p>\n<p>Das Wichtige f\u00fcr mich ist aber der Kontakt mit immer neuen Ideen und Menschen. Der Austausch und die gegenseitige Inspiration. Als ich den Laden anmietete, war es f\u00fcr meine pers\u00f6nliche Nutzung als B\u00fcro und Schnittstudio gedacht, entwickelte sich aber schnell,\u00a0ob als Bar, Galerie oder Foto- und Videostudio\u00a0zu einem Treffpunkt f\u00fcr kreativen Austausch. Der Raum stand Menschen, die ihn nutzen wollten, um sich auszuprobieren, schon lange bevor der Begriff und das Konzept Pop-Up Einzug erhalten hat, zur Verf\u00fcgung. Diesen Wert m\u00f6chte ich gerne erhalten.<\/p>\n<p>&nbsp;<\/p>\n<p><strong>5. Wie funktioniert f\u00fcr dich die Zusammenarbeit mit Go\u2014PopUp?\u00a0<\/strong><\/p>\n<p>Was ich an Go-PopUp sch\u00e4tze ist das Engagement und die Weitsicht mit der ihr agiert. Ihr organisieren nicht nur die reine Vermietung der Locations sondern ihr treibt auch das Pop-up Konzept, die Idee dahinter, weiter an. Als ich vor fast 20 Jahren nach Berlin kam, war es besonders in den Stadtteilen im Osten der verf\u00fcgbare und bezahlbare Freiraum, der die Faszination der Stadt ausmachte. Die damit gegebenen M\u00f6glichkeiten sich kreativ auch ohne gro\u00dfe finanzielle Risiken eingehen zu m\u00fcssen, auszuprobieren und zu verwirklichen, feuerte die Entwicklung an, die meiner Meinung nach Berlin f\u00fcr die Menschen in aller Welt so spannend gemacht hat. Im Laufe der sogenannten Gentrifizierung wurde dieses Potential dem reinen Kapitalinteressen geopfert.<\/p>\n<p>Durch das Pop-Up Konzept entsteht dieser Freiraum wieder neu. Nicht so frei und g\u00fcnstig wie damals, aber immerhin Raum zum probieren und wachsen, ohne sich vertraglich einen Klotz ans Bein zu binden.<\/p>\n<p>Was nun die Zusammenarbeit angeht, so hab ich das Gef\u00fchl wir ziehen an dem gleichen Strang.<\/p>\n<div><\/div>\n<div>\n<div><strong>Danke Ingo!<\/strong><\/div>\n<div><\/div>\n<div><\/div>\n<div><strong>Wo du Ingo findest:<\/strong><\/div>\n<div><\/div>\n<div><a href=\"http:\/\/www.gopopup.com\/de\/space\/berlin\/pop-up-space-torstrasse-161\" target=\"_blank\" rel=\"noopener\">Hier<\/a><\/div>\n<div><\/div>\n<div><strong>Wo Du uns findest:<\/strong><\/div>\n<div>\n<p class=\"p2\"><span class=\"s1\"><a href=\"http:\/\/www.gopopup.com\/\" rel=\"noopener\">gopopup.com<\/a><\/span><\/p>\n<p class=\"p2\"><span class=\"s1\"><a href=\"https:\/\/www.facebook.com\/GoPopUp\" rel=\"noopener\">facebook.com\/gopopup<\/a><\/span><\/p>\n<p class=\"p2\"><span class=\"s1\"><a href=\"https:\/\/twitter.com\/gopopupcom\" rel=\"noopener\">@gopopupcom<\/a><\/span><\/p>\n<p class=\"p4\"><span class=\"s4\"><a href=\"https:\/\/instagram.com\/gopopup\/\" rel=\"noopener\">#gopopup<\/a><\/span><\/p>\n<\/div>\n<\/div>\n","protected":false},"excerpt":{"rendered":"<p>von Katja Feldmeier Ohne sie g\u00e4be es keine Pop-Ups. Unsere Vermieter sind die Basis f\u00fcr die Verwirklichung jeder Idee. Einer, den wir f\u00fcr seine Offenheit, Flexibilit\u00e4t und enge Zusammenarbeit besonders in unser Pop-Up Herz geschlossen haben, ist Ingo aus der Torstra\u00dfe 161. Wir stellen ihn als unseren Vermieter des Monats vor und fragen einmal genauer nach. Jetzt Ladenfl\u00e4chen entdecken &nbsp; 1. Dein Space, Torstra\u00dfe 161, ist einer unserer Lieblinge. Was ist das besondere an dem Space? Was das besondere an dem Space ist, kann ich nicht sagen, da m\u00fcsstet ihr die Mieter fragen. F\u00fcr jeden wird es wahrscheinlich etwas anderes [&hellip;]<\/p>\n","protected":false},"author":1,"featured_media":8758,"comment_status":"closed","ping_status":"closed","sticky":false,"template":"","format":"standard","meta":{"footnotes":""},"categories":[68],"tags":[],"class_list":["post-8573","post","type-post","status-publish","format-standard","has-post-thumbnail","hentry","category-4_success-stories"],"_links":{"self":[{"href":"https:\/\/magazinetest.atomic4dev.net\/en\/wp-json\/wp\/v2\/posts\/8573","targetHints":{"allow":["GET"]}}],"collection":[{"href":"https:\/\/magazinetest.atomic4dev.net\/en\/wp-json\/wp\/v2\/posts"}],"about":[{"href":"https:\/\/magazinetest.atomic4dev.net\/en\/wp-json\/wp\/v2\/types\/post"}],"author":[{"embeddable":true,"href":"https:\/\/magazinetest.atomic4dev.net\/en\/wp-json\/wp\/v2\/users\/1"}],"replies":[{"embeddable":true,"href":"https:\/\/magazinetest.atomic4dev.net\/en\/wp-json\/wp\/v2\/comments?post=8573"}],"version-history":[{"count":0,"href":"https:\/\/magazinetest.atomic4dev.net\/en\/wp-json\/wp\/v2\/posts\/8573\/revisions"}],"wp:featuredmedia":[{"embeddable":true,"href":"https:\/\/magazinetest.atomic4dev.net\/en\/wp-json\/wp\/v2\/media\/8758"}],"wp:attachment":[{"href":"https:\/\/magazinetest.atomic4dev.net\/en\/wp-json\/wp\/v2\/media?parent=8573"}],"wp:term":[{"taxonomy":"category","embeddable":true,"href":"https:\/\/magazinetest.atomic4dev.net\/en\/wp-json\/wp\/v2\/categories?post=8573"},{"taxonomy":"post_tag","embeddable":true,"href":"https:\/\/magazinetest.atomic4dev.net\/en\/wp-json\/wp\/v2\/tags?post=8573"}],"curies":[{"name":"wp","href":"https:\/\/api.w.org\/{rel}","templated":true}]}}