{"id":13928,"date":"2019-05-01T11:53:06","date_gmt":"2019-05-01T09:53:06","guid":{"rendered":"https:\/\/magazinetest.atomic4dev.net\/?post_type=magazine-entry&#038;p=13928"},"modified":"2019-05-02T11:04:17","modified_gmt":"2019-05-02T09:04:17","slug":"go-popup-x-adictik-pop-up-gallery-x-market-for-poblenou-open-day","status":"publish","type":"post","link":"https:\/\/magazinetest.atomic4dev.net\/en\/go-popup-x-adictik-pop-up-gallery-x-market-for-poblenou-open-day\/","title":{"rendered":"Go\u2014PopUp x Adictik Pop-Up Gallery x Market for Poblenou Open Day"},"content":{"rendered":"<p><span style=\"font-weight: 400;\">We have teamed up with <a href=\"http:\/\/www.adictik.com\" rel=\"noopener\">Adictik<\/a> and Poblenou Urban District to host an <\/span>Open Pop-Up Gallery and Market<span style=\"font-weight: 400;\"> for the Poblenou Open Day the 4th of May. In collaboration with local artists such as <\/span><span style=\"font-weight: 400;\">Ewelina Wi\u0119c\u0142aw<\/span><span style=\"font-weight: 400;\">, Aleix Gordo Hostau (Goho Studio), Ceci Montobbio, Gemma Canal, Paula Valera, Juan Manuel Hincapi\u00e9, Marina Romero and <\/span><span style=\"font-weight: 400;\">Daniel Berdala<\/span><span style=\"font-weight: 400;\">, we are filling our brand new office studio space next to the Razzmatazz with art, photography, music and brand culture in a unique experiential pop-up format <\/span>\u2014 only for one day.<\/p>\n<p>&nbsp;<\/p>\n<p>Enjoy for the whole day the art and work of our featured artists, illustrators and photographers in our studio and warehouse next to the famous Razzmatazz and Espacio 88 in Poblenou. Meet the artists, our visitors and us and have a drink while listening to live music from MUT. Be part of our Creators Mission <span style=\"font-weight: 400;\">together with Fuji Instax and Adictik. Network and connect with like minded people and ideas surrounding us and our neighborhood, while getting to know our new offices in Carrer de Pamplona 88.<\/span><\/p>\n<p>&nbsp;<\/p>\n<hr \/>\n<p>&nbsp;<\/p>\n<div style=\"text-align: center;\">\u00a0<a class=\"btn btn-primary btn-lg bg-turquoise\" href=\"https:\/\/www.facebook.com\/events\/2349199478650080\/\" rel=\"noopener\">Register for the Event on Facebook<br \/>\n<\/a><\/div>\n<p>&nbsp;<\/p>\n<hr \/>\n<p>&nbsp;<\/p>\n<h1><b>\u2014\u00a0Program &amp; Activities<\/b><\/h1>\n<p>&nbsp;<\/p>\n<p><span style=\"font-weight: 400;\">As a highlight, <\/span><a href=\"http:\/\/www.aleixgoho.com\/en\/\" rel=\"noopener\"><span style=\"font-weight: 400;\">Aleix Gordo Hostau<\/span><\/a><span style=\"font-weight: 400;\"> from Goho Studios will perform a <\/span>live illustration<span style=\"font-weight: 400;\"> and painting session during the afternoon, getting inspired by the Poblenou Open Day\u2019s environment and the people surrounding him, which will result in a large scale artwork on paper.<\/span><\/p>\n<p>&nbsp;<\/p>\n<h2><b>Creators Mission<\/b><\/h2>\n<hr \/>\n<p><span style=\"font-weight: 400;\"><br \/>\n<\/span><span style=\"font-weight: 400;\">We have \u00a0lined up with <\/span><a href=\"http:\/\/www.adictik.com\/\" rel=\"noopener\"><span style=\"font-weight: 400;\">Adictik<\/span><\/a><span style=\"font-weight: 400;\"> and <\/span><a href=\"https:\/\/instax.com\/\" rel=\"noopener\"><span style=\"font-weight: 400;\">Fuji Instax<\/span><\/a><span style=\"font-weight: 400;\"> to launch a <\/span><b>Creators Mission <\/b><span style=\"font-weight: 400;\">so you can also be creatively involved in this event. Simply take one of the Fuji Instax cameras that we will provide in our space or use your own phone to capture great images and videos to tell a unique branded story. Share it with the hashtag #openday and mention @gopopup @adictikworld on Facebook, Instagram or LinkedIn. With this, you have the chance to win your own Fuji Instax camera as we choose the best content created that day.<\/span><\/p>\n<p>&nbsp;<\/p>\n<blockquote class=\"instagram-media\" style=\"background: #FFF; border: 0; border-radius: 3px; box-shadow: 0 0 1px 0 rgba(0,0,0,0.5),0 1px 10px 0 rgba(0,0,0,0.15); margin: 1px; max-width: 100%; min-width: 326px; padding: 0; width: calc(100% - 2px);\" data-instgrm-captioned=\"\" data-instgrm-permalink=\"https:\/\/www.instagram.com\/p\/BvRr9BAneWK\/?utm_source=ig_embed&amp;utm_medium=loading\" data-instgrm-version=\"12\">\n<div style=\"padding: 16px;\">\n<p>&nbsp;<\/p>\n<div style=\"display: flex; flex-direction: row; align-items: center;\"><\/div>\n<div style=\"padding: 19% 0;\"><\/div>\n<div style=\"display: block; height: 50px; margin: 0 auto 12px; width: 50px;\"><\/div>\n<div style=\"padding-top: 8px;\">\n<div style=\"color: #3897f0; font-family: Arial,sans-serif; font-size: 14px; font-style: normal; font-weight: 550; line-height: 18px;\">Check out this post on Instagram<\/div>\n<\/div>\n<div style=\"padding: 12.5% 0;\"><\/div>\n<div style=\"display: flex; flex-direction: row; margin-bottom: 14px; align-items: center;\"><\/div>\n<p>&nbsp;<\/p>\n<p style=\"margin: 8px 0 0 0; padding: 0 4px;\"><a style=\"color: #000; font-family: Arial,sans-serif; font-size: 14px; font-style: normal; font-weight: normal; line-height: 17px; text-decoration: none; word-wrap: break-word;\" href=\"https:\/\/www.instagram.com\/p\/BvRr9BAneWK\/?utm_source=ig_embed&amp;utm_medium=loading\" target=\"_blank\" rel=\"noopener\">We have partnered with @poblenouud ! We are thrilled to being part of their community and create more amazing pop-up events in this creative district in Barcelona! Read more about it in our magazine \ud83d\udc48 #gopopup #poblenou #popupevent #popupshops #barcelona #spain<\/a><\/p>\n<p style=\"color: #c9c8cd; font-family: Arial,sans-serif; font-size: 14px; line-height: 17px; margin-bottom: 0; margin-top: 8px; overflow: hidden; padding: 8px 0 7px; text-align: center; text-overflow: ellipsis; white-space: nowrap;\">Ein Beitrag geteilt von <a style=\"color: #c9c8cd; font-family: Arial,sans-serif; font-size: 14px; font-style: normal; font-weight: normal; line-height: 17px;\" href=\"https:\/\/www.instagram.com\/gopopup\/?utm_source=ig_embed&amp;utm_medium=loading\" target=\"_blank\" rel=\"noopener\"> Go\u2014PopUp<\/a> (@gopopup) am <time style=\"font-family: Arial,sans-serif; font-size: 14px; line-height: 17px;\" datetime=\"2019-03-21T16:02:56+00:00\">M\u00e4r 21, 2019 um 9:02 PDT<\/time><\/p>\n<\/div>\n<\/blockquote>\n<p><script async src=\"\/\/www.instagram.com\/embed.js\"><\/script><\/p>\n<p>&nbsp;<\/p>\n<blockquote class=\"instagram-media\" style=\"background: #FFF; border: 0; border-radius: 3px; box-shadow: 0 0 1px 0 rgba(0,0,0,0.5),0 1px 10px 0 rgba(0,0,0,0.15); margin: 1px; max-width: 100%; min-width: 326px; padding: 0; width: calc(100% - 2px);\" data-instgrm-captioned=\"\" data-instgrm-permalink=\"https:\/\/www.instagram.com\/p\/BpE1pVFFIA_\/?utm_source=ig_embed&amp;utm_medium=loading\" data-instgrm-version=\"12\">\n<div style=\"padding: 16px;\">\n<p>&nbsp;<\/p>\n<div style=\"display: flex; flex-direction: row; align-items: center;\"><\/div>\n<div style=\"padding: 19% 0;\"><\/div>\n<div style=\"display: block; height: 50px; margin: 0 auto 12px; width: 50px;\"><\/div>\n<div style=\"padding-top: 8px;\">\n<div style=\"color: #3897f0; font-family: Arial,sans-serif; font-size: 14px; font-style: normal; font-weight: 550; line-height: 18px;\">Check out this post on Instagram<\/div>\n<\/div>\n<div style=\"padding: 12.5% 0;\"><\/div>\n<div style=\"display: flex; flex-direction: row; margin-bottom: 14px; align-items: center;\"><\/div>\n<p>&nbsp;<\/p>\n<p style=\"margin: 8px 0 0 0; padding: 0 4px;\"><a style=\"color: #000; font-family: Arial,sans-serif; font-size: 14px; font-style: normal; font-weight: normal; line-height: 17px; text-decoration: none; word-wrap: break-word;\" href=\"https:\/\/www.instagram.com\/p\/BpE1pVFFIA_\/?utm_source=ig_embed&amp;utm_medium=loading\" target=\"_blank\" rel=\"noopener\">B \ud83d\udd25 R N Pic by @theclicgames #ad #adictik #app #photography #inspo #lips<\/a><\/p>\n<p style=\"color: #c9c8cd; font-family: Arial,sans-serif; font-size: 14px; line-height: 17px; margin-bottom: 0; margin-top: 8px; overflow: hidden; padding: 8px 0 7px; text-align: center; text-overflow: ellipsis; white-space: nowrap;\">Ein Beitrag geteilt von <a style=\"color: #c9c8cd; font-family: Arial,sans-serif; font-size: 14px; font-style: normal; font-weight: normal; line-height: 17px;\" href=\"https:\/\/www.instagram.com\/adictikworld\/?utm_source=ig_embed&amp;utm_medium=loading\" target=\"_blank\" rel=\"noopener\"> Adictik<\/a> (@adictikworld) am <time style=\"font-family: Arial,sans-serif; font-size: 14px; line-height: 17px;\" datetime=\"2018-10-18T13:09:08+00:00\">Okt 18, 2018 um 6:09 PDT<\/time><\/p>\n<\/div>\n<\/blockquote>\n<p><script async src=\"\/\/www.instagram.com\/embed.js\"><\/script><\/p>\n<p>&nbsp;<\/p>\n<blockquote class=\"instagram-media\" style=\"background: #FFF; border: 0; border-radius: 3px; box-shadow: 0 0 1px 0 rgba(0,0,0,0.5),0 1px 10px 0 rgba(0,0,0,0.15); margin: 1px; max-width: 100%; min-width: 326px; padding: 0; width: calc(100% - 2px);\" data-instgrm-captioned=\"\" data-instgrm-permalink=\"https:\/\/www.instagram.com\/p\/BwZroNahj5V\/?utm_source=ig_embed&amp;utm_medium=loading\" data-instgrm-version=\"12\">\n<div style=\"padding: 16px;\">\n<p>&nbsp;<\/p>\n<div style=\"display: flex; flex-direction: row; align-items: center;\"><\/div>\n<div style=\"padding: 19% 0;\"><\/div>\n<div style=\"display: block; height: 50px; margin: 0 auto 12px; width: 50px;\"><\/div>\n<div style=\"padding-top: 8px;\">\n<div style=\"color: #3897f0; font-family: Arial,sans-serif; font-size: 14px; font-style: normal; font-weight: 550; line-height: 18px;\">Check out this post on Instagram<\/div>\n<\/div>\n<div style=\"padding: 12.5% 0;\"><\/div>\n<div style=\"display: flex; flex-direction: row; margin-bottom: 14px; align-items: center;\"><\/div>\n<p>&nbsp;<\/p>\n<p style=\"margin: 8px 0 0 0; padding: 0 4px;\"><a style=\"color: #000; font-family: Arial,sans-serif; font-size: 14px; font-style: normal; font-weight: normal; line-height: 17px; text-decoration: none; word-wrap: break-word;\" href=\"https:\/\/www.instagram.com\/p\/BwZroNahj5V\/?utm_source=ig_embed&amp;utm_medium=loading\" target=\"_blank\" rel=\"noopener\">It&#8217;s getting to the time of the year where we&#8217;re all excited about summer, and can&#8217;t wait to go on holiday! What are you most excited about this summer? \u2708\ufe0f Super colourful SQ20 snap from @theguestgirl #repost #instax #FILLTHEWORLD #instaxSQUARE #instaxSQ20 #instantphotography #instantcamera #instantpicture #instantpic #photography #photographer #memories #documentyourdays #colourful #summer #summertime #holiday #sunshine #summerholiday #vacation #documentlife #moments<\/a><\/p>\n<p style=\"color: #c9c8cd; font-family: Arial,sans-serif; font-size: 14px; line-height: 17px; margin-bottom: 0; margin-top: 8px; overflow: hidden; padding: 8px 0 7px; text-align: center; text-overflow: ellipsis; white-space: nowrap;\">Ein Beitrag geteilt von <a style=\"color: #c9c8cd; font-family: Arial,sans-serif; font-size: 14px; font-style: normal; font-weight: normal; line-height: 17px;\" href=\"https:\/\/www.instagram.com\/instaxhq\/?utm_source=ig_embed&amp;utm_medium=loading\" target=\"_blank\" rel=\"noopener\"> instax HQ<\/a> (@instaxhq) am <time style=\"font-family: Arial,sans-serif; font-size: 14px; line-height: 17px;\" datetime=\"2019-04-18T15:05:24+00:00\">Apr 18, 2019 um 8:05 PDT<\/time><\/p>\n<\/div>\n<\/blockquote>\n<p><script async src=\"\/\/www.instagram.com\/embed.js\"><\/script><\/p>\n<p>&nbsp;<\/p>\n<p>&nbsp;<\/p>\n<h2><b>Studio<\/b><\/h2>\n<hr \/>\n<p>&nbsp;<\/p>\n<p><b>12:00<\/b><\/p>\n<p><span style=\"font-weight: 400;\">\u2014\u00a0Open Doors for Gallery and Market <\/span><\/p>\n<p><b>13:00 \u2014\u00a018:00<\/b><\/p>\n<p><span style=\"font-weight: 400;\">\u2014\u00a0Live Art Performance by Aleix Gordo Hostau<\/span><\/p>\n<p><b>18:00 \u2014\u00a020:00<\/b><\/p>\n<p><span style=\"font-weight: 400;\">\u2014\u00a0Live Music from MUT<\/span><\/p>\n<p><b>20:00 \u2014\u00a023:00<\/b><\/p>\n<p>\u2014\u00a0Xos\u00e9 Marcote aka DJ Kote<\/p>\n<p>&nbsp;<\/p>\n<p><b>All Day<\/b><\/p>\n<p><span style=\"font-weight: 400;\">\u2014 Creators Mission with Fuji Instax, Adictik &amp; Go\u2014PopUp <\/span><\/p>\n<p><span style=\"font-weight: 400;\">\u2014\u00a0ShopNordico Pop-Up Store \/ <\/span><a href=\"https:\/\/shopnordico.com\/\" rel=\"noopener\"><span style=\"font-weight: 400;\">shopnordico.com<\/span><\/a><\/p>\n<p>\u2014 Murri Clothes \/\u00a0<a href=\"https:\/\/www.murri-clothes.com\" rel=\"noopener\">murri-clothes.com<\/a><\/p>\n<p>\u2014 Mus &amp; Roew \/\u00a0<a href=\"https:\/\/magazine.zatro.es\/html\/mus-roew\/\" rel=\"noopener\">magazine.zatro.es<\/a><\/p>\n<p>\u2014 Cristina Ru\u00edz de Morales \/ T-Shirts<\/p>\n<p>\u2014 Mont Rebei &amp; Les Garrigues \u2013 Limited Edition<\/p>\n<p>\u2014\u00a0Xos\u00e9 Marcote aka DJ Kote<\/p>\n<p>&nbsp;<\/p>\n<h2><b>Warehouse<\/b><\/h2>\n<hr \/>\n<p><b>12:00 \u2014\u00a023:00 <\/b><\/p>\n<p><span style=\"font-weight: 400;\">\u2014\u00a0Open Doors for our Photography Gallery<\/span><\/p>\n<p>&nbsp;<\/p>\n<p>&nbsp;<\/p>\n<p><img loading=\"lazy\" decoding=\"async\" class=\"aligncenter size-large wp-image-13975\" src=\"http:\/\/magazinetest.atomic4dev.net\/wp-content\/uploads\/2019\/04\/DSF4410-2-1024x682.jpg\" alt=\"\" width=\"1024\" height=\"682\" srcset=\"https:\/\/magazinetest.atomic4dev.net\/wp-content\/uploads\/2019\/04\/DSF4410-2-1024x682.jpg 1024w, https:\/\/magazinetest.atomic4dev.net\/wp-content\/uploads\/2019\/04\/DSF4410-2-300x200.jpg 300w, https:\/\/magazinetest.atomic4dev.net\/wp-content\/uploads\/2019\/04\/DSF4410-2-768x512.jpg 768w\" sizes=\"auto, (max-width: 1024px) 100vw, 1024px\" \/><\/p>\n<h6><em>Go\u2014PopUp New Studio Office Space\u00a0Carrer de Pamplona 88 in\u00a008018 Barcelona<\/em><\/h6>\n<p>&nbsp;<\/p>\n<p><img loading=\"lazy\" decoding=\"async\" class=\"aligncenter size-full wp-image-13971\" src=\"http:\/\/magazinetest.atomic4dev.net\/wp-content\/uploads\/2019\/04\/DSF4425-2.jpg\" alt=\"\" width=\"2000\" height=\"1333\" srcset=\"https:\/\/magazinetest.atomic4dev.net\/wp-content\/uploads\/2019\/04\/DSF4425-2.jpg 2000w, https:\/\/magazinetest.atomic4dev.net\/wp-content\/uploads\/2019\/04\/DSF4425-2-300x200.jpg 300w, https:\/\/magazinetest.atomic4dev.net\/wp-content\/uploads\/2019\/04\/DSF4425-2-768x512.jpg 768w, https:\/\/magazinetest.atomic4dev.net\/wp-content\/uploads\/2019\/04\/DSF4425-2-1024x682.jpg 1024w\" sizes=\"auto, (max-width: 2000px) 100vw, 2000px\" \/><\/p>\n<h6><em>Warehouse for Photography Exhibition<\/em><\/h6>\n<h6><\/h6>\n<p>&nbsp;<\/p>\n<p>&nbsp;<\/p>\n<h1><b>\u2014\u00a0Artists &amp; Exhibitors <\/b><\/h1>\n<p>&nbsp;<\/p>\n<h2><b>Studio<\/b><\/h2>\n<hr \/>\n<p>&nbsp;<\/p>\n<p><b>Ewelina <\/b><b>Wi\u0119c\u0142aw \/ Silk Tantrum \u00a0\/ <\/b><a href=\"https:\/\/www.instagram.com\/wieclaw.ewelina\/\" rel=\"noopener\"><span style=\"font-weight: 400;\">@wieclaw.ewelina<\/span><\/a><\/p>\n<p><span style=\"font-weight: 400;\">Ewelina\u2019s work will transport you towards a colourful world, filled with dreams and a bit of erotism. In this delicate world, where silk and other smooth materials meet, she is able to create an atmosphere of beauty, where colours accentuate the true vocation of the artist.Ewelina was born in Jawor, Poland in 1983 and after her studies as a graphic designer (Studium Reklamy Wizualnej w Swidnicy) she started to travel around Europe.Inspired by the works of Ladislav Sutnar, and to some extent the erotic cartoon art of Milo Manara, she then started working for the Fundaci\u00f3 Miro making jewellery. In 2014 she starts another personal project making beautiful designs for silk scarfs, discovering that this material is a perfect base for her colourful inspirations. These creations will be shown in her unique exhibition, where you will be able to take a closer look at them. Ewelina has participated at several expositions in 2018 and is already sought after by many renowned art collectors.<\/span><\/p>\n<p>&nbsp;<\/p>\n<blockquote class=\"instagram-media\" style=\"background: #FFF; border: 0; border-radius: 3px; box-shadow: 0 0 1px 0 rgba(0,0,0,0.5),0 1px 10px 0 rgba(0,0,0,0.15); margin: 1px; max-width: 100%; min-width: 326px; padding: 0; width: calc(100% - 2px);\" data-instgrm-captioned=\"\" data-instgrm-permalink=\"https:\/\/www.instagram.com\/p\/BvzmEfqnhLp\/?utm_source=ig_embed&amp;utm_medium=loading\" data-instgrm-version=\"12\">\n<div style=\"padding: 16px;\">\n<p>&nbsp;<\/p>\n<div style=\"display: flex; flex-direction: row; align-items: center;\"><\/div>\n<div style=\"padding: 19% 0;\"><\/div>\n<div style=\"display: block; height: 50px; margin: 0 auto 12px; width: 50px;\"><\/div>\n<div style=\"padding-top: 8px;\">\n<div style=\"color: #3897f0; font-family: Arial,sans-serif; font-size: 14px; font-style: normal; font-weight: 550; line-height: 18px;\">Check out this post on Instagram<\/div>\n<\/div>\n<div style=\"padding: 12.5% 0;\"><\/div>\n<div style=\"display: flex; flex-direction: row; margin-bottom: 14px; align-items: center;\"><\/div>\n<p>&nbsp;<\/p>\n<p style=\"margin: 8px 0 0 0; padding: 0 4px;\"><a style=\"color: #000; font-family: Arial,sans-serif; font-size: 14px; font-style: normal; font-weight: normal; line-height: 17px; text-decoration: none; word-wrap: break-word;\" href=\"https:\/\/www.instagram.com\/p\/BvzmEfqnhLp\/?utm_source=ig_embed&amp;utm_medium=loading\" target=\"_blank\" rel=\"noopener\">Silk painting #silk #silkpainting #silkpaintingartist #art #handpaintedsilk #artistsoninstagram #fabricart #fabricartist #paint #painting #paintings #vibrantcolors #artwork #artofinstagram #arte #arteerotico #obraz #obradearte #popart #popartstyle #polishart #polishartist #exposiciones #Barcelona #exposici\u00f3n #exposicion #exposicionesbarcelona #topbcnartists #colour #colors<\/a><\/p>\n<p style=\"color: #c9c8cd; font-family: Arial,sans-serif; font-size: 14px; line-height: 17px; margin-bottom: 0; margin-top: 8px; overflow: hidden; padding: 8px 0 7px; text-align: center; text-overflow: ellipsis; white-space: nowrap;\">Ein Beitrag geteilt von <a style=\"color: #c9c8cd; font-family: Arial,sans-serif; font-size: 14px; font-style: normal; font-weight: normal; line-height: 17px;\" href=\"https:\/\/www.instagram.com\/wieclaw.ewelina\/?utm_source=ig_embed&amp;utm_medium=loading\" target=\"_blank\" rel=\"noopener\"> Ewelina Wi\u0119c\u0142aw<\/a> (@wieclaw.ewelina) am <time style=\"font-family: Arial,sans-serif; font-size: 14px; line-height: 17px;\" datetime=\"2019-04-03T20:05:42+00:00\">Apr 3, 2019 um 1:05 PDT<\/time><\/p>\n<\/div>\n<\/blockquote>\n<p><script async src=\"\/\/www.instagram.com\/embed.js\"><\/script><\/p>\n<p>&nbsp;<\/p>\n<p><b>Aleix Gordo Hostau \/ Live Performance \/ <\/b><a href=\"http:\/\/www.aleixgoho.com\/\" rel=\"noopener\"><span style=\"font-weight: 400;\">aleixgoho.com<\/span><\/a><\/p>\n<p><span style=\"font-weight: 400;\">Aleix Gordo Hostau from Barcelona started at a very young age drawing books for children and teenagers, as well as creating covers for different publishers. Since then he has worked for newspapers, advertising agencies and many multinational corporations both in Barcelona and abroad, covering a variety of sectors. As of today he is focusing in the field of painting and illustration, mural painting, street art, graphic design, while also working on his own brand. His commercial work for labels include labels such as Converse, Cacaolat or Pepe Jeans London. <\/span><\/p>\n<p>&nbsp;<\/p>\n<blockquote class=\"instagram-media\" style=\"background: #FFF; border: 0; border-radius: 3px; box-shadow: 0 0 1px 0 rgba(0,0,0,0.5),0 1px 10px 0 rgba(0,0,0,0.15); margin: 1px; max-width: 100%; min-width: 326px; padding: 0; width: calc(100% - 2px);\" data-instgrm-captioned=\"\" data-instgrm-permalink=\"https:\/\/www.instagram.com\/p\/BtA8m6Nh1PQ\/?utm_source=ig_embed&amp;utm_medium=loading\" data-instgrm-version=\"12\">\n<div style=\"padding: 16px;\">\n<p>&nbsp;<\/p>\n<div style=\"display: flex; flex-direction: row; align-items: center;\"><\/div>\n<div style=\"padding: 19% 0;\"><\/div>\n<div style=\"display: block; height: 50px; margin: 0 auto 12px; width: 50px;\"><\/div>\n<div style=\"padding-top: 8px;\">\n<div style=\"color: #3897f0; font-family: Arial,sans-serif; font-size: 14px; font-style: normal; font-weight: 550; line-height: 18px;\">Check out this post on Instagram<\/div>\n<\/div>\n<div style=\"padding: 12.5% 0;\"><\/div>\n<div style=\"display: flex; flex-direction: row; margin-bottom: 14px; align-items: center;\"><\/div>\n<p>&nbsp;<\/p>\n<p style=\"margin: 8px 0 0 0; padding: 0 4px;\"><a style=\"color: #000; font-family: Arial,sans-serif; font-size: 14px; font-style: normal; font-weight: normal; line-height: 17px; text-decoration: none; word-wrap: break-word;\" href=\"https:\/\/www.instagram.com\/p\/BtA8m6Nh1PQ\/?utm_source=ig_embed&amp;utm_medium=loading\" target=\"_blank\" rel=\"noopener\">Painting one of my first murals in acrylic paint outdoors in @naubostik &#8211; #graffiti #streetart #art #wall #wallporn #mural #urbanart #street #graff #graffitiporn #colorful #urban #wallart #graffitiart #fineart #streetartistry #instagraffiti #instagraff #barcelona #murals #muralart #arte #artistlife #naubostik #igersbcn<\/a><\/p>\n<p style=\"color: #c9c8cd; font-family: Arial,sans-serif; font-size: 14px; line-height: 17px; margin-bottom: 0; margin-top: 8px; overflow: hidden; padding: 8px 0 7px; text-align: center; text-overflow: ellipsis; white-space: nowrap;\">Ein Beitrag geteilt von <a style=\"color: #c9c8cd; font-family: Arial,sans-serif; font-size: 14px; font-style: normal; font-weight: normal; line-height: 17px;\" href=\"https:\/\/www.instagram.com\/aleixgordo\/?utm_source=ig_embed&amp;utm_medium=loading\" target=\"_blank\" rel=\"noopener\"> Aleix Gordo Hostau<\/a> (@aleixgordo) am <time style=\"font-family: Arial,sans-serif; font-size: 14px; line-height: 17px;\" datetime=\"2019-01-24T10:58:35+00:00\">Jan 24, 2019 um 2:58 PST<\/time><\/p>\n<\/div>\n<\/blockquote>\n<p><script async src=\"\/\/www.instagram.com\/embed.js\"><\/script><\/p>\n<p>&nbsp;<\/p>\n<p><b>Daniel Berdala \/ Memory Sightings \/ <\/b><a href=\"http:\/\/www.danielberdala.com\/\" rel=\"noopener\"><span style=\"font-weight: 400;\">danielberdala.com<\/span><\/a> \/ <a href=\"https:\/\/twitter.com\/danielberdala?lang=en\" target=\"_blank\" rel=\"noopener\">@danielberdala<\/a><\/p>\n<p>Talking about painting, for me is mostly talking about light and color. Paint abstract ideas with which to create an emotion for the viewer, the curious person who, in front of the painting, begins to sound, to imagine this secret world observing the work, my work. On this occasion, those abstract ideas are landscapes. They are &#8220;sightings of memory.&#8221; A sighting is when in the observation of the landscape, you discover something new and interesting for your eyes: a bird, an unidentified flying object &#8230; Not only you look, but you observe that vision in detail.<\/p>\n<p>&nbsp;<\/p>\n<blockquote class=\"instagram-media\" style=\"background: #FFF; border: 0; border-radius: 3px; box-shadow: 0 0 1px 0 rgba(0,0,0,0.5),0 1px 10px 0 rgba(0,0,0,0.15); margin: 1px; max-width: 100%; min-width: 326px; padding: 0; width: calc(100% - 2px);\" data-instgrm-captioned=\"\" data-instgrm-permalink=\"https:\/\/www.instagram.com\/p\/BwJz1m0B1Hr\/?utm_source=ig_embed&amp;utm_medium=loading\" data-instgrm-version=\"12\">\n<div style=\"padding: 16px;\">\n<p>&nbsp;<\/p>\n<div style=\"display: flex; flex-direction: row; align-items: center;\"><\/div>\n<div style=\"padding: 19% 0;\"><\/div>\n<div style=\"display: block; height: 50px; margin: 0 auto 12px; width: 50px;\"><\/div>\n<div style=\"padding-top: 8px;\">\n<div style=\"color: #3897f0; font-family: Arial,sans-serif; font-size: 14px; font-style: normal; font-weight: 550; line-height: 18px;\">Check out this post on Instagram<\/div>\n<\/div>\n<div style=\"padding: 12.5% 0;\"><\/div>\n<div style=\"display: flex; flex-direction: row; margin-bottom: 14px; align-items: center;\"><\/div>\n<p>&nbsp;<\/p>\n<p style=\"margin: 8px 0 0 0; padding: 0 4px;\"><a style=\"color: #000; font-family: Arial,sans-serif; font-size: 14px; font-style: normal; font-weight: normal; line-height: 17px; text-decoration: none; word-wrap: break-word;\" href=\"https:\/\/www.instagram.com\/p\/BwJz1m0B1Hr\/?utm_source=ig_embed&amp;utm_medium=loading\" target=\"_blank\" rel=\"noopener\">Treballant al estudi. Trabajando en el estudio. #art #artistsoninstagram #artist #arte #artsy #artistoninstagram<\/a><\/p>\n<p style=\"color: #c9c8cd; font-family: Arial,sans-serif; font-size: 14px; line-height: 17px; margin-bottom: 0; margin-top: 8px; overflow: hidden; padding: 8px 0 7px; text-align: center; text-overflow: ellipsis; white-space: nowrap;\">Ein Beitrag geteilt von <a style=\"color: #c9c8cd; font-family: Arial,sans-serif; font-size: 14px; font-style: normal; font-weight: normal; line-height: 17px;\" href=\"https:\/\/www.instagram.com\/berdala\/?utm_source=ig_embed&amp;utm_medium=loading\" target=\"_blank\" rel=\"noopener\"> berdala<\/a> (@berdala) am <time style=\"font-family: Arial,sans-serif; font-size: 14px; line-height: 17px;\" datetime=\"2019-04-12T11:09:18+00:00\">Apr 12, 2019 um 4:09 PDT<\/time><\/p>\n<\/div>\n<\/blockquote>\n<p><script async src=\"\/\/www.instagram.com\/embed.js\"><\/script><\/p>\n<p>&nbsp;<\/p>\n<h2><b>Warehouse<\/b><\/h2>\n<hr \/>\n<p>&nbsp;<\/p>\n<p><b>Ceci Montobbio \/ Way Station \/ <\/b><a href=\"https:\/\/www.instagram.com\/cecimontobbio\/\" rel=\"noopener\"><span style=\"font-weight: 400;\">@cecimontobbio<\/span><\/a><\/p>\n<p><span style=\"font-weight: 400;\">Summer nights on the island of Menorca. My starting point was the interest to capture images of the spaces of the polygons next to the towns, no frequented spaces, desert and cold. A reality little known or sold. The polygon defines what was an urban growth that could have represented a commercial advance, but currently they are only large empty and abandoned areas.<\/span><\/p>\n<p><span style=\"font-weight: 400;\">I do not raise any criticism about it, I just observe and play with the aesthetics of these spaces. I work at the moment of the last minutes of light and the first hours of the night. It could often be the scenario already lived and never static. A confused and blurred dream where the only ones that we are ourselves. Places where nobody stops. We find something beautiful in the inhospitable, in this combination of loneliness and color.<\/span><\/p>\n<p>&nbsp;<\/p>\n<blockquote class=\"instagram-media\" style=\"background: #FFF; border: 0; border-radius: 3px; box-shadow: 0 0 1px 0 rgba(0,0,0,0.5),0 1px 10px 0 rgba(0,0,0,0.15); margin: 1px; max-width: 100%; min-width: 326px; padding: 0; width: calc(100% - 2px);\" data-instgrm-captioned=\"\" data-instgrm-permalink=\"https:\/\/www.instagram.com\/p\/BY6rGCTnMb5\/?utm_source=ig_embed&amp;utm_medium=loading\" data-instgrm-version=\"12\">\n<div style=\"padding: 16px;\">\n<p>&nbsp;<\/p>\n<div style=\"display: flex; flex-direction: row; align-items: center;\"><\/div>\n<div style=\"padding: 19% 0;\"><\/div>\n<div style=\"display: block; height: 50px; margin: 0 auto 12px; width: 50px;\"><\/div>\n<div style=\"padding-top: 8px;\">\n<div style=\"color: #3897f0; font-family: Arial,sans-serif; font-size: 14px; font-style: normal; font-weight: 550; line-height: 18px;\">Sieh dir diesen Beitrag auf Instagram an<\/div>\n<\/div>\n<div style=\"padding: 12.5% 0;\"><\/div>\n<div style=\"display: flex; flex-direction: row; margin-bottom: 14px; align-items: center;\"><\/div>\n<p>&nbsp;<\/p>\n<p style=\"margin: 8px 0 0 0; padding: 0 4px;\"><a style=\"color: #000; font-family: Arial,sans-serif; font-size: 14px; font-style: normal; font-weight: normal; line-height: 17px; text-decoration: none; word-wrap: break-word;\" href=\"https:\/\/www.instagram.com\/p\/BY6rGCTnMb5\/?utm_source=ig_embed&amp;utm_medium=loading\" target=\"_blank\" rel=\"noopener\">24h (II) #night #photography #light #nightphotography #landscape #menorca #architecture #lightcolor #nightlights #streetstyle #streetphotography #styles #dark #oil #fuel #fuelstation #lifestyle #newproject #poligono #gasstation #somewheremagazine #rundownmagazine #n8zine #casadiringhieraselection #ig_onstandby #photocinematica<\/a><\/p>\n<p style=\"color: #c9c8cd; font-family: Arial,sans-serif; font-size: 14px; line-height: 17px; margin-bottom: 0; margin-top: 8px; overflow: hidden; padding: 8px 0 7px; text-align: center; text-overflow: ellipsis; white-space: nowrap;\">Ein Beitrag geteilt von <a style=\"color: #c9c8cd; font-family: Arial,sans-serif; font-size: 14px; font-style: normal; font-weight: normal; line-height: 17px;\" href=\"https:\/\/www.instagram.com\/cecimontobbio\/?utm_source=ig_embed&amp;utm_medium=loading\" target=\"_blank\" rel=\"noopener\"> Cecilia Montobbio<\/a> (@cecimontobbio) am <time style=\"font-family: Arial,sans-serif; font-size: 14px; line-height: 17px;\" datetime=\"2017-09-11T22:02:13+00:00\">Sep 11, 2017 um 3:02 PDT<\/time><\/p>\n<\/div>\n<\/blockquote>\n<p><script async src=\"\/\/www.instagram.com\/embed.js\"><\/script><br \/>\n<b>Gemma Canal \/ Polaroid 600 \/ <\/b><a href=\"https:\/\/www.instagram.com\/gemma.photographer\/\" rel=\"noopener\"><span style=\"font-weight: 400;\">@gemma.photographer<\/span><\/a><\/p>\n<p><span style=\"font-weight: 400;\">This exhibition is a product of a summer roadtrip, each one of the images immortalizes a moment or a unique space. The use of the Polaroid format has allowed me to reinforce this idea, as there is only one single copy of each image. I invite you to take a short route of southern France, starting with Elna, where hundreds of mothers with their children could take refuge in the war, and ending in Marseille, whose inhabitants enthusiastically embraced the Industrial Revolution and created the national anthem of France.<\/span><\/p>\n<p>&nbsp;<\/p>\n<blockquote class=\"instagram-media\" style=\"background: #FFF; border: 0; border-radius: 3px; box-shadow: 0 0 1px 0 rgba(0,0,0,0.5),0 1px 10px 0 rgba(0,0,0,0.15); margin: 1px; max-width: 100%; min-width: 326px; padding: 0; width: calc(100% - 2px);\" data-instgrm-captioned=\"\" data-instgrm-permalink=\"https:\/\/www.instagram.com\/p\/BnLgkdbFF81\/?utm_source=ig_embed&amp;utm_medium=loading\" data-instgrm-version=\"12\">\n<div style=\"padding: 16px;\">\n<p>&nbsp;<\/p>\n<div style=\"display: flex; flex-direction: row; align-items: center;\"><\/div>\n<div style=\"padding: 19% 0;\"><\/div>\n<div style=\"display: block; height: 50px; margin: 0 auto 12px; width: 50px;\"><\/div>\n<div style=\"padding-top: 8px;\">\n<div style=\"color: #3897f0; font-family: Arial,sans-serif; font-size: 14px; font-style: normal; font-weight: 550; line-height: 18px;\">Sieh dir diesen Beitrag auf Instagram an<\/div>\n<\/div>\n<div style=\"padding: 12.5% 0;\"><\/div>\n<div style=\"display: flex; flex-direction: row; margin-bottom: 14px; align-items: center;\"><\/div>\n<p>&nbsp;<\/p>\n<p style=\"margin: 8px 0 0 0; padding: 0 4px;\"><a style=\"color: #000; font-family: Arial,sans-serif; font-size: 14px; font-style: normal; font-weight: normal; line-height: 17px; text-decoration: none; word-wrap: break-word;\" href=\"https:\/\/www.instagram.com\/p\/BnLgkdbFF81\/?utm_source=ig_embed&amp;utm_medium=loading\" target=\"_blank\" rel=\"noopener\">L&#8217;ouvre de Felipe Varini &#8220;Cercles Concentriques Excentriques&#8221; sur le front des frontificacions de la Cit\u00e9 et des parapluies dans la rue principale de Carcassone. #polaroid #polaroidoriginals #polaroid600 #expiredfilm #film #colours #vintage #composition #france #carcassone #history #trees #nature #filmisnotdead #todaviadisparoenanalogico #filmphotography #filmphoto #colorfilm #etczine #thefilmcommunity #travel #holidays #filmstagram #filmrevolution #chandalstore<\/a><\/p>\n<p style=\"color: #c9c8cd; font-family: Arial,sans-serif; font-size: 14px; line-height: 17px; margin-bottom: 0; margin-top: 8px; overflow: hidden; padding: 8px 0 7px; text-align: center; text-overflow: ellipsis; white-space: nowrap;\">Ein Beitrag geteilt von <a style=\"color: #c9c8cd; font-family: Arial,sans-serif; font-size: 14px; font-style: normal; font-weight: normal; line-height: 17px;\" href=\"https:\/\/www.instagram.com\/gemma.photographer\/?utm_source=ig_embed&amp;utm_medium=loading\" target=\"_blank\" rel=\"noopener\"> Gemma Canal<\/a> (@gemma.photographer) am <time style=\"font-family: Arial,sans-serif; font-size: 14px; line-height: 17px;\" datetime=\"2018-09-01T10:16:52+00:00\">Sep 1, 2018 um 3:16 PDT<\/time><\/p>\n<\/div>\n<\/blockquote>\n<p><script async src=\"\/\/www.instagram.com\/embed.js\"><\/script><\/p>\n<p>&nbsp;<\/p>\n<p>&nbsp;<\/p>\n<p><b>Paula Valera \/ Scan \/ <\/b><a href=\"https:\/\/www.instagram.com\/pevalera\/\" rel=\"noopener\"><span style=\"font-weight: 400;\">@pevalera<\/span><\/a><\/p>\n<p><span style=\"font-weight: 400;\">An art project about botany, painting and scan. My interest arose from the forms and colors of nature that almost tend to abstraction. Photography with &#8220;conventional&#8221; camera did not work for me, since it was not able to create images that had these interests. This problem led me to investigate and experiment with other methods. That&#8217;s how I started with the scanners, trying the scanner as an experimental work art tool. When creating images and compositions, alternating leaves, flowers and other botanical motifs with lights, movement and a great many other resources that I have discovered with months of experimentation. I paint pictures inspired by the images I get and try to reinvent myself and continue to experiment, as I find it a very important part of this project. Play randomly and evolve without forgetting the root of my interest.<\/span><\/p>\n<p>&nbsp;<\/p>\n<blockquote class=\"instagram-media\" style=\"background: #FFF; border: 0; border-radius: 3px; box-shadow: 0 0 1px 0 rgba(0,0,0,0.5),0 1px 10px 0 rgba(0,0,0,0.15); margin: 1px; max-width: 100%; min-width: 326px; padding: 0; width: calc(100% - 2px);\" data-instgrm-permalink=\"https:\/\/www.instagram.com\/p\/BpaCEBPFoa6\/?utm_source=ig_embed&amp;utm_medium=loading\" data-instgrm-version=\"12\">\n<div style=\"padding: 16px;\">\n<p>&nbsp;<\/p>\n<div style=\"display: flex; flex-direction: row; align-items: center;\"><\/div>\n<div style=\"padding: 19% 0;\"><\/div>\n<div style=\"display: block; height: 50px; margin: 0 auto 12px; width: 50px;\"><\/div>\n<div style=\"padding-top: 8px;\">\n<div style=\"color: #3897f0; font-family: Arial,sans-serif; font-size: 14px; font-style: normal; font-weight: 550; line-height: 18px;\">Sieh dir diesen Beitrag auf Instagram an<\/div>\n<\/div>\n<div style=\"padding: 12.5% 0;\"><\/div>\n<div style=\"display: flex; flex-direction: row; margin-bottom: 14px; align-items: center;\"><\/div>\n<div style=\"display: flex; flex-direction: column; flex-grow: 1; justify-content: center; margin-bottom: 24px;\"><\/div>\n<p>&nbsp;<\/p>\n<p style=\"color: #c9c8cd; font-family: Arial,sans-serif; font-size: 14px; line-height: 17px; margin-bottom: 0; margin-top: 8px; overflow: hidden; padding: 8px 0 7px; text-align: center; text-overflow: ellipsis; white-space: nowrap;\"><a style=\"color: #c9c8cd; font-family: Arial,sans-serif; font-size: 14px; font-style: normal; font-weight: normal; line-height: 17px; text-decoration: none;\" href=\"https:\/\/www.instagram.com\/p\/BpaCEBPFoa6\/?utm_source=ig_embed&amp;utm_medium=loading\" target=\"_blank\" rel=\"noopener\">Ein Beitrag geteilt von Paula Valera (@pevalera)<\/a> am <time style=\"font-family: Arial,sans-serif; font-size: 14px; line-height: 17px;\" datetime=\"2018-10-26T18:41:41+00:00\">Okt 26, 2018 um 11:41 PDT<\/time><\/p>\n<\/div>\n<\/blockquote>\n<p><script async src=\"\/\/www.instagram.com\/embed.js\"><\/script><br \/>\n<b>Juan Manuel Hincapi\u00e9 \/ Shadow Dance \/ <\/b><a href=\"https:\/\/www.instagram.com\/hincapieph\/\" rel=\"noopener\"><span style=\"font-weight: 400;\">@hincapieph<\/span><\/a><\/p>\n<p><span style=\"font-weight: 400;\">Everything that is visible can have a gesture, a relationship, particularity or possibility for the imagination. This work creates a mystical version of reality; ambiguous and surrealistic. It builds new realities to capture the shadows that are formed at our feet, hidden within the habit and monotony of our lives. It tells us a story between its dance with the light, and at the same time lends itself to explore, giving the viewer the chance to see things because of its appearance, structure and order, as well as its cause and effect in relation to space and time.<\/span><\/p>\n<p>&nbsp;<\/p>\n<blockquote class=\"instagram-media\" style=\"background: #FFF; border: 0; border-radius: 3px; box-shadow: 0 0 1px 0 rgba(0,0,0,0.5),0 1px 10px 0 rgba(0,0,0,0.15); margin: 1px; max-width: 100%; min-width: 326px; padding: 0; width: calc(100% - 2px);\" data-instgrm-captioned=\"\" data-instgrm-permalink=\"https:\/\/www.instagram.com\/p\/BwotlWMDc_9\/\" data-instgrm-version=\"12\">\n<div style=\"padding: 16px;\">\n<p>&nbsp;<\/p>\n<div style=\"display: flex; flex-direction: row; align-items: center;\"><\/div>\n<div style=\"padding: 19% 0;\"><\/div>\n<div style=\"display: block; height: 50px; margin: 0 auto 12px; width: 50px;\"><\/div>\n<div style=\"padding-top: 8px;\">\n<div style=\"color: #3897f0; font-family: Arial,sans-serif; font-size: 14px; font-style: normal; font-weight: 550; line-height: 18px;\">Sieh dir diesen Beitrag auf Instagram an<\/div>\n<\/div>\n<div style=\"padding: 12.5% 0;\"><\/div>\n<div style=\"display: flex; flex-direction: row; margin-bottom: 14px; align-items: center;\"><\/div>\n<p>&nbsp;<\/p>\n<p style=\"margin: 8px 0 0 0; padding: 0 4px;\"><a style=\"color: #000; font-family: Arial,sans-serif; font-size: 14px; font-style: normal; font-weight: normal; line-height: 17px; text-decoration: none; word-wrap: break-word;\" href=\"https:\/\/www.instagram.com\/p\/BwotlWMDc_9\/\" target=\"_blank\" rel=\"noopener\">Dancing shadows project.<\/a><\/p>\n<p style=\"color: #c9c8cd; font-family: Arial,sans-serif; font-size: 14px; line-height: 17px; margin-bottom: 0; margin-top: 8px; overflow: hidden; padding: 8px 0 7px; text-align: center; text-overflow: ellipsis; white-space: nowrap;\">Ein Beitrag geteilt von <a style=\"color: #c9c8cd; font-family: Arial,sans-serif; font-size: 14px; font-style: normal; font-weight: normal; line-height: 17px;\" href=\"https:\/\/www.instagram.com\/hincapieph\/\" target=\"_blank\" rel=\"noopener\"> Juan Manuel Hincapi\u00e9 M.<\/a> (@hincapieph) am <time style=\"font-family: Arial,sans-serif; font-size: 14px; line-height: 17px;\" datetime=\"2019-04-24T11:11:06+00:00\">Apr 24, 2019 um 4:11 PDT<\/time><\/p>\n<\/div>\n<\/blockquote>\n<p><script async src=\"\/\/www.instagram.com\/embed.js\"><\/script><\/p>\n<p>&nbsp;<\/p>\n<p>&nbsp;<\/p>\n<p><b>Marina Romero \/ Awkward Doodles \/ <\/b><a href=\"https:\/\/www.instagram.com\/marinasdoodles\/\" rel=\"noopener\"><span style=\"font-weight: 400;\">@marinasdoodles<\/span><\/a><\/p>\n<p><span style=\"font-weight: 400;\">Since I was little, I have loved to draw, and whenever I find myself with nothing to do, the first thing I do is grab a pencil. I started drawing comics more frequently a couple of years ago, thanks to references such as Sarah Andersen and Poorly Drawn Lines, although I have always liked comics such as Mafalda and 13 Rue del Percebe. Here there\u2019s a selection of my favourite comics.<\/span><\/p>\n<p>&nbsp;<\/p>\n<p>&nbsp;<\/p>\n<blockquote class=\"instagram-media\" style=\"background: #FFF; border: 0; border-radius: 3px; box-shadow: 0 0 1px 0 rgba(0,0,0,0.5),0 1px 10px 0 rgba(0,0,0,0.15); margin: 1px; max-width: 100%; min-width: 326px; padding: 0; width: calc(100% - 2px);\" data-instgrm-captioned=\"\" data-instgrm-permalink=\"https:\/\/www.instagram.com\/p\/Bu4jZycn3w2\/?utm_source=ig_embed&amp;utm_medium=loading\" data-instgrm-version=\"12\">\n<div style=\"padding: 16px;\">\n<p>&nbsp;<\/p>\n<div style=\"display: flex; flex-direction: row; align-items: center;\"><\/div>\n<div style=\"padding: 19% 0;\"><\/div>\n<div style=\"display: block; height: 50px; margin: 0 auto 12px; width: 50px;\"><\/div>\n<div style=\"padding-top: 8px;\">\n<div style=\"color: #3897f0; font-family: Arial,sans-serif; font-size: 14px; font-style: normal; font-weight: 550; line-height: 18px;\">Check out this post on Instagram<\/div>\n<\/div>\n<div style=\"padding: 12.5% 0;\"><\/div>\n<div style=\"display: flex; flex-direction: row; margin-bottom: 14px; align-items: center;\"><\/div>\n<p>&nbsp;<\/p>\n<p style=\"margin: 8px 0 0 0; padding: 0 4px;\"><a style=\"color: #000; font-family: Arial,sans-serif; font-size: 14px; font-style: normal; font-weight: normal; line-height: 17px; text-decoration: none; word-wrap: break-word;\" href=\"https:\/\/www.instagram.com\/p\/Bu4jZycn3w2\/?utm_source=ig_embed&amp;utm_medium=loading\" target=\"_blank\" rel=\"noopener\">Had this comic sketched for a few months and finally got around to drawing it \u270c\ufe0f &#8212;&#8212;&#8212;&#8212;&#8212;&#8212;&#8212;&#8212;&#8212;&#8212;&#8212;&#8212;&#8212;&#8212;&#8212;&#8212; #drawing #doodle #doodles #comic #comics #webcomic #webtoon #funny #crush #ex #seemedoodle #webtoons<\/a><\/p>\n<p style=\"color: #c9c8cd; font-family: Arial,sans-serif; font-size: 14px; line-height: 17px; margin-bottom: 0; margin-top: 8px; overflow: hidden; padding: 8px 0 7px; text-align: center; text-overflow: ellipsis; white-space: nowrap;\">Ein Beitrag geteilt von <a style=\"color: #c9c8cd; font-family: Arial,sans-serif; font-size: 14px; font-style: normal; font-weight: normal; line-height: 17px;\" href=\"https:\/\/www.instagram.com\/marinasdoodles\/?utm_source=ig_embed&amp;utm_medium=loading\" target=\"_blank\" rel=\"noopener\"> Marina&#8217;s Doodles<\/a> (@marinasdoodles) am <time style=\"font-family: Arial,sans-serif; font-size: 14px; line-height: 17px;\" datetime=\"2019-03-11T21:47:12+00:00\">M\u00e4r 11, 2019 um 2:47 PDT<\/time><\/p>\n<\/div>\n<\/blockquote>\n<p><script async src=\"\/\/www.instagram.com\/embed.js\"><\/script><\/p>\n<p>&nbsp;<\/p>\n<hr \/>\n<div style=\"text-align: center;\">\u00a0<a class=\"btn btn-primary btn-lg bg-turquoise\" href=\"https:\/\/www.facebook.com\/events\/2349199478650080\/\" rel=\"noopener\">Share this Event on Facebook<br \/>\n<\/a><\/div>\n<hr \/>\n<p>&nbsp;<\/p>\n<p>&nbsp;<\/p>\n<h1><b>\u2014 Market<\/b><\/h1>\n<p>&nbsp;<\/p>\n<h2><b>Pop-Up Stores<\/b><\/h2>\n<hr \/>\n<p>&nbsp;<\/p>\n<p><b>ShopNordico <\/b><span style=\"font-weight: 400;\">\u00a0\/ <\/span><a href=\"https:\/\/shopnordico.com\/\" rel=\"noopener\"><span style=\"font-weight: 400;\">shopnordico.com<\/span><\/a><\/p>\n<p><span style=\"font-weight: 400;\">V\u00e4lkommen, welcome to Shopnordico, the online store for lovers of Nordic decoration.\u00a0<\/span><span style=\"font-weight: 400;\">We are a team with great love for Scandinavian decoration in common. We have our offices and warehouses in Barcelona but a large part of our team has been born and lived in Denmark, Sweden, Norway and Finland or in some way is connected to the Nordic countries. It can be said that we carry the Nordic style &#8220;in the blood&#8221;. For us, the Nordic style is more than a fashion, it is a spirit, a lifestyle. The Nordic style means beauty, functionality, simplicity and quality. \u00a0It is a good base to create a cozy home but at the same time with personality &amp; harmony. <\/span><\/p>\n<p><span style=\"font-weight: 400;\">Shopnordico was born October 28 in 2009, and with 9 years of experience, we know our products and the brands we sell very well. In addition, we travel often to the Nordic countries and in this way we are up to date with the latest trends in the north. We love sharing tricks for decorating your home and we also want to be your source of inspiration if you are looking for ideas, new ways to use a product, or just want to make your day look beautiful, you are in the right place for an authentic Nordic experience.<\/span><\/p>\n<p>&nbsp;<\/p>\n<blockquote class=\"instagram-media\" style=\"background: #FFF; border: 0; border-radius: 3px; box-shadow: 0 0 1px 0 rgba(0,0,0,0.5),0 1px 10px 0 rgba(0,0,0,0.15); margin: 1px; max-width: 100%; min-width: 326px; padding: 0; width: calc(100% - 2px);\" data-instgrm-captioned=\"\" data-instgrm-permalink=\"https:\/\/www.instagram.com\/p\/BwjUl_KhWc1\/?utm_source=ig_embed&amp;utm_medium=loading\" data-instgrm-version=\"12\">\n<div style=\"padding: 16px;\">\n<p>&nbsp;<\/p>\n<div style=\"display: flex; flex-direction: row; align-items: center;\"><\/div>\n<div style=\"padding: 19% 0;\"><\/div>\n<div style=\"display: block; height: 50px; margin: 0 auto 12px; width: 50px;\"><\/div>\n<div style=\"padding-top: 8px;\">\n<div style=\"color: #3897f0; font-family: Arial,sans-serif; font-size: 14px; font-style: normal; font-weight: 550; line-height: 18px;\">Check out this post on Instagram<\/div>\n<\/div>\n<div style=\"padding: 12.5% 0;\"><\/div>\n<div style=\"display: flex; flex-direction: row; margin-bottom: 14px; align-items: center;\"><\/div>\n<p>&nbsp;<\/p>\n<p style=\"margin: 8px 0 0 0; padding: 0 4px;\"><a style=\"color: #000; font-family: Arial,sans-serif; font-size: 14px; font-style: normal; font-weight: normal; line-height: 17px; text-decoration: none; word-wrap: break-word;\" href=\"https:\/\/www.instagram.com\/p\/BwjUl_KhWc1\/?utm_source=ig_embed&amp;utm_medium=loading\" target=\"_blank\" rel=\"noopener\">Hoy es festivo en Barcelona pero la tienda online est\u00e1 abierta. Recordamos que hoy es el \u00faltimo d\u00eda para aprovechar -25% en todos los productos que tienen algo de amarillo con el c\u00f3digo: amarilloparapascua #pascua #eastern #littlephant #shopnordico #tetera #diseon\u00f3rdico #decoraci\u00f3nnordica<\/a><\/p>\n<p style=\"color: #c9c8cd; font-family: Arial,sans-serif; font-size: 14px; line-height: 17px; margin-bottom: 0; margin-top: 8px; overflow: hidden; padding: 8px 0 7px; text-align: center; text-overflow: ellipsis; white-space: nowrap;\">Ein Beitrag geteilt von <a style=\"color: #c9c8cd; font-family: Arial,sans-serif; font-size: 14px; font-style: normal; font-weight: normal; line-height: 17px;\" href=\"https:\/\/www.instagram.com\/shopnordico\/?utm_source=ig_embed&amp;utm_medium=loading\" target=\"_blank\" rel=\"noopener\"> Shopnordico<\/a> (@shopnordico) am <time style=\"font-family: Arial,sans-serif; font-size: 14px; line-height: 17px;\" datetime=\"2019-04-22T08:56:32+00:00\">Apr 22, 2019 um 1:56 PDT<\/time><\/p>\n<\/div>\n<\/blockquote>\n<p><script async src=\"\/\/www.instagram.com\/embed.js\"><\/script><\/p>\n<p>&nbsp;<\/p>\n<blockquote class=\"instagram-media\" style=\"background: #FFF; border: 0; border-radius: 3px; box-shadow: 0 0 1px 0 rgba(0,0,0,0.5),0 1px 10px 0 rgba(0,0,0,0.15); margin: 1px; max-width: 100%; min-width: 326px; padding: 0; width: calc(100% - 2px);\" data-instgrm-captioned=\"\" data-instgrm-permalink=\"https:\/\/www.instagram.com\/p\/BwkNk2IBslP\/?utm_source=ig_embed&amp;utm_medium=loading\" data-instgrm-version=\"12\">\n<div style=\"padding: 16px;\">\n<p>&nbsp;<\/p>\n<div style=\"display: flex; flex-direction: row; align-items: center;\"><\/div>\n<div style=\"padding: 19% 0;\"><\/div>\n<div style=\"display: block; height: 50px; margin: 0 auto 12px; width: 50px;\"><\/div>\n<div style=\"padding-top: 8px;\">\n<div style=\"color: #3897f0; font-family: Arial,sans-serif; font-size: 14px; font-style: normal; font-weight: 550; line-height: 18px;\">Check out this post on Instagram<\/div>\n<\/div>\n<div style=\"padding: 12.5% 0;\"><\/div>\n<div style=\"display: flex; flex-direction: row; margin-bottom: 14px; align-items: center;\"><\/div>\n<p>&nbsp;<\/p>\n<p style=\"margin: 8px 0 0 0; padding: 0 4px;\"><a style=\"color: #000; font-family: Arial,sans-serif; font-size: 14px; font-style: normal; font-weight: normal; line-height: 17px; text-decoration: none; word-wrap: break-word;\" href=\"https:\/\/www.instagram.com\/p\/BwkNk2IBslP\/?utm_source=ig_embed&amp;utm_medium=loading\" target=\"_blank\" rel=\"noopener\">Simplemente bonito \ud83c\udf31 #floreroada #shopnordico #newin #novedades #housedoctor #floreros #jarrones https:\/\/shopnordico.com\/products\/florero-con-base-ada<\/a><\/p>\n<p style=\"color: #c9c8cd; font-family: Arial,sans-serif; font-size: 14px; line-height: 17px; margin-bottom: 0; margin-top: 8px; overflow: hidden; padding: 8px 0 7px; text-align: center; text-overflow: ellipsis; white-space: nowrap;\">Ein Beitrag geteilt von <a style=\"color: #c9c8cd; font-family: Arial,sans-serif; font-size: 14px; font-style: normal; font-weight: normal; line-height: 17px;\" href=\"https:\/\/www.instagram.com\/shopnordico\/?utm_source=ig_embed&amp;utm_medium=loading\" target=\"_blank\" rel=\"noopener\"> Shopnordico<\/a> (@shopnordico) am <time style=\"font-family: Arial,sans-serif; font-size: 14px; line-height: 17px;\" datetime=\"2019-04-22T17:14:27+00:00\">Apr 22, 2019 um 10:14 PDT<\/time><\/p>\n<\/div>\n<\/blockquote>\n<p><script async src=\"\/\/www.instagram.com\/embed.js\"><\/script><\/p>\n<p>&nbsp;<\/p>\n<blockquote class=\"instagram-media\" style=\"background: #FFF; border: 0; border-radius: 3px; box-shadow: 0 0 1px 0 rgba(0,0,0,0.5),0 1px 10px 0 rgba(0,0,0,0.15); margin: 1px; max-width: 100%; min-width: 326px; padding: 0; width: calc(100% - 2px);\" data-instgrm-captioned=\"\" data-instgrm-permalink=\"https:\/\/www.instagram.com\/p\/BwKnWaghrY6\/?utm_source=ig_embed&amp;utm_medium=loading\" data-instgrm-version=\"12\">\n<div style=\"padding: 16px;\">\n<p>&nbsp;<\/p>\n<div style=\"display: flex; flex-direction: row; align-items: center;\"><\/div>\n<div style=\"padding: 19% 0;\"><\/div>\n<div style=\"display: block; height: 50px; margin: 0 auto 12px; width: 50px;\"><\/div>\n<div style=\"padding-top: 8px;\">\n<div style=\"color: #3897f0; font-family: Arial,sans-serif; font-size: 14px; font-style: normal; font-weight: 550; line-height: 18px;\">Check out this post on Instagram<\/div>\n<\/div>\n<div style=\"padding: 12.5% 0;\"><\/div>\n<div style=\"display: flex; flex-direction: row; margin-bottom: 14px; align-items: center;\"><\/div>\n<p>&nbsp;<\/p>\n<p style=\"margin: 8px 0 0 0; padding: 0 4px;\"><a style=\"color: #000; font-family: Arial,sans-serif; font-size: 14px; font-style: normal; font-weight: normal; line-height: 17px; text-decoration: none; word-wrap: break-word;\" href=\"https:\/\/www.instagram.com\/p\/BwKnWaghrY6\/?utm_source=ig_embed&amp;utm_medium=loading\" target=\"_blank\" rel=\"noopener\">A cenar \ud83c\udf7d #vajilla #krackel #olssonjensen #scandi #fridaynight #acenar #shopnordico #decoracionnordica #mesasbonitas https:\/\/shopnordico.com\/collections\/vajilla<\/a><\/p>\n<p style=\"color: #c9c8cd; font-family: Arial,sans-serif; font-size: 14px; line-height: 17px; margin-bottom: 0; margin-top: 8px; overflow: hidden; padding: 8px 0 7px; text-align: center; text-overflow: ellipsis; white-space: nowrap;\">Ein Beitrag geteilt von <a style=\"color: #c9c8cd; font-family: Arial,sans-serif; font-size: 14px; font-style: normal; font-weight: normal; line-height: 17px;\" href=\"https:\/\/www.instagram.com\/shopnordico\/?utm_source=ig_embed&amp;utm_medium=loading\" target=\"_blank\" rel=\"noopener\"> Shopnordico<\/a> (@shopnordico) am <time style=\"font-family: Arial,sans-serif; font-size: 14px; line-height: 17px;\" datetime=\"2019-04-12T18:39:25+00:00\">Apr 12, 2019 um 11:39 PDT<\/time><\/p>\n<\/div>\n<\/blockquote>\n<p><script async src=\"\/\/www.instagram.com\/embed.js\"><\/script><\/p>\n<p>&nbsp;<\/p>\n<p>&nbsp;<\/p>\n<p><b>Brands from ShopNordico<\/b><\/p>\n<p><span style=\"font-weight: 400;\">\u2014\u00a0Blafre \/ <\/span><a href=\"https:\/\/shopnordico.com\/collections\/blafre\" rel=\"noopener\"><span style=\"font-weight: 400;\">shopnordico.com\/collections\/blafre<\/span><\/a><\/p>\n<p><span style=\"font-weight: 400;\">\u2014\u00a0Littlephant \/ <\/span><a href=\"https:\/\/shopnordico.com\/collections\/littlephant\" rel=\"noopener\"><span style=\"font-weight: 400;\">shopnordico.com\/collections\/littlephant<\/span><\/a><\/p>\n<p><span style=\"font-weight: 400;\">\u2014\u00a0House Doctor \/ <\/span><a href=\"https:\/\/shopnordico.com\/collections\/house-doctor?page=2\" rel=\"noopener\"><span style=\"font-weight: 400;\">shopnordico.com\/collections\/house-doctor<\/span><\/a><\/p>\n<p>&nbsp;<\/p>\n<hr \/>\n<p>&nbsp;<\/p>\n<p><strong>Murri Clothes<\/strong> \/\u00a0<a href=\"https:\/\/www.murri-clothes.com\" rel=\"noopener\">murri-clothes.com<\/a><\/p>\n<p>Murry Clothes. Fashion for analog People. We create limited edition pieces because dressing like all is very boring. They inspire us: art, fashion, illustration, vintage aesthetics, photography and travel. We bet on a timeless style with classic airs and simple shapes. The fabric, color and texture stand out above the design. We use natural and artificial fabrics. We seek exclusivity using old fabrics coming from coupons and final series with little footage.<\/p>\n<p>&nbsp;<\/p>\n<p><strong>Roew<\/strong> \/ <a href=\"https:\/\/www.instagram.com\/atelier_leschausseurs\/?hl=en\" rel=\"noopener\" target=\"_blank\">@atelier_leschausseurs<\/a><\/p>\n<p>Roew is a brand of footwear for women created in 2017 in the Pened\u00e8s. The brand creates and distributes its products in 7 different countries from the study near El Vendrell. The brand was created in 2017 and produced in Portugal and Menorca. He has a shop in the city of Montreal in Quebec and also in the Falabella centers of Santiago de Chile and Dizengoff in Tel Aviv.<\/p>\n<p>&nbsp;<\/p>\n<blockquote class=\"instagram-media\" data-instgrm-captioned data-instgrm-permalink=\"https:\/\/www.instagram.com\/p\/BvIh77Zh6UO\/\" data-instgrm-version=\"12\" style=\" background:#FFF; border:0; border-radius:3px; box-shadow:0 0 1px 0 rgba(0,0,0,0.5),0 1px 10px 0 rgba(0,0,0,0.15); margin: 1px; max-width:100%; min-width:326px; padding:0; width:99.375%; width:-webkit-calc(100% - 2px); width:calc(100% - 2px);\">\n<div style=\"padding:16px;\"> <a href=\"https:\/\/www.instagram.com\/p\/BvIh77Zh6UO\/\" style=\" background:#FFFFFF; line-height:0; padding:0 0; text-align:center; text-decoration:none; width:100%;\" target=\"_blank\" rel=\"noopener\"> <\/p>\n<div style=\" display: flex; flex-direction: row; align-items: center;\">\n<div style=\"background-color: #F4F4F4; border-radius: 50%; flex-grow: 0; height: 40px; margin-right: 14px; width: 40px;\"><\/div>\n<div style=\"display: flex; flex-direction: column; flex-grow: 1; justify-content: center;\">\n<div style=\" background-color: #F4F4F4; border-radius: 4px; flex-grow: 0; height: 14px; margin-bottom: 6px; width: 100px;\"><\/div>\n<div style=\" background-color: #F4F4F4; border-radius: 4px; flex-grow: 0; height: 14px; width: 60px;\"><\/div>\n<\/div>\n<\/div>\n<div style=\"padding: 19% 0;\"><\/div>\n<div style=\"display:block; height:50px; margin:0 auto 12px; width:50px;\"><svg width=\"50px\" height=\"50px\" viewBox=\"0 0 60 60\" version=\"1.1\" xmlns=\"https:\/\/www.w3.org\/2000\/svg\" xmlns:xlink=\"https:\/\/www.w3.org\/1999\/xlink\"><g stroke=\"none\" stroke-width=\"1\" fill=\"none\" fill-rule=\"evenodd\"><g transform=\"translate(-511.000000, -20.000000)\" fill=\"#000000\"><g><path d=\"M556.869,30.41 C554.814,30.41 553.148,32.076 553.148,34.131 C553.148,36.186 554.814,37.852 556.869,37.852 C558.924,37.852 560.59,36.186 560.59,34.131 C560.59,32.076 558.924,30.41 556.869,30.41 M541,60.657 C535.114,60.657 530.342,55.887 530.342,50 C530.342,44.114 535.114,39.342 541,39.342 C546.887,39.342 551.658,44.114 551.658,50 C551.658,55.887 546.887,60.657 541,60.657 M541,33.886 C532.1,33.886 524.886,41.1 524.886,50 C524.886,58.899 532.1,66.113 541,66.113 C549.9,66.113 557.115,58.899 557.115,50 C557.115,41.1 549.9,33.886 541,33.886 M565.378,62.101 C565.244,65.022 564.756,66.606 564.346,67.663 C563.803,69.06 563.154,70.057 562.106,71.106 C561.058,72.155 560.06,72.803 558.662,73.347 C557.607,73.757 556.021,74.244 553.102,74.378 C549.944,74.521 548.997,74.552 541,74.552 C533.003,74.552 532.056,74.521 528.898,74.378 C525.979,74.244 524.393,73.757 523.338,73.347 C521.94,72.803 520.942,72.155 519.894,71.106 C518.846,70.057 518.197,69.06 517.654,67.663 C517.244,66.606 516.755,65.022 516.623,62.101 C516.479,58.943 516.448,57.996 516.448,50 C516.448,42.003 516.479,41.056 516.623,37.899 C516.755,34.978 517.244,33.391 517.654,32.338 C518.197,30.938 518.846,29.942 519.894,28.894 C520.942,27.846 521.94,27.196 523.338,26.654 C524.393,26.244 525.979,25.756 528.898,25.623 C532.057,25.479 533.004,25.448 541,25.448 C548.997,25.448 549.943,25.479 553.102,25.623 C556.021,25.756 557.607,26.244 558.662,26.654 C560.06,27.196 561.058,27.846 562.106,28.894 C563.154,29.942 563.803,30.938 564.346,32.338 C564.756,33.391 565.244,34.978 565.378,37.899 C565.522,41.056 565.552,42.003 565.552,50 C565.552,57.996 565.522,58.943 565.378,62.101 M570.82,37.631 C570.674,34.438 570.167,32.258 569.425,30.349 C568.659,28.377 567.633,26.702 565.965,25.035 C564.297,23.368 562.623,22.342 560.652,21.575 C558.743,20.834 556.562,20.326 553.369,20.18 C550.169,20.033 549.148,20 541,20 C532.853,20 531.831,20.033 528.631,20.18 C525.438,20.326 523.257,20.834 521.349,21.575 C519.376,22.342 517.703,23.368 516.035,25.035 C514.368,26.702 513.342,28.377 512.574,30.349 C511.834,32.258 511.326,34.438 511.181,37.631 C511.035,40.831 511,41.851 511,50 C511,58.147 511.035,59.17 511.181,62.369 C511.326,65.562 511.834,67.743 512.574,69.651 C513.342,71.625 514.368,73.296 516.035,74.965 C517.703,76.634 519.376,77.658 521.349,78.425 C523.257,79.167 525.438,79.673 528.631,79.82 C531.831,79.965 532.853,80.001 541,80.001 C549.148,80.001 550.169,79.965 553.369,79.82 C556.562,79.673 558.743,79.167 560.652,78.425 C562.623,77.658 564.297,76.634 565.965,74.965 C567.633,73.296 568.659,71.625 569.425,69.651 C570.167,67.743 570.674,65.562 570.82,62.369 C570.966,59.17 571,58.147 571,50 C571,41.851 570.966,40.831 570.82,37.631\"><\/path><\/g><\/g><\/g><\/svg><\/div>\n<div style=\"padding-top: 8px;\">\n<div style=\" color:#3897f0; font-family:Arial,sans-serif; font-size:14px; font-style:normal; font-weight:550; line-height:18px;\"> Sieh dir diesen Beitrag auf Instagram an<\/div>\n<\/div>\n<div style=\"padding: 12.5% 0;\"><\/div>\n<div style=\"display: flex; flex-direction: row; margin-bottom: 14px; align-items: center;\">\n<div>\n<div style=\"background-color: #F4F4F4; border-radius: 50%; height: 12.5px; width: 12.5px; transform: translateX(0px) translateY(7px);\"><\/div>\n<div style=\"background-color: #F4F4F4; height: 12.5px; transform: rotate(-45deg) translateX(3px) translateY(1px); width: 12.5px; flex-grow: 0; margin-right: 14px; margin-left: 2px;\"><\/div>\n<div style=\"background-color: #F4F4F4; border-radius: 50%; height: 12.5px; width: 12.5px; transform: translateX(9px) translateY(-18px);\"><\/div>\n<\/div>\n<div style=\"margin-left: 8px;\">\n<div style=\" background-color: #F4F4F4; border-radius: 50%; flex-grow: 0; height: 20px; width: 20px;\"><\/div>\n<div style=\" width: 0; height: 0; border-top: 2px solid transparent; border-left: 6px solid #f4f4f4; border-bottom: 2px solid transparent; transform: translateX(16px) translateY(-4px) rotate(30deg)\"><\/div>\n<\/div>\n<div style=\"margin-left: auto;\">\n<div style=\" width: 0px; border-top: 8px solid #F4F4F4; border-right: 8px solid transparent; transform: translateY(16px);\"><\/div>\n<div style=\" background-color: #F4F4F4; flex-grow: 0; height: 12px; width: 16px; transform: translateY(-4px);\"><\/div>\n<div style=\" width: 0; height: 0; border-top: 8px solid #F4F4F4; border-left: 8px solid transparent; transform: translateY(-4px) translateX(8px);\"><\/div>\n<\/div>\n<\/div>\n<p><\/a> <\/p>\n<p style=\" margin:8px 0 0 0; padding:0 4px;\"> <a href=\"https:\/\/www.instagram.com\/p\/BvIh77Zh6UO\/\" style=\" color:#000; font-family:Arial,sans-serif; font-size:14px; font-style:normal; font-weight:normal; line-height:17px; text-decoration:none; word-wrap:break-word;\" target=\"_blank\" rel=\"noopener\">New styles bient\u00f4t disponibles dans nos stores #berlin et #montreal #shoesaddicted #shoes #mens #ecofriendly #newseason #shoestagrams #designers #barcelona #madeinportugal<\/a><\/p>\n<p style=\" color:#c9c8cd; font-family:Arial,sans-serif; font-size:14px; line-height:17px; margin-bottom:0; margin-top:8px; overflow:hidden; padding:8px 0 7px; text-align:center; text-overflow:ellipsis; white-space:nowrap;\">Ein Beitrag geteilt von <a href=\"https:\/\/www.instagram.com\/atelier_leschausseurs\/\" style=\" color:#c9c8cd; font-family:Arial,sans-serif; font-size:14px; font-style:normal; font-weight:normal; line-height:17px;\" target=\"_blank\" rel=\"noopener\"> Atelier. Barcelona<\/a> (@atelier_leschausseurs) am <time style=\" font-family:Arial,sans-serif; font-size:14px; line-height:17px;\" datetime=\"2019-03-18T02:42:14+00:00\">M\u00e4r 17, 2019 um 7:42 PDT<\/time><\/p>\n<\/div>\n<\/blockquote>\n<p> <script async src=\"\/\/www.instagram.com\/embed.js\"><\/script><\/p>\n<p>&nbsp;<\/p>\n<p><strong>Cristina Ru\u00edz de Morales \/ <\/strong>T-Shirts<strong> \/\u00a0<\/strong><strong>Mont Rebei &amp; Las Garrigas<\/strong> \u2013 Limited Edition<\/p>\n<p>We love our country and sharing it with the world. We like to be nomads of landscapes and feelings. When we discover them we make them durable in a fashionable way to always enjoy them. Fleeing from the touristic souvenir, we capture the art of nature and we put it at your disposal in this exclusive limited edition that we present for the first time. We have been inspired by images of two exciting landscapes of Catalonia: the Mont Rebei canyon and the flowered fields of Les Garrigues. We hope you have been able to convey this emotion and that you can take it home to enjoy it on many walks!<\/p>\n<p>&nbsp;<\/p>\n<p><img loading=\"lazy\" decoding=\"async\" class=\"aligncenter size-large wp-image-14134\" src=\"http:\/\/magazinetest.atomic4dev.net\/wp-content\/uploads\/2019\/04\/59102-38499-19-ACR-LAGO-SIMULACION-1024x704.jpg\" alt=\"\" width=\"1024\" height=\"704\" srcset=\"https:\/\/magazinetest.atomic4dev.net\/wp-content\/uploads\/2019\/04\/59102-38499-19-ACR-LAGO-SIMULACION-1024x704.jpg 1024w, https:\/\/magazinetest.atomic4dev.net\/wp-content\/uploads\/2019\/04\/59102-38499-19-ACR-LAGO-SIMULACION-300x206.jpg 300w, https:\/\/magazinetest.atomic4dev.net\/wp-content\/uploads\/2019\/04\/59102-38499-19-ACR-LAGO-SIMULACION-768x528.jpg 768w\" sizes=\"auto, (max-width: 1024px) 100vw, 1024px\" \/> <img loading=\"lazy\" decoding=\"async\" class=\"aligncenter size-large wp-image-14130\" src=\"http:\/\/magazinetest.atomic4dev.net\/wp-content\/uploads\/2019\/04\/59102-38499-19-ACR-ARBOLES-Y-FLORES-SIMULACION-1024x685.jpg\" alt=\"\" width=\"1024\" height=\"685\" srcset=\"https:\/\/magazinetest.atomic4dev.net\/wp-content\/uploads\/2019\/04\/59102-38499-19-ACR-ARBOLES-Y-FLORES-SIMULACION-1024x685.jpg 1024w, https:\/\/magazinetest.atomic4dev.net\/wp-content\/uploads\/2019\/04\/59102-38499-19-ACR-ARBOLES-Y-FLORES-SIMULACION-300x201.jpg 300w, https:\/\/magazinetest.atomic4dev.net\/wp-content\/uploads\/2019\/04\/59102-38499-19-ACR-ARBOLES-Y-FLORES-SIMULACION-768x514.jpg 768w\" sizes=\"auto, (max-width: 1024px) 100vw, 1024px\" \/><\/p>\n<p>&nbsp;<\/p>\n<p>&nbsp;<\/p>\n<h1><b>\u2014 Live Music <\/b><\/h1>\n<p><b>MUT \/ <\/b><span style=\"font-weight: 400;\">Carlos Ib\u00e1\u00f1ez &amp; Juliana Arunategui <\/span><b>\u00a0\/ <\/b><a href=\"http:\/\/www.instagram.com\/carlosibanezbarrera\" rel=\"noopener\"><span style=\"font-weight: 400;\">@carlosibanezbarrera<\/span><\/a> <a href=\"https:\/\/www.instagram.com\/juliana_aru\/\" rel=\"noopener\"><span style=\"font-weight: 400;\">@juliana_aru<\/span><\/a><\/p>\n<p><span style=\"font-weight: 400;\">MUT is a duo composed by Carlos Ib\u00e1\u00f1ez (guitar and production) and Juliana Arunategui (voice and keyboard). They started their musical project a year ago from the impulse to compose their own songs. MUT\u2019s style is inspired by several musical genres such as pop, rock, soul and jazz, combining them with features of electronic music. Apart from their compositions, MUT also makes versions of other songs, trying to give them their own sound.<\/span><\/p>\n<p>&nbsp;<\/p>\n<p>&nbsp;<\/p>\n<blockquote class=\"instagram-media\" style=\"background: #FFF; border: 0; border-radius: 3px; box-shadow: 0 0 1px 0 rgba(0,0,0,0.5),0 1px 10px 0 rgba(0,0,0,0.15); margin: 1px; max-width: 100%; min-width: 326px; padding: 0; width: calc(100% - 2px);\" data-instgrm-captioned=\"\" data-instgrm-permalink=\"https:\/\/www.instagram.com\/p\/BwppRO9gAeO\/\" data-instgrm-version=\"12\">\n<div style=\"padding: 16px;\">\n<p>&nbsp;<\/p>\n<div style=\"display: flex; flex-direction: row; align-items: center;\"><\/div>\n<div style=\"padding: 19% 0;\"><\/div>\n<div style=\"display: block; height: 50px; margin: 0 auto 12px; width: 50px;\"><\/div>\n<div style=\"padding-top: 8px;\">\n<div style=\"color: #3897f0; font-family: Arial,sans-serif; font-size: 14px; font-style: normal; font-weight: 550; line-height: 18px;\">Sieh dir diesen Beitrag auf Instagram an<\/div>\n<\/div>\n<div style=\"padding: 12.5% 0;\"><\/div>\n<div style=\"display: flex; flex-direction: row; margin-bottom: 14px; align-items: center;\"><\/div>\n<p>&nbsp;<\/p>\n<p style=\"margin: 8px 0 0 0; padding: 0 4px;\"><a style=\"color: #000; font-family: Arial,sans-serif; font-size: 14px; font-style: normal; font-weight: normal; line-height: 17px; text-decoration: none; word-wrap: break-word;\" href=\"https:\/\/www.instagram.com\/p\/BwppRO9gAeO\/\" target=\"_blank\" rel=\"noopener\">MUT . (Getting ready to show our little project soon&#8230;)<\/a><\/p>\n<p style=\"color: #c9c8cd; font-family: Arial,sans-serif; font-size: 14px; line-height: 17px; margin-bottom: 0; margin-top: 8px; overflow: hidden; padding: 8px 0 7px; text-align: center; text-overflow: ellipsis; white-space: nowrap;\">Ein Beitrag geteilt von <a style=\"color: #c9c8cd; font-family: Arial,sans-serif; font-size: 14px; font-style: normal; font-weight: normal; line-height: 17px;\" href=\"https:\/\/www.instagram.com\/juliana_aru\/\" target=\"_blank\" rel=\"noopener\"> Juliana<\/a> (@juliana_aru) am <time style=\"font-family: Arial,sans-serif; font-size: 14px; line-height: 17px;\" datetime=\"2019-04-24T19:52:38+00:00\">Apr 24, 2019 um 12:52 PDT<\/time><\/p>\n<\/div>\n<\/blockquote>\n<p><script async src=\"\/\/www.instagram.com\/embed.js\"><\/script><\/p>\n<p>&nbsp;<\/p>\n<p><strong>DJ Xos\u00e9 Marcote<\/strong><\/p>\n<p>&nbsp;<\/p>\n<p>In 2012 he settled in BCN and his love for electronic music became an obsession, becoming a regular in the club scene of the city: Apolo, Primavera Sound, Macarena, Sonar, Razzmatazz. In 2015 he took a course in Plastic &#8220;official academy of BCN deejays&#8221; to deepen the world of digital music and start using the advances of technology working with not very modern sounds but with an aesthetic more appropriate to the times that run. In Open Day on 4th May, he will present an eclectic session to the rhythm of alt-rock, indieelectronic, synth-pop, noise, after-punk, shoegaze &amp; electroclash.<\/p>\n<p>&nbsp;<\/p>\n<p><img loading=\"lazy\" decoding=\"async\" class=\"aligncenter size-full wp-image-14076\" src=\"http:\/\/magazinetest.atomic4dev.net\/wp-content\/uploads\/2019\/04\/Xos\u00e9_Red.jpg\" alt=\"\" width=\"567\" height=\"362\" srcset=\"https:\/\/magazinetest.atomic4dev.net\/wp-content\/uploads\/2019\/04\/Xos\u00e9_Red.jpg 567w, https:\/\/magazinetest.atomic4dev.net\/wp-content\/uploads\/2019\/04\/Xos\u00e9_Red-300x192.jpg 300w\" sizes=\"auto, (max-width: 567px) 100vw, 567px\" \/><\/p>\n<p>&nbsp;<\/p>\n<h1><b>\u2014\u00a0About us <\/b><\/h1>\n<p><span style=\"font-weight: 400;\">As member of the Poblenou Urban District Association, Go\u2014PopUp connects thousands of brands, agencies, creatives to create pop-up stores and brand events with exclusive commercial spaces across the world \u2014 from the perfect location to impressive pop-up concept. Sharing this creative space with Adictik, a sales channel through an own app that creates fan communities where users participate in brand campaigns and challenges, we have created our unique Pop-Up Gallery x Market for the Poblenou Open\u00a0<\/span><span style=\"font-weight: 400;\">Day.<\/span><\/p>\n<p>&nbsp;<\/p>\n<p>&nbsp;<\/p>\n<p><iframe loading=\"lazy\" src=\"https:\/\/www.youtube.com\/embed\/4QIczQE0H3A\" width=\"100%\" height=\"400\" frameborder=\"0\" allowfullscreen=\"allowfullscreen\"><\/iframe><\/p>\n<p>&nbsp;<\/p>\n<hr \/>\n<p>&nbsp;<\/p>\n<div style=\"text-align: center;\">\u00a0<a class=\"btn btn-primary btn-lg bg-turquoise\" href=\"https:\/\/www.facebook.com\/events\/2349199478650080\/\" rel=\"noopener\">Attend Facebook Event<br \/>\n<\/a><\/div>\n<p>&nbsp;<\/p>\n<hr \/>\n<p>&nbsp;<\/p>\n<h3><b>Directions<\/b><\/h3>\n<p><span style=\"font-weight: 400;\">We are located next to Razzmatazz and Espacio 88 in <\/span><span style=\"font-weight: 400;\">Carrer de Pamplona 88. Just enter the gate and you\u2019ll see our office and creative space right in front \u2014\u00a0<\/span><span style=\"font-weight: 400;\">Go\u2014PopUp HQ,\u00a0<\/span><span style=\"font-weight: 400;\">Carrer de Pamplona 88 in\u00a0<\/span><span style=\"font-weight: 400;\">08018 Barcelona<\/span><\/p>\n<p>&nbsp;<\/p>\n<p><iframe loading=\"lazy\" style=\"border: 0;\" src=\"https:\/\/www.google.com\/maps\/embed?pb=!1m18!1m12!1m3!1d2992.943580808703!2d2.189321015212851!3d41.397031603360496!2m3!1f0!2f0!3f0!3m2!1i1024!2i768!4f13.1!3m3!1m2!1s0x12a4a32490e74651%3A0xa68a8790da7e292e!2zR2_igJRQb3BVcA!5e0!3m2!1sde!2ses!4v1556003098556!5m2!1sde!2ses\" width=\"100%\" height=\"400\" frameborder=\"0\" allowfullscreen=\"allowfullscreen\"><\/iframe><\/p>\n<hr \/>\n<p>Stay tuned! We keep you updated with more news to come!<\/p>\n","protected":false},"excerpt":{"rendered":"<p>We have teamed up with Adictik and Poblenou Urban District to host an Open Pop-Up Gallery and Market for the Poblenou Open Day the 4th of May. In collaboration with local artists such as Ewelina Wi\u0119c\u0142aw, Aleix Gordo Hostau (Goho Studio), Ceci Montobbio, Gemma Canal, Paula Valera, Juan Manuel Hincapi\u00e9, Marina Romero and Daniel Berdala, we are filling our brand new office studio space next to the Razzmatazz with art, photography, music and brand culture in a unique experiential pop-up format \u2014 only for one day. &nbsp; Enjoy for the whole day the art and work of our featured artists, [&hellip;]<\/p>\n","protected":false},"author":1,"featured_media":13952,"comment_status":"closed","ping_status":"closed","sticky":false,"template":"","format":"standard","meta":{"footnotes":""},"categories":[65],"tags":[],"class_list":["post-13928","post","type-post","status-publish","format-standard","has-post-thumbnail","hentry","category-3_go-popup-news"],"_links":{"self":[{"href":"https:\/\/magazinetest.atomic4dev.net\/en\/wp-json\/wp\/v2\/posts\/13928","targetHints":{"allow":["GET"]}}],"collection":[{"href":"https:\/\/magazinetest.atomic4dev.net\/en\/wp-json\/wp\/v2\/posts"}],"about":[{"href":"https:\/\/magazinetest.atomic4dev.net\/en\/wp-json\/wp\/v2\/types\/post"}],"author":[{"embeddable":true,"href":"https:\/\/magazinetest.atomic4dev.net\/en\/wp-json\/wp\/v2\/users\/1"}],"replies":[{"embeddable":true,"href":"https:\/\/magazinetest.atomic4dev.net\/en\/wp-json\/wp\/v2\/comments?post=13928"}],"version-history":[{"count":0,"href":"https:\/\/magazinetest.atomic4dev.net\/en\/wp-json\/wp\/v2\/posts\/13928\/revisions"}],"wp:featuredmedia":[{"embeddable":true,"href":"https:\/\/magazinetest.atomic4dev.net\/en\/wp-json\/wp\/v2\/media\/13952"}],"wp:attachment":[{"href":"https:\/\/magazinetest.atomic4dev.net\/en\/wp-json\/wp\/v2\/media?parent=13928"}],"wp:term":[{"taxonomy":"category","embeddable":true,"href":"https:\/\/magazinetest.atomic4dev.net\/en\/wp-json\/wp\/v2\/categories?post=13928"},{"taxonomy":"post_tag","embeddable":true,"href":"https:\/\/magazinetest.atomic4dev.net\/en\/wp-json\/wp\/v2\/tags?post=13928"}],"curies":[{"name":"wp","href":"https:\/\/api.w.org\/{rel}","templated":true}]}}