{"id":14373,"date":"2019-05-21T15:32:14","date_gmt":"2019-05-21T13:32:14","guid":{"rendered":"https:\/\/magazinetest.atomic4dev.net\/?post_type=magazine-entry&#038;p=14373"},"modified":"2022-05-26T11:48:10","modified_gmt":"2022-05-26T09:48:10","slug":"treffen-sie-uns-auf-dem-retail-and-brand-experience-world-congress-in-barcelona","status":"publish","type":"post","link":"https:\/\/magazinetest.atomic4dev.net\/de\/treffen-sie-uns-auf-dem-retail-and-brand-experience-world-congress-in-barcelona\/","title":{"rendered":"Treffen Sie uns auf dem Retail and Brand Experience World Congress in Barcelona #RBEWC"},"content":{"rendered":"<p><span style=\"font-weight: 400;\">Wir freuen uns, unsere Teilnahme am <\/span><a href=\"https:\/\/retailandbrandexperience.com\/\" rel=\"noopener\"><span style=\"font-weight: 400;\">Retail and Brand Experience World Congress<\/span><\/a><span style=\"font-weight: 400;\"> bekannt zu geben, der vom 27. bis 29. Mai 2019 in Barcelona stattfindet. Wir sind auch als Finalist f\u00fcr die <\/span><a href=\"https:\/\/retailandbrandexperience.com\/start-up-village\/\" rel=\"noopener\"><span style=\"font-weight: 400;\">R&amp;B NEXT! Awards<\/span><\/a><span style=\"font-weight: 400;\"> gelistet, die im Rahmen der Veranstaltung stattfinden.<\/span><\/p>\n<p>&nbsp;<\/p>\n<hr \/>\n<div style=\"text-align: center;\"><a class=\"btn btn-primary btn-lg bg-turquoise\" href=\"https:\/\/forms.gle\/F1eBYXvyFFxH4zzo9\" target=\"&quot;_blank\" rel=\"noopener\">Pers\u00f6nliches Treffen vereinbaren<\/a><\/div>\n<div>\n<hr \/>\n<p>&nbsp;<\/p>\n<p><b>Worum geht es?<\/b><\/p>\n<p><span style=\"font-weight: 400;\">Als Teil der n\u00e4chsten Innovationswelle im Bereich Einzelhandel und Offline-Marken-Erlebnissen, k\u00f6nnen Sie uns und unsere Teams an unserem Stand treffen und mit uns die richtigen L\u00f6sungen f\u00fcr den Pop-up Store Ihrer Marke, das Live-Kommunikations Event f\u00fcr Ihr Unternehmen oder die experimentelle Marketingkampagne f\u00fcr Ihr Vorhaben diskutieren &#8211; entdecken Sie, wo und wie Sie beginnen sollten, wenn Sie einen Pop-Up Store als Kampagne planen und wie wir Sie mit unseren Dienstleistungen und Technologien auf dem Weg in die Zukunft des Einzelhandels begleiten k\u00f6nnen.<\/span><\/p>\n<p>&nbsp;<\/p>\n<p><a href=\"https:\/\/retailandbrandexperience.com\/start-up-village\/\" target=\"_blank\" rel=\"noopener\"><img loading=\"lazy\" decoding=\"async\" class=\"aligncenter size-full wp-image-14361\" src=\"http:\/\/magazinetest.atomic4dev.net\/wp-content\/uploads\/2019\/05\/banner_970x250.gif\" alt=\"\" width=\"970\" height=\"250\" \/><\/a><\/p>\n<p>&nbsp;<\/p>\n<p><span style=\"font-weight: 400;\">Die Veranstaltung und der Kongress bringen Branchenf\u00fchrer und Entscheidungstr\u00e4ger, erfolgreiche Unternehmer und digitale Experten mit renommierten Inkubatoren, Experten und Investoren aus Handel und Wirtschaft zusammen, um \u00fcber die globale Zukunft der Branche zu diskutieren. Das gesamte \u00d6kosystem des Einzelhandels wird an diesen Tagen in Barcelona zusammengef\u00fchrt und mit Marken und Einzelh\u00e4ndlern wie Veritas, Alessi, L&#8217;Occitane Group, Foot Locker, Desigual oder Lindt befinden wir uns in bester Gesellschaft unsere Kunden und Partner. <\/span><span style=\"font-weight: 400;\"><br \/>\n<\/span><\/p>\n<\/div>\n<p>&nbsp;<\/p>\n<p><iframe loading=\"lazy\" src=\"https:\/\/www.youtube.com\/embed\/JLQRbjnO0i4\" width=\"100%\" height=\"400\" frameborder=\"0\" allowfullscreen=\"allowfullscreen\" data-mce-fragment=\"1\"><\/iframe><\/p>\n<p>&nbsp;<\/p>\n<p><b>Was wir tun?<\/b><\/p>\n<p><span style=\"font-weight: 400;\">Go\u2014PopUp verbindet Tausende von Marken und Agenturen, um Pop-up Stores und Markenevents mit exklusiven Gewerbefl\u00e4chen auf der ganzen Welt zu er\u00f6ffnen &#8211; von der perfekten Location bis zu beeindruckenden Pop-up Konzepten mit s\u00e4mtlichen Dienstleistungen f\u00fcr die Pop-up Store Branche &#8211; <\/span><a href=\"https:\/\/www.gopopup.com\/de\/aboutus\/\" rel=\"noopener\"><span style=\"font-weight: 400;\">erfahren Sie mehr \u00fcber uns.<\/span><\/a><\/p>\n<p>&nbsp;<\/p>\n<p>&nbsp;<\/p>\n<p><iframe loading=\"lazy\" src=\"https:\/\/www.youtube.com\/embed\/4QIczQE0H3A\" width=\"100%\" height=\"400\" frameborder=\"0\" allowfullscreen=\"allowfullscreen\" data-mce-fragment=\"1\"><\/iframe><\/p>\n<p>&nbsp;<\/p>\n<p><b>Wie k\u00f6nnen Sie uns treffen?<\/b><\/p>\n<p><span style=\"font-weight: 400;\">Let\u2019s talk Business! Kontaktieren Sie unseren Marketing- und Produkt Direktor Mark Knapen und unseren CEO David P\u00e9rez, um ein pers\u00f6nliches Treffen zu vereinbaren. Wir haben noch Pl\u00e4tze frei, um alle Aspekte unser Dienstleistungsspektrum f\u00fcr Marken, Agenturen und Einzelh\u00e4ndler auf der ganzen Welt zu besprechen.<\/span><\/p>\n<p>&nbsp;<\/p>\n<hr \/>\n<div><\/div>\n<div style=\"text-align: center;\"><a class=\"btn btn-primary btn-lg bg-turquoise\" href=\"https:\/\/forms.gle\/F1eBYXvyFFxH4zzo9\" rel=\"noopener\">Pers\u00f6nliches Treffen vereinbaren<\/a><\/div>\n<div><\/div>\n<div>\n<hr \/>\n<\/div>\n<p>&nbsp;<\/p>\n<p><b>Wo k\u00f6nnen Sie uns treffen?<\/b><\/p>\n<p><span style=\"font-weight: 400;\">Als Teil der <\/span><a href=\"https:\/\/retailandbrandexperience.com\/start-up-village\/\" rel=\"noopener\"><span style=\"font-weight: 400;\">Startup Village<\/span><\/a><span style=\"font-weight: 400;\"> finden Sie am Stand C136.<\/span><\/p>\n<p><span style=\"font-weight: 400;\">27.- 29. Mai 2019<\/span><\/p>\n<p><span style=\"font-weight: 400;\">8:30 &#8211; 18:00 Uhr<\/span><\/p>\n<p>Follow #RBEWC #gopopup<\/p>\n<p>&nbsp;<\/p>\n<p><b>Wie komme ich dorthin? <\/b><\/p>\n<p><span style=\"font-weight: 400;\">Fira Barcelona \u2014\u00a0Gran via Venue Av. Joan Carles 1, 64, 08908 L\u2019Hospitalet de Llobregat<\/span><\/p>\n<p>&nbsp;<\/p>\n<p><iframe loading=\"lazy\" style=\"border: 0;\" src=\"https:\/\/www.google.com\/maps\/embed?pb=!1m14!1m8!1m3!1d23959.18426346474!2d2.128083!3d41.35457!3m2!1i1024!2i768!4f13.1!3m3!1m2!1s0x0%3A0xb0d0cc966887d153!2sFira+Barcelona+Gran+Via!5e0!3m2!1sde!2ses!4v1558343821697!5m2!1sde!2ses\" width=\"100%\" height=\"300\" frameborder=\"0\" allowfullscreen=\"allowfullscreen\" data-mce-fragment=\"1\"><\/iframe><\/p>\n<hr \/>\n<div><\/div>\n<div style=\"text-align: center;\"><a class=\"btn btn-primary btn-lg bg-turquoise\" href=\"https:\/\/forms.gle\/F1eBYXvyFFxH4zzo9\" rel=\"noopener\">Pers\u00f6nliches Treffen vereinbaren<\/a><\/div>\n<p>&nbsp;<\/p>\n","protected":false},"excerpt":{"rendered":"<p>Wir freuen uns, unsere Teilnahme am Retail and Brand Experience World Congress bekannt zu geben, der vom 27. bis 29. Mai 2019 in Barcelona stattfindet. Wir sind auch als Finalist f\u00fcr die R&amp;B NEXT! Awards gelistet, die im Rahmen der Veranstaltung stattfinden. &nbsp; Pers\u00f6nliches Treffen vereinbaren &nbsp; Worum geht es? Als Teil der n\u00e4chsten Innovationswelle im Bereich Einzelhandel und Offline-Marken-Erlebnissen, k\u00f6nnen Sie uns und unsere Teams an unserem Stand treffen und mit uns die richtigen L\u00f6sungen f\u00fcr den Pop-up Store Ihrer Marke, das Live-Kommunikations Event f\u00fcr Ihr Unternehmen oder die experimentelle Marketingkampagne f\u00fcr Ihr Vorhaben diskutieren &#8211; entdecken Sie, wo [&hellip;]<\/p>\n","protected":false},"author":1,"featured_media":14355,"comment_status":"closed","ping_status":"closed","sticky":false,"template":"","format":"standard","meta":{"footnotes":""},"categories":[],"tags":[],"class_list":["post-14373","post","type-post","status-publish","format-standard","has-post-thumbnail","hentry"],"_links":{"self":[{"href":"https:\/\/magazinetest.atomic4dev.net\/de\/wp-json\/wp\/v2\/posts\/14373","targetHints":{"allow":["GET"]}}],"collection":[{"href":"https:\/\/magazinetest.atomic4dev.net\/de\/wp-json\/wp\/v2\/posts"}],"about":[{"href":"https:\/\/magazinetest.atomic4dev.net\/de\/wp-json\/wp\/v2\/types\/post"}],"author":[{"embeddable":true,"href":"https:\/\/magazinetest.atomic4dev.net\/de\/wp-json\/wp\/v2\/users\/1"}],"replies":[{"embeddable":true,"href":"https:\/\/magazinetest.atomic4dev.net\/de\/wp-json\/wp\/v2\/comments?post=14373"}],"version-history":[{"count":1,"href":"https:\/\/magazinetest.atomic4dev.net\/de\/wp-json\/wp\/v2\/posts\/14373\/revisions"}],"predecessor-version":[{"id":19739,"href":"https:\/\/magazinetest.atomic4dev.net\/de\/wp-json\/wp\/v2\/posts\/14373\/revisions\/19739"}],"wp:featuredmedia":[{"embeddable":true,"href":"https:\/\/magazinetest.atomic4dev.net\/de\/wp-json\/wp\/v2\/media\/14355"}],"wp:attachment":[{"href":"https:\/\/magazinetest.atomic4dev.net\/de\/wp-json\/wp\/v2\/media?parent=14373"}],"wp:term":[{"taxonomy":"category","embeddable":true,"href":"https:\/\/magazinetest.atomic4dev.net\/de\/wp-json\/wp\/v2\/categories?post=14373"},{"taxonomy":"post_tag","embeddable":true,"href":"https:\/\/magazinetest.atomic4dev.net\/de\/wp-json\/wp\/v2\/tags?post=14373"}],"curies":[{"name":"wp","href":"https:\/\/api.w.org\/{rel}","templated":true}]}}