{"id":13546,"date":"2018-11-12T17:41:38","date_gmt":"2018-11-12T16:41:38","guid":{"rendered":"https:\/\/magazinetest.atomic4dev.net\/?post_type=magazine-entry&#038;p=13546"},"modified":"2022-05-26T17:57:58","modified_gmt":"2022-05-26T15:57:58","slug":"facebook-eroeffnet-pop-up-store-in-koeln","status":"publish","type":"post","link":"https:\/\/magazinetest.atomic4dev.net\/de\/facebook-eroeffnet-pop-up-store-in-koeln\/","title":{"rendered":"Facebook er\u00f6ffnet Pop-Up Store in K\u00f6ln"},"content":{"rendered":"<p><span style=\"font-weight: 400;\">Facebook inszeniert am\u00a016. und 17. November einen Pop-Up Store in der <\/span><a href=\"https:\/\/maps.google.com\/?q=Hohe+Strasse+68-82&amp;entry=gmail&amp;source=g\" target=\"_blank\" rel=\"noopener noreferrer\"><span style=\"font-weight: 400;\">Hohe Strasse 68-82<\/span><\/a><span style=\"font-weight: 400;\"> zu K\u00f6ln. Das deutschlandweit erste <b>Meet Facebook. Ihr fragt. Wir antworten. <\/b>Event\u00a0im Herzen der K\u00f6lner Innenstadt ist f\u00fcr alle, die Facebook einmal hautnah erleben m\u00f6chten.\u00a0F\u00fcr Facebook ist dies der erste station\u00e4re Pop-Up Store in Deutschland, vergleichbare oder \u00e4hnliche Formate finden in London, Dublin und den USA statt.<\/span><\/p>\n<p>&nbsp;<\/p>\n<p><span style=\"font-weight: 400;\">In Zusammenarbeit mit der weltweit auf Pop-Up Stores spezialisierten Agentur <\/span><b>Go\u2014PopUp<\/b><span style=\"font-weight: 400;\">, erfolgte die Vermittlung des Mietvertrages f\u00fcr die Toplage in K\u00f6ln durch das auf Einzelhandelsfl\u00e4chen spezialisierte und bundesweit t\u00e4tige Immobilienunternehmen <\/span><b>storescouts <\/b><span style=\"font-weight: 400;\">aus D\u00fcsseldorf<\/span><b>. <\/b><\/p>\n<p><b><\/b><b><br \/>\n<\/b><span style=\"font-weight: 400;\">Gemeinsam mit unserem neuen <\/span><a href=\"https:\/\/www.gopopup.com\/de\/magazine\/go-popup-schliesst-partnerschaft-mit-popertee-und-startet-in-london-manchester-und-dublin\" target=\"_blank\" rel=\"noopener noreferrer\"><span style=\"font-weight: 400;\">Smart Retail Hub<\/span><\/a><span style=\"font-weight: 400;\"> Partner <\/span><b>Popertee<\/b><span style=\"font-weight: 400;\"> er\u00f6ffnete Facebook bereits vor einigen Tagen einen Pop-Up Store in Dublin. Damit nutzt eines der weltweit gr\u00f6\u00dften Tech-Unternehmen die Vorteile von tempor\u00e4ren Pop-Up Stores und Live Kommunikations Events, um mit Kunden und Nutzern in den direkten Dialog zu treten.<\/span><\/p>\n<p>&nbsp;<\/p>\n<p>Zus\u00e4tzlich zu der M\u00f6glichkeit, sich vor Ort an den Informationsst\u00e4nden direkt mit den Mitarbeitern von Facebook auszutauschen und mehr \u00fcber Sicherheit und Privatsph\u00e4re auf Facebook zu erfahren, k\u00f6nnen alle Besucher verschiedenste Facebook-Produkte ausprobieren und beispielsweise lernen, wie man die \u201cLip Sync Live\u201d-Funktion benutzt oder \u201cStories\u201d in seinem Profil erstellt. Als besonderen H\u00f6hepunkt wird es au\u00dferdem einen Poetry Slam mit lokalen K\u00fcnstlern aus K\u00f6ln und Umland geben.<br \/>\n<span style=\"font-weight: 400;\"><br \/>\n<\/span><\/p>\n<p>Weitere Informationen zum Event gibt es <a href=\"https:\/\/www.facebook.com\/events\/204396213790744\/\" target=\"_blank\" rel=\"noopener noreferrer\">hier<\/a>.<\/p>\n<p>&nbsp;<\/p>\n","protected":false},"excerpt":{"rendered":"<p>Facebook inszeniert am\u00a016. und 17. November einen Pop-Up Store in der Hohe Strasse 68-82 zu K\u00f6ln. Das deutschlandweit erste Meet Facebook. Ihr fragt. Wir antworten. Event\u00a0im Herzen der K\u00f6lner Innenstadt ist f\u00fcr alle, die Facebook einmal hautnah erleben m\u00f6chten.\u00a0F\u00fcr Facebook ist dies der erste station\u00e4re Pop-Up Store in Deutschland, vergleichbare oder \u00e4hnliche Formate finden in London, Dublin und den USA statt. &nbsp; In Zusammenarbeit mit der weltweit auf Pop-Up Stores spezialisierten Agentur Go\u2014PopUp, erfolgte die Vermittlung des Mietvertrages f\u00fcr die Toplage in K\u00f6ln durch das auf Einzelhandelsfl\u00e4chen spezialisierte und bundesweit t\u00e4tige Immobilienunternehmen storescouts aus D\u00fcsseldorf. Gemeinsam mit unserem neuen Smart [&hellip;]<\/p>\n","protected":false},"author":1,"featured_media":13547,"comment_status":"closed","ping_status":"closed","sticky":false,"template":"","format":"standard","meta":{"footnotes":""},"categories":[],"tags":[],"class_list":["post-13546","post","type-post","status-publish","format-standard","has-post-thumbnail","hentry"],"_links":{"self":[{"href":"https:\/\/magazinetest.atomic4dev.net\/de\/wp-json\/wp\/v2\/posts\/13546","targetHints":{"allow":["GET"]}}],"collection":[{"href":"https:\/\/magazinetest.atomic4dev.net\/de\/wp-json\/wp\/v2\/posts"}],"about":[{"href":"https:\/\/magazinetest.atomic4dev.net\/de\/wp-json\/wp\/v2\/types\/post"}],"author":[{"embeddable":true,"href":"https:\/\/magazinetest.atomic4dev.net\/de\/wp-json\/wp\/v2\/users\/1"}],"replies":[{"embeddable":true,"href":"https:\/\/magazinetest.atomic4dev.net\/de\/wp-json\/wp\/v2\/comments?post=13546"}],"version-history":[{"count":1,"href":"https:\/\/magazinetest.atomic4dev.net\/de\/wp-json\/wp\/v2\/posts\/13546\/revisions"}],"predecessor-version":[{"id":17551,"href":"https:\/\/magazinetest.atomic4dev.net\/de\/wp-json\/wp\/v2\/posts\/13546\/revisions\/17551"}],"wp:featuredmedia":[{"embeddable":true,"href":"https:\/\/magazinetest.atomic4dev.net\/de\/wp-json\/wp\/v2\/media\/13547"}],"wp:attachment":[{"href":"https:\/\/magazinetest.atomic4dev.net\/de\/wp-json\/wp\/v2\/media?parent=13546"}],"wp:term":[{"taxonomy":"category","embeddable":true,"href":"https:\/\/magazinetest.atomic4dev.net\/de\/wp-json\/wp\/v2\/categories?post=13546"},{"taxonomy":"post_tag","embeddable":true,"href":"https:\/\/magazinetest.atomic4dev.net\/de\/wp-json\/wp\/v2\/tags?post=13546"}],"curies":[{"name":"wp","href":"https:\/\/api.w.org\/{rel}","templated":true}]}}