{"id":10693,"date":"2016-12-24T17:09:19","date_gmt":"2016-12-24T16:09:19","guid":{"rendered":"http:\/\/cms.gopopup.com\/?post_type=magazine-entry&#038;p=10693"},"modified":"2022-05-26T23:03:00","modified_gmt":"2022-05-26T21:03:00","slug":"amberg-wird-zum-pop-up-staedtchen","status":"publish","type":"post","link":"https:\/\/magazinetest.atomic4dev.net\/de\/amberg-wird-zum-pop-up-staedtchen\/","title":{"rendered":"Amberg wird zum Pop-Up St\u00e4dtchen"},"content":{"rendered":"<p><strong>Gastbeitrag von Marion Stiegler.<\/strong><\/p>\n<p>Gerade weil man es dort nicht erwartet, ist es umso \u00fcberraschender: In dem St\u00e4dtchen Amberg in der Oberpfalz l\u00e4uft eine echte Pop-Up Session! Bis Weihnachten wurde ein kleiner Space eines lange leerstehenden ehemaligen Einkaufszentrums Woche f\u00fcr Woche mit Pop up Stores belebt.<br \/>\nAber mal zur\u00fcckgespult. Wie kommt es, dass Pop up\u00b4s in eher l\u00e4ndlichen Gebieten und Kleinst\u00e4dten wie Amberg aufschie\u00dfen? Nicht ganz unbeteiligt daran ist Designerin und Grafikerin Marion Stiegler. Eigentlich Landei, aber mit erfrischender und echt offener Haltung. Sie hatte bereits 2014 den Mut den 1. Pop up Store in Amberg zu er\u00f6ffnen, um ihr Eigenlabel <a href=\"https:\/\/www.provintzstueck.de\" target=\"_blank\" rel=\"noopener\">Provintzst\u00fcck<\/a> zu pr\u00e4sentieren und ihre Kollektion erstmals zum Verkauf anzubieten.<\/p>\n<p><img loading=\"lazy\" decoding=\"async\" class=\"alignnone size-full wp-image-10703\" src=\"http:\/\/magazinetest.atomic4dev.net\/wp-content\/uploads\/2016\/12\/6_winterwunderland-popup1-high.jpg\" alt=\"6_winterwunderland-popup1-high\" width=\"1476\" height=\"2209\" srcset=\"https:\/\/magazinetest.atomic4dev.net\/wp-content\/uploads\/2016\/12\/6_winterwunderland-popup1-high.jpg 1476w, https:\/\/magazinetest.atomic4dev.net\/wp-content\/uploads\/2016\/12\/6_winterwunderland-popup1-high-200x300.jpg 200w, https:\/\/magazinetest.atomic4dev.net\/wp-content\/uploads\/2016\/12\/6_winterwunderland-popup1-high-684x1024.jpg 684w\" sizes=\"auto, (max-width: 1476px) 100vw, 1476px\" \/><\/p>\n<blockquote><p>\u00bbWieso sollte das nur in gro\u00dfen Metropolen funktionieren und nicht auch in kleineren St\u00e4dtchen? Hier gibts ne Menge Leerst\u00e4nde, die nur darauf warten, belebt und genutzt zu werden. Einfach machen!\u00ab<\/p><\/blockquote>\n<p>Dass die Suche nach einer Location, die nur kurze Zeit genutzt werden will, gerade in Amberg schwierig war, bestreitet Marion nicht. Von Kopfsch\u00fctteln bis \u201eTelefonh\u00f6rer aufknallen\u201c war als Reaktion auf ihr Vorhaben alles dabei, erinnert sie sich. Ende 2013 landet sie bei der Gewerbebau Amberg (dortige Wirtschaftsf\u00f6rderung) und bat um Hilfe. Pop-Up? Noch nie geh\u00f6rt. Dennoch stellte die Gewerbebau Amberg Kontakte her und prompt fand sich ein kleines L\u00e4dchen mit knapp 30 qm, das Marion Anfang Sommer 2014 f\u00fcr 10 Tage anmietete. Der erste Pop-Up Store in Amberg war geboren.<\/p>\n<hr \/>\n<p class=\"text-center\"><a class=\"btn btn-primary btn-lg bg-turquoise\" style=\"text-decoration: none; padding-left: 30px; padding-right: 30px;\" href=\"http:\/\/www.gopopup.com\/de\/spaces\/search\" target=\"_blank\" rel=\"noopener\">Er\u00f6ffne jetzt Deinen eigenen Store<\/a><\/p>\n<hr \/>\n<p>Aber damit nicht genug. 2015 schloss sie sich mit Goldschmied Sebastian v.d. Recke zusammen und er\u00f6ffnete ein zweites Mal einen Pop-Up Store. Beide nutzten f\u00fcr zwei Wochen ein bis dato leerstehendes ehemaliges Caf\u00e9 und wesentlich gr\u00f6\u00dferen Space in Amberg City, den die beiden einfach mal zweiteilten: in <a href=\"http:\/\/www.onetz.de\/amberg-in-der-oberpfalz\/kultur\/amberger-schmuck-werk-praesentiert-hochdekorierte-schmuckdesigner-und-kuenstler-design-kunst-gegen-ladenleerstand-d42642.html\" target=\"_blank\" rel=\"noopener\">SchmuckWerk<\/a> (der Pop-up Store des Goldschmieds) und \u201eKreativ-Pop up\u201c (Marions Pop-Up Bereich), \u00e4hnlich dem Shop-in-Shop Prinzip. Sie \u00fcberzeugten mit \u00fcberraschendem Warenmix an Schmuckdesign und kreativen Unikaten. Der Begriff \u201ePop-Up\u201c r\u00fcckte in der \u00d6ffentlichkeit wieder in Erinnerung, auch dank wiederholter Unterst\u00fctzung der Gewerbebau Amberg. Mit einem Infoabend zum Thema \u201ePop-Up Store\u201c rollten die beiden die ganze Thematik in der Provinz nochmal so richtig auf.<\/p>\n<p><img loading=\"lazy\" decoding=\"async\" class=\"alignnone size-full wp-image-10702\" src=\"http:\/\/magazinetest.atomic4dev.net\/wp-content\/uploads\/2016\/12\/1_popupladen-amberg-vorher-aussen-high.jpg\" alt=\"1_popupladen-amberg-vorher-aussen-high\" width=\"1476\" height=\"1476\" srcset=\"https:\/\/magazinetest.atomic4dev.net\/wp-content\/uploads\/2016\/12\/1_popupladen-amberg-vorher-aussen-high.jpg 1476w, https:\/\/magazinetest.atomic4dev.net\/wp-content\/uploads\/2016\/12\/1_popupladen-amberg-vorher-aussen-high-150x150.jpg 150w, https:\/\/magazinetest.atomic4dev.net\/wp-content\/uploads\/2016\/12\/1_popupladen-amberg-vorher-aussen-high-300x300.jpg 300w, https:\/\/magazinetest.atomic4dev.net\/wp-content\/uploads\/2016\/12\/1_popupladen-amberg-vorher-aussen-high-1024x1024.jpg 1024w\" sizes=\"auto, (max-width: 1476px) 100vw, 1476px\" \/><\/p>\n<p><img loading=\"lazy\" decoding=\"async\" class=\"alignnone size-full wp-image-10704\" src=\"http:\/\/magazinetest.atomic4dev.net\/wp-content\/uploads\/2016\/12\/2_popupladen-amberg-vorher-innen-high1.jpg\" alt=\"2_popupladen-amberg-vorher-innen-high\" width=\"1476\" height=\"1063\" srcset=\"https:\/\/magazinetest.atomic4dev.net\/wp-content\/uploads\/2016\/12\/2_popupladen-amberg-vorher-innen-high1.jpg 1476w, https:\/\/magazinetest.atomic4dev.net\/wp-content\/uploads\/2016\/12\/2_popupladen-amberg-vorher-innen-high1-300x216.jpg 300w, https:\/\/magazinetest.atomic4dev.net\/wp-content\/uploads\/2016\/12\/2_popupladen-amberg-vorher-innen-high1-1024x737.jpg 1024w\" sizes=\"auto, (max-width: 1476px) 100vw, 1476px\" \/><\/p>\n<p>Und dann? Kam lange nichts. Bis Marion im Herbst 2016 auf das Team des Amberger Labels <a href=\"https:\/\/i-am-free.de\" target=\"_blank\" rel=\"noopener\">I am free<\/a> stie\u00df und sie zu sich ins Studio einlud. Hinter dem Label steht ein Schwung junger Leute die \u00f6kologisch korrekte und nachhaltige Mode anbieten. Sie schilderte ihre Erfahrungen und sto\u00df die jungen Leute dazu an doch einen \u201eI am free Pop-Up Store\u201c zu er\u00f6ffnen, was dann auch prompt passierte. Die Gewerbebau Amberg stellte diesmal f\u00fcr eine Woche einen kleinen Raum eines brachliegenden Einkaufszentrums &#8211; dem FORUM in Amberg &#8211; zur Verf\u00fcgung. Mit einem gro\u00dfen Unterschied: mietfrei! Was urspr\u00fcnglich mal der Raum einer kleinen Reinigung war, wurde f\u00fcr eine Woche umfunktionierter \u201ePoint of Sale\u201c, was in Amberg richtig einschlug und dem Team rund um Julian Weishaupt (CFO von &#8222;<a href=\"http:\/\/www.onetz.de\/amberg-in-der-oberpfalz\/vermischtes\/das-junge-amberger-modelabel-i-am-free-bietet-oekologisch-korrekte-und-nachhaltige-mode-oeko-fashion-muss-nicht-langweilig-aussehen-d1693246.html\" target=\"_blank\" rel=\"noopener\">I am free<\/a>\u201c) gro\u00dfe Umsatzfreude bereitete.<\/p>\n<p><img loading=\"lazy\" decoding=\"async\" class=\"alignnone size-full wp-image-10705\" src=\"http:\/\/magazinetest.atomic4dev.net\/wp-content\/uploads\/2016\/12\/8_winterwunderland-popup3-high.jpg\" alt=\"8_winterwunderland-popup3-high\" width=\"1476\" height=\"2209\" srcset=\"https:\/\/magazinetest.atomic4dev.net\/wp-content\/uploads\/2016\/12\/8_winterwunderland-popup3-high.jpg 1476w, https:\/\/magazinetest.atomic4dev.net\/wp-content\/uploads\/2016\/12\/8_winterwunderland-popup3-high-200x300.jpg 200w, https:\/\/magazinetest.atomic4dev.net\/wp-content\/uploads\/2016\/12\/8_winterwunderland-popup3-high-684x1024.jpg 684w\" sizes=\"auto, (max-width: 1476px) 100vw, 1476px\" \/><\/p>\n<p>Nach diesem Erfolg sprang die \u00f6rtliche Gewerbebau vollends auf den Pop-Up Zug auf und bot die gleiche R\u00e4umlichkeit f\u00fcr weitere mietfreie einw\u00f6chige Nutzungen bis Weihnachten an. Eine echte Pop-Up Session! Das Ding machte so ziemlich seine Runde und landete nat\u00fcrlich auch bei Marion, die sich nicht zweimal bitten lie\u00df. Zuvor verkaufte dort ein solides Gewerbe \u201eDekobedarf rund ums Haus\u201c nach dem auch sie f\u00fcr eine Woche ihren Pop-Up Store Nr.3 \u00f6ffnete. Was keiner glaubte: Dass aus einer ehemaligen, alten Reinigung auch ein echt schicker Laden werden kann! Zusammen mit der K\u00fcnstlerin Nicole Matschiner pimpte sie den Raum auch optisch auf und kreierte das Winterwunderland voller Kunst, Design und feinen Dingen.<\/p>\n<p>Daran schlie\u00dft sich nahtlos <a href=\"http:\/\/www.lootraider.de\" target=\"_blank\" rel=\"noopener\">Lootraider<\/a> mit Geek- und Gamerartikeln an, die auch glatt die improvisierte M\u00f6blierung von Marion \u00fcbernahm. Als Nummer 4 und Abschluss der Pop-Up Session h\u00e4ngt sich <a href=\"http:\/\/www.migro-cosmetics.com\/\" target=\"_blank\" rel=\"noopener\">Migro Cosmetics<\/a> als Vollservice-Vertrieb in der Kosmetikbranche an. So funktionierte hier vor allem auch die Vernetzung unter den Kurzzeitnutzern reibungslos und der Nutzungsgedanke vergr\u00f6\u00dferte sich somit.<br \/>\nWas Marion als ehrgeiziges Projekt und erstes Experiment 2013 ins Leben rief, beginnt jetzt nach und nach in Amberg zu rollen. Ihr ist es wohl auch zu verdanken, dass \u201ePop-Up\u201c gerade auch in kleinen St\u00e4dten wie z.B. Amberg zwar langsam, aber mittlerweile bewusster auch zum Instrument der sinnvollen Leerstandsnutzung wird und vor allem f\u00fcr frischen Wind in den Einkaufsstra\u00dfen sorgt. Selbst in der Provinz.<\/p>\n<p>Marion: Pop-Up Pionierin in Amberg\/Opf., arbeitet selbst\u00e4ndig im eigenem Designstudio mit integriertem Ladenverkauf (Conceptstore) und hat das Label Provintzst\u00fcck f\u00fcr Wohntextilien und Accessoires gegr\u00fcndet. Sie schert sich nichts um Klischees zwischen Land und Stadt und sieht im Pop up-Verkauf auch Chancen f\u00fcr den eher im l\u00e4ndlichen Raum liegenden Einzelhandel.<\/p>\n<p><b>Get in touch:<\/b><\/p>\n<div>\n<p class=\"p2\"><span class=\"s1\"><a href=\"http:\/\/www.designstudio-untermpult.de\" rel=\"noopener\">designstudio-untermpult.de<\/a><\/span><\/p>\n<p class=\"p2\"><span class=\"s1\"><a href=\"https:\/\/www.provintzstueck.de\" rel=\"noopener\">provintzstueck.de<\/a><\/span><\/p>\n<p class=\"p2\"><span class=\"s1\"><a href=\"https:\/\/www.facebook.de\/PopupstoresAmberg\/\" rel=\"noopener\">facebook.de\/popupstoresamberg<\/a><\/span><\/p>\n<\/div>\n<p>&nbsp;<\/p>\n","protected":false},"excerpt":{"rendered":"<p>Gastbeitrag von Marion Stiegler. Gerade weil man es dort nicht erwartet, ist es umso \u00fcberraschender: In dem St\u00e4dtchen Amberg in der Oberpfalz l\u00e4uft eine echte Pop-Up Session! Bis Weihnachten wurde ein kleiner Space eines lange leerstehenden ehemaligen Einkaufszentrums Woche f\u00fcr Woche mit Pop up Stores belebt. Aber mal zur\u00fcckgespult. Wie kommt es, dass Pop up\u00b4s in eher l\u00e4ndlichen Gebieten und Kleinst\u00e4dten wie Amberg aufschie\u00dfen? Nicht ganz unbeteiligt daran ist Designerin und Grafikerin Marion Stiegler. Eigentlich Landei, aber mit erfrischender und echt offener Haltung. Sie hatte bereits 2014 den Mut den 1. Pop up Store in Amberg zu er\u00f6ffnen, um ihr [&hellip;]<\/p>\n","protected":false},"author":1,"featured_media":10703,"comment_status":"closed","ping_status":"closed","sticky":false,"template":"","format":"standard","meta":{"footnotes":""},"categories":[],"tags":[],"class_list":["post-10693","post","type-post","status-publish","format-standard","has-post-thumbnail","hentry"],"_links":{"self":[{"href":"https:\/\/magazinetest.atomic4dev.net\/de\/wp-json\/wp\/v2\/posts\/10693","targetHints":{"allow":["GET"]}}],"collection":[{"href":"https:\/\/magazinetest.atomic4dev.net\/de\/wp-json\/wp\/v2\/posts"}],"about":[{"href":"https:\/\/magazinetest.atomic4dev.net\/de\/wp-json\/wp\/v2\/types\/post"}],"author":[{"embeddable":true,"href":"https:\/\/magazinetest.atomic4dev.net\/de\/wp-json\/wp\/v2\/users\/1"}],"replies":[{"embeddable":true,"href":"https:\/\/magazinetest.atomic4dev.net\/de\/wp-json\/wp\/v2\/comments?post=10693"}],"version-history":[{"count":1,"href":"https:\/\/magazinetest.atomic4dev.net\/de\/wp-json\/wp\/v2\/posts\/10693\/revisions"}],"predecessor-version":[{"id":19898,"href":"https:\/\/magazinetest.atomic4dev.net\/de\/wp-json\/wp\/v2\/posts\/10693\/revisions\/19898"}],"wp:featuredmedia":[{"embeddable":true,"href":"https:\/\/magazinetest.atomic4dev.net\/de\/wp-json\/wp\/v2\/media\/10703"}],"wp:attachment":[{"href":"https:\/\/magazinetest.atomic4dev.net\/de\/wp-json\/wp\/v2\/media?parent=10693"}],"wp:term":[{"taxonomy":"category","embeddable":true,"href":"https:\/\/magazinetest.atomic4dev.net\/de\/wp-json\/wp\/v2\/categories?post=10693"},{"taxonomy":"post_tag","embeddable":true,"href":"https:\/\/magazinetest.atomic4dev.net\/de\/wp-json\/wp\/v2\/tags?post=10693"}],"curies":[{"name":"wp","href":"https:\/\/api.w.org\/{rel}","templated":true}]}}